{"id":234543,"date":"2025-07-08T07:14:09","date_gmt":"2025-07-08T07:14:09","guid":{"rendered":"https:\/\/www.europesays.com\/fr\/234543\/"},"modified":"2025-07-08T07:14:09","modified_gmt":"2025-07-08T07:14:09","slug":"ses-lunettes-en-plastique-recycle-nettoient-les-calanques-a-marseille","status":"publish","type":"post","link":"https:\/\/www.europesays.com\/fr\/234543\/","title":{"rendered":"Ses lunettes en plastique recycl\u00e9 nettoient&#8230; les calanques \u00e0 Marseille"},"content":{"rendered":"<p class=\"paragraph text_align_left lp-f-body-02\">Styl\u00e9es et recycl\u00e9es ! Les lunettes de soleil de la marque Cyel, tout juste lanc\u00e9e par le marseillais Sandro Cohn, 23 ans seulement, prot\u00e8gent de la luminosit\u00e9 mais <a href=\"https:\/\/www.leparisien.fr\/bouches-du-rhone-13\/arsenic-plomb-zinc-letat-condamne-a-depolluer-des-sites-industriels-dans-les-calanques-de-marseille-06-01-2025-I3HEYPVVRVEEPBLMCBVWDKPIUU.php\" target=\"_blank\" rel=\"noreferrer noopener\">prot\u00e8gent aussi\u2026 les calanques<\/a> ! Les montures pens\u00e9es par cet \u00e9tudiant de \u00ab l\u2019\u00e9cole entrepreneuriale \u00bb du campus Kedge de Luminy \u00e0 Marseille sont fabriqu\u00e9es \u00e0 partir de bouteilles ramass\u00e9es sur le littoral par l\u2019association \u00ab Clean my calanques \u00bb, pour laquelle Sandro Cohn est b\u00e9n\u00e9vole, recycl\u00e9es en billes de plastique \u00e0 Dijon (C\u00f4te d\u2019Or) avant d\u2019\u00eatre moul\u00e9es dans une usine \u00e0 Oyonnax dans l\u2019Ain.<\/p>\n<p class=\"paragraph text_align_left lp-f-body-02\">\u00ab C\u2019est en voyant <a href=\"https:\/\/www.leparisien.fr\/societe\/dans-les-calanques-de-cassis-des-pirates-a-l-assaut-des-dechets-29-07-2018-7837176.php\" target=\"_blank\" rel=\"noreferrer noopener\">une bouteille par terre<\/a> alors que je faisais un jogging dans les calanques \u00e0 Cassis que l\u2019id\u00e9e m\u2019est venue \u00bb, raconte le jeune entrepreneur qui a choisi de privil\u00e9gier le made in France sur toute la cha\u00eene de fabrication.<\/p>\n","protected":false},"excerpt":{"rendered":"Styl\u00e9es et recycl\u00e9es ! Les lunettes de soleil de la marque Cyel, tout juste lanc\u00e9e par le marseillais&hellip;\n","protected":false},"author":2,"featured_media":234544,"comment_status":"","ping_status":"","sticky":false,"template":"","format":"standard","meta":{"footnotes":""},"categories":[2814],"tags":[1111,917,11,11004,459,1777,674,1011,27,3746,884,12,882,25],"class_list":{"0":"post-234543","1":"post","2":"type-post","3":"status-publish","4":"format-standard","5":"has-post-thumbnail","7":"category-marseille","8":"tag-actu","9":"tag-actu-locale","10":"tag-actualites","11":"tag-bouches-du-rhone-13","12":"tag-departements-horsidfo","13":"tag-eu","14":"tag-europe","15":"tag-fr","16":"tag-france","17":"tag-futurs","18":"tag-marseille","19":"tag-news","20":"tag-provence-alpes-cote-dazur","21":"tag-republique-francaise"},"share_on_mastodon":{"url":"https:\/\/pubeurope.com\/@fr\/114816382714419741","error":""},"_links":{"self":[{"href":"https:\/\/www.europesays.com\/fr\/wp-json\/wp\/v2\/posts\/234543","targetHints":{"allow":["GET"]}}],"collection":[{"href":"https:\/\/www.europesays.com\/fr\/wp-json\/wp\/v2\/posts"}],"about":[{"href":"https:\/\/www.europesays.com\/fr\/wp-json\/wp\/v2\/types\/post"}],"author":[{"embeddable":true,"href":"https:\/\/www.europesays.com\/fr\/wp-json\/wp\/v2\/users\/2"}],"replies":[{"embeddable":true,"href":"https:\/\/www.europesays.com\/fr\/wp-json\/wp\/v2\/comments?post=234543"}],"version-history":[{"count":0,"href":"https:\/\/www.europesays.com\/fr\/wp-json\/wp\/v2\/posts\/234543\/revisions"}],"wp:featuredmedia":[{"embeddable":true,"href":"https:\/\/www.europesays.com\/fr\/wp-json\/wp\/v2\/media\/234544"}],"wp:attachment":[{"href":"https:\/\/www.europesays.com\/fr\/wp-json\/wp\/v2\/media?parent=234543"}],"wp:term":[{"taxonomy":"category","embeddable":true,"href":"https:\/\/www.europesays.com\/fr\/wp-json\/wp\/v2\/categories?post=234543"},{"taxonomy":"post_tag","embeddable":true,"href":"https:\/\/www.europesays.com\/fr\/wp-json\/wp\/v2\/tags?post=234543"}],"curies":[{"name":"wp","href":"https:\/\/api.w.org\/{rel}","templated":true}]}}