{"id":234545,"date":"2025-07-08T07:15:19","date_gmt":"2025-07-08T07:15:19","guid":{"rendered":"https:\/\/www.europesays.com\/fr\/234545\/"},"modified":"2025-07-08T07:15:19","modified_gmt":"2025-07-08T07:15:19","slug":"avec-papote-la-seconde-main-a-trouve-son-qg-a-lyon","status":"publish","type":"post","link":"https:\/\/www.europesays.com\/fr\/234545\/","title":{"rendered":"Avec Papote, la seconde main a trouv\u00e9 son QG \u00e0 Lyon"},"content":{"rendered":"<p itemprop=\"description\"><strong>La seconde main n\u2019a jamais \u00e9t\u00e9 aussi populaire \u00e0 Lyon.<\/strong><\/p>\n<p>Au rayon des d\u00e9p\u00f4ts-ventes d\u2019occasion, un petit nouveau vient de voir le jour \u00e0 Lyon avec un nom qui ne passe pas inaper\u00e7u. <strong>Estelle Bourin<\/strong> et <strong>Mathilda Lohse<\/strong> ont lanc\u00e9 il y a quelques semaines Papote qu\u2019elles pr\u00e9sentent comme une nouvelle boutique lyonnaise pas comme les autres.<\/p>\n<p>Le d\u00e9p\u00f4t-vente propose en effet \u00ab\u00a0une s\u00e9lection contemporaine et color\u00e9e en seconde main\u00a0\u00bb principalement pour les femmes et en d\u00e9veloppement chez les hommes. \u00ab\u00a0On s\u00e9lectionne nos pi\u00e8ces d\u2019un \u0153il assez assidu. On fait extr\u00eamement attention au moindre d\u00e9tail\u00a0\u00bb, assure le bin\u00f4me de copines passionn\u00e9es par la seconde main.<\/p>\n<p>Si Papote n\u2019a pas encore son propre magasin \u00e0 Lyon (mais l\u2019esp\u00e8re prochainement), le concept partage les rayons de la boutique Clothe2Me \u00e0 deux pas de la place Bellecour dans le 2e arrondissement avec au bout \u00ab\u00a0un grand QG de la seconde main\u00a0\u00bb.<\/p>\n<p>Estelle Bourin et Mathilda Lohse tiennent \u00e9galement \u00e0 faire conna\u00eetre leur d\u00e9p\u00f4t-vente en organisant des \u00e9v\u00e8nements dans d\u2019autres lieux lyonnais. C\u2019est par exemple le cas du c\u00f4t\u00e9 du restaurant The Hill Club pr\u00e8s de Perrache. \u00ab\u00a0\u00c7a nous permet aussi de tester des arrondissements pour notre future boutique\u00a0\u00bb, insistent les deux fondatrices de Papote qui insistent sur une s\u00e9lection compl\u00e9tant \u00ab\u00a0des looks classiques\u00a0\u00bb.<\/p>\n<p>A noter qu\u2019une nocturne est pr\u00e9vue au mois de juillet afin de permettre une nouvelle fois aux Lyonnaises de faire une nouvelle fois d\u00e9couvrir le concept.<\/p>\n<blockquote class=\"instagram-media\" style=\"background: #FFF; border: 0; border-radius: 3px; box-shadow: 0 0 1px 0 rgba(0,0,0,0.5),0 1px 10px 0 rgba(0,0,0,0.15); margin: 1px; max-width: 540px; min-width: 326px; padding: 0; width: calc(100% - 2px);\" data-instgrm-captioned=\"\" data-instgrm-permalink=\"https:\/\/www.instagram.com\/reel\/DLnO5qqobqU\/?utm_source=ig_embed&amp;utm_campaign=loading\" data-instgrm-version=\"14\"><p>&#13;<br \/>\n&#13;\n<\/p><\/blockquote>\n<p>\t\t  <script async src=\"\/\/www.instagram.com\/embed.js\"><\/script><\/p>\n","protected":false},"excerpt":{"rendered":"La seconde main n\u2019a jamais \u00e9t\u00e9 aussi populaire \u00e0 Lyon. Au rayon des d\u00e9p\u00f4ts-ventes d\u2019occasion, un petit nouveau&hellip;\n","protected":false},"author":2,"featured_media":234546,"comment_status":"","ping_status":"","sticky":false,"template":"","format":"standard","meta":{"footnotes":""},"categories":[1889],"tags":[1111,11,2813,2190,2430,1109,251,1112,2811,1777,674,118,1294,4651,1011,27,1922,1110,1114,2428,4903,4902,12,241,316,25,2812,517,800],"class_list":{"0":"post-234545","1":"post","2":"type-post","3":"status-publish","4":"format-standard","5":"has-post-thumbnail","7":"category-lyon","8":"tag-actu","9":"tag-actualites","10":"tag-article","11":"tag-asvel","12":"tag-auvergne-rhone-alpes","13":"tag-breves","14":"tag-culture","15":"tag-depeches","16":"tag-economique","17":"tag-eu","18":"tag-europe","19":"tag-faits-divers","20":"tag-femme","21":"tag-femmes","22":"tag-fr","23":"tag-france","24":"tag-info","25":"tag-informations","26":"tag-infos","27":"tag-lyon","28":"tag-lyonfemme","29":"tag-lyonfemmes","30":"tag-news","31":"tag-ol","32":"tag-politique","33":"tag-republique-francaise","34":"tag-sociale","35":"tag-sport","36":"tag-transports"},"share_on_mastodon":{"url":"https:\/\/pubeurope.com\/@fr\/114816386737844887","error":""},"_links":{"self":[{"href":"https:\/\/www.europesays.com\/fr\/wp-json\/wp\/v2\/posts\/234545","targetHints":{"allow":["GET"]}}],"collection":[{"href":"https:\/\/www.europesays.com\/fr\/wp-json\/wp\/v2\/posts"}],"about":[{"href":"https:\/\/www.europesays.com\/fr\/wp-json\/wp\/v2\/types\/post"}],"author":[{"embeddable":true,"href":"https:\/\/www.europesays.com\/fr\/wp-json\/wp\/v2\/users\/2"}],"replies":[{"embeddable":true,"href":"https:\/\/www.europesays.com\/fr\/wp-json\/wp\/v2\/comments?post=234545"}],"version-history":[{"count":0,"href":"https:\/\/www.europesays.com\/fr\/wp-json\/wp\/v2\/posts\/234545\/revisions"}],"wp:featuredmedia":[{"embeddable":true,"href":"https:\/\/www.europesays.com\/fr\/wp-json\/wp\/v2\/media\/234546"}],"wp:attachment":[{"href":"https:\/\/www.europesays.com\/fr\/wp-json\/wp\/v2\/media?parent=234545"}],"wp:term":[{"taxonomy":"category","embeddable":true,"href":"https:\/\/www.europesays.com\/fr\/wp-json\/wp\/v2\/categories?post=234545"},{"taxonomy":"post_tag","embeddable":true,"href":"https:\/\/www.europesays.com\/fr\/wp-json\/wp\/v2\/tags?post=234545"}],"curies":[{"name":"wp","href":"https:\/\/api.w.org\/{rel}","templated":true}]}}