{"id":234547,"date":"2025-07-08T07:16:17","date_gmt":"2025-07-08T07:16:17","guid":{"rendered":"https:\/\/www.europesays.com\/fr\/234547\/"},"modified":"2025-07-08T07:16:17","modified_gmt":"2025-07-08T07:16:17","slug":"lyon-en-ligue-2-lappel-de-lol-examine-ce-mercredi-9-juillet","status":"publish","type":"post","link":"https:\/\/www.europesays.com\/fr\/234547\/","title":{"rendered":"Lyon en Ligue\u00a02\u00a0: l\u2019appel de l\u2019OL examin\u00e9 ce mercredi 9\u00a0juillet"},"content":{"rendered":"<p class=\"paragraph text_align_left lp-f-body-02\">L\u2019enjeu est colossal : sauver sa place en <a href=\"https:\/\/www.leparisien.fr\/sports\/football\/ligue-1\/\" target=\"_blank\" rel=\"noreferrer nofollow noopener\">Ligue 1<\/a>. L\u2019audition de l\u2019Olympique lyonnais devant la commission d\u2019appel de la DNCG au sujet de <a href=\"https:\/\/www.leparisien.fr\/sports\/football\/ligue-1\/football-coup-de-tonnerre-lolympique-lyonnais-relegue-en-ligue-2-par-la-dncg-24-06-2025-RFBIOIV4XNCS3HKSY5MDJIEQPY.php\" target=\"_blank\" rel=\"noreferrer nofollow noopener\">sa rel\u00e9gation en Ligue 2<\/a> se d\u00e9roulera le mercredi 9 juillet, a appris l\u2019AFP d\u2019une source proche de la F\u00e9d\u00e9ration fran\u00e7aise de football.<\/p>\n<p class=\"paragraph text_align_left lp-f-body-02\">La d\u00e9cision sera rendue le jour m\u00eame, a-t-on pr\u00e9cis\u00e9 de m\u00eame source.<\/p>\n<p class=\"paragraph text_align_left lp-f-body-02\">La direction nationale de contr\u00f4le et de gestion (DNCG) avait prononc\u00e9 le 24 juin la r\u00e9trogradation administrative de l\u2019OL en Ligue 2. Le club a fait appel devant la commission d\u2019appel f\u00e9d\u00e9rale.<\/p>\n<p class=\"paragraph text_align_left lp-f-body-02\">Depuis le patron de la holding Eagle Football, <a href=\"https:\/\/www.leparisien.fr\/sports\/football\/ligue-1\/lyon-demission-de-john-textor-lamericaine-michelle-kang-nommee-presidente-de-lol-30-06-2025-HMXX4TKA7BED7HYOFAVWVXNQ34.php\" target=\"_blank\" rel=\"noreferrer nofollow noopener\">John Textor<\/a>, qui n\u2019a pas r\u00e9ussi lors des trois pr\u00e9c\u00e9dentes auditions devant le gendarme du football fran\u00e7ais \u00e0 d\u00e9montrer la solidit\u00e9 de son syst\u00e8me de multipropri\u00e9t\u00e9 de clubs, a d\u00e9cid\u00e9 de se mettre en retrait du club septuple champion de France.<\/p>\n<p>Son avenir europ\u00e9en \u00e9galement en suspens<\/p>\n<p class=\"paragraph text_align_left lp-f-body-02\">C\u2019est <a href=\"https:\/\/www.leparisien.fr\/sports\/football\/ligue-1\/milliardaire-et-mecene-du-sport-feminin-qui-est-michele-kang-nouvelle-presidente-de-lol-30-06-2025-ROIESK2JV5CX3BAGQTTHCVB6AE.php\" target=\"_blank\" rel=\"noreferrer nofollow noopener\">Michele Kang<\/a>, d\u00e9j\u00e0 propri\u00e9taire de l\u2019\u00e9quipe f\u00e9minine OL Lyonnes, qui a pris la direction du club masculin accompagn\u00e9e de l\u2019Allemand Michael Gerlinger, nomm\u00e9 directeur g\u00e9n\u00e9ral.<\/p>\n<p class=\"paragraph text_align_left lp-f-body-02\">Selon une source proche du dossier, la raison de la r\u00e9trogradation se situe dans la r\u00e9partition des sommes inject\u00e9es par la multipropri\u00e9t\u00e9 Eagle Football Holding. L\u2019enjeu pour l\u2019OL est de r\u00e9unir l\u2019argent manquant, de le mettre au bon endroit, sur un compte d\u00e9di\u00e9 au club rhodanien en l\u2019occurrence, et de montrer patte blanche.<\/p>\n<p class=\"paragraph text_align_left lp-f-body-02\">La d\u00e9cision rendue mercredi p\u00e8se \u00e9galement sur le destin europ\u00e9en de l\u2019OL. S\u2019il est maintenu en L1, il devrait pouvoir jouer la Ligue Europa, une fois que l\u2019UEFA aura \u00e9tudi\u00e9 la question de la multipropri\u00e9t\u00e9 avec Crystal Palace, \u00e9galement qualifi\u00e9 pour cette comp\u00e9tition.<\/p>\n<p class=\"paragraph text_align_left lp-f-body-02\">Eagle a annonc\u00e9 la prochaine vente de ses parts dans le club londonien. Si l\u2019OL descend en L2, sa place reviendra \u00e0 Strasbourg, et celle de Strasbourg en Ligue Conf\u00e9rence reviendra \u00e0 Lens.<\/p>\n","protected":false},"excerpt":{"rendered":"L\u2019enjeu est colossal : sauver sa place en Ligue 1. L\u2019audition de l\u2019Olympique lyonnais devant la commission d\u2019appel&hellip;\n","protected":false},"author":2,"featured_media":234548,"comment_status":"","ping_status":"","sticky":false,"template":"","format":"standard","meta":{"footnotes":""},"categories":[1889],"tags":[1111,11,2430,1777,674,63,1011,27,66,2428,12,25,60],"class_list":{"0":"post-234547","1":"post","2":"type-post","3":"status-publish","4":"format-standard","5":"has-post-thumbnail","7":"category-lyon","8":"tag-actu","9":"tag-actualites","10":"tag-auvergne-rhone-alpes","11":"tag-eu","12":"tag-europe","13":"tag-football","14":"tag-fr","15":"tag-france","16":"tag-ligue-1","17":"tag-lyon","18":"tag-news","19":"tag-republique-francaise","20":"tag-sports"},"share_on_mastodon":{"url":"https:\/\/pubeurope.com\/@fr\/114816390524263424","error":""},"_links":{"self":[{"href":"https:\/\/www.europesays.com\/fr\/wp-json\/wp\/v2\/posts\/234547","targetHints":{"allow":["GET"]}}],"collection":[{"href":"https:\/\/www.europesays.com\/fr\/wp-json\/wp\/v2\/posts"}],"about":[{"href":"https:\/\/www.europesays.com\/fr\/wp-json\/wp\/v2\/types\/post"}],"author":[{"embeddable":true,"href":"https:\/\/www.europesays.com\/fr\/wp-json\/wp\/v2\/users\/2"}],"replies":[{"embeddable":true,"href":"https:\/\/www.europesays.com\/fr\/wp-json\/wp\/v2\/comments?post=234547"}],"version-history":[{"count":0,"href":"https:\/\/www.europesays.com\/fr\/wp-json\/wp\/v2\/posts\/234547\/revisions"}],"wp:featuredmedia":[{"embeddable":true,"href":"https:\/\/www.europesays.com\/fr\/wp-json\/wp\/v2\/media\/234548"}],"wp:attachment":[{"href":"https:\/\/www.europesays.com\/fr\/wp-json\/wp\/v2\/media?parent=234547"}],"wp:term":[{"taxonomy":"category","embeddable":true,"href":"https:\/\/www.europesays.com\/fr\/wp-json\/wp\/v2\/categories?post=234547"},{"taxonomy":"post_tag","embeddable":true,"href":"https:\/\/www.europesays.com\/fr\/wp-json\/wp\/v2\/tags?post=234547"}],"curies":[{"name":"wp","href":"https:\/\/api.w.org\/{rel}","templated":true}]}}