{"id":234558,"date":"2025-07-08T07:22:10","date_gmt":"2025-07-08T07:22:10","guid":{"rendered":"https:\/\/www.europesays.com\/fr\/234558\/"},"modified":"2025-07-08T07:22:10","modified_gmt":"2025-07-08T07:22:10","slug":"paris-plages-netflix-installe-un-club-de-plage-version-mercredi-addams","status":"publish","type":"post","link":"https:\/\/www.europesays.com\/fr\/234558\/","title":{"rendered":"Paris-Plages\u00a0: Netflix installe un club de plage version \u00ab\u00a0Mercredi Addams\u00a0\u00bb"},"content":{"rendered":"<p class=\"paragraph text_align_left lp-f-body-02\">Oubliez les parasols multicolores et la musique d\u2019ambiance fa\u00e7on Copacabana ! Cet \u00e9t\u00e9, Paris Plages offre sur l\u2019un de ses cinq sites une version \u00ab d\u00e9licieusement macabre d\u2019un Beach Club estival, plus sombre et plus \u00e9trange \u00bb, annonce la Ville de Paris.<\/p>\n<p class=\"paragraph text_align_left lp-f-body-02\">Du 1er au 31 ao\u00fbt, <a href=\"https:\/\/www.leparisien.fr\/culture-loisirs\/netflix\/\" target=\"_blank\" rel=\"noreferrer nofollow noopener\">Netflix<\/a> et la Ville de Paris installent sur la Promenade \u00c9douard Glissant (Paris VIIe) le \u00ab Beach Club de <a href=\"https:\/\/www.leparisien.fr\/culture-loisirs\/series\/mercredi-sur-netflix-tim-burton-ressuscite-la-famille-addams-19-11-2022-NNNIWNSUVVHBTCRMHXWA3JUZFI.php\" target=\"_blank\" rel=\"noreferrer nofollow noopener\">Mercredi<\/a> \u00bb, un espace g\u00e9ant d\u00e9di\u00e9 \u00e0 la <a href=\"https:\/\/www.leparisien.fr\/culture-loisirs\/series\/mercredi-cartonne-sur-netflix-qui-est-jenna-ortega-la-revelation-de-la-serie-15-12-2022-K7BVELCQDNGGNOMJ7IIURW44BU.php\" target=\"_blank\" rel=\"noreferrer nofollow noopener\">s\u00e9rie ph\u00e9nom\u00e8ne<\/a> des cr\u00e9ateurs Alfred Gough et Miles Millardans dans un cadre aussi \u00ab inattendu que m\u00e9morable \u00bb avance Netflix.<\/p>\n<p class=\"paragraph text_align_left lp-f-body-02\">Sur 1 000 m2, les visiteurs vont d\u00e9couvrir un d\u00e9cor inspir\u00e9 de ce carton plan\u00e9taire r\u00e9alis\u00e9 par Tim Burton avec des transats version dark, un terrain de beach-volley, et m\u00eame des tables de ping-pong dignes de l\u2019Acad\u00e9mie Nevermore ou encore un photobooth.<\/p>\n<p class=\"paragraph text_align_left lp-f-body-02\">Le tout gratuit et ouvert \u00e0 tous. \u00ab Chaque activit\u00e9 reprend directement les codes visuels et l\u2019humour mordant embl\u00e9matique de la s\u00e9rie, pour un contraste assum\u00e9 entre d\u00e9tente estivale et ambiance sombre \u00bb, confie le g\u00e9ant du streaming.<\/p>\n<p>Bingo drag, cosplay, acupression\u2026<\/p>\n<p class=\"paragraph text_align_left lp-f-body-02\">La plateforme de streaming voit les choses en grand. Et pour cause : \u00ab Mercredi \u00bb cartonne. Avec plus de 252 millions de vues, la s\u00e9rie est devenue la plus regard\u00e9e en langue anglaise de l\u2019histoire de la plateforme. La jeune Jenna Ortega, qui incarne l\u2019h\u00e9ro\u00efne \u00e0 l\u2019humour mordant, est m\u00eame devenue une star mondiale en quelques semaines.<\/p>\n<p class=\"paragraph text_align_left lp-f-body-02\">Les familles ne sont pas oubli\u00e9es puisqu\u2019un espace sp\u00e9cial attend les enfants. Il permettra aux plus jeunes de participer \u00e0 l\u2019exp\u00e9rience, \u00ab dans un cadre adapt\u00e9 et ludique \u00bb. Selon les informations d\u00e9voil\u00e9es par la municipalit\u00e9, les surprises et activit\u00e9s vont se multiplier pendant tout le mois d\u2019ao\u00fbt.<\/p>\n<p class=\"paragraph text_align_left lp-f-body-02\">Au programme : animations, visionnage du programme, s\u00e9ance d\u2019acupression, concert de violoncelle, bingo drag ou encore concours de cosplay et animation photo. Le tout sera annonc\u00e9 au fur et \u00e0 mesure sur la page \u00ab Que Faire \u00e0 Paris \u00bb.<\/p>\n<p class=\"paragraph text_align_left lp-f-body-02\">Cette installation arrive \u00e0 point nomm\u00e9. La saison 2 de \u00ab Mercredi \u00bb<a href=\"https:\/\/www.leparisien.fr\/culture-loisirs\/series\/mercredi-lady-gaga-au-casting-de-la-saison-2-de-la-serie-netflix-14-11-2024-WFA53W5T3VGZPE2A5VA3NC6AJM.php\" target=\"_blank\" rel=\"noreferrer nofollow noopener\"> est en pr\u00e9paration<\/a> et les fans pourront en d\u00e9couvrir la premi\u00e8re partie d\u00e8s le 6 ao\u00fbt. Alors que les rumeurs allaient bon train sur le casting, il a m\u00eame \u00e9t\u00e9 confirm\u00e9 que la chanteuse Lady Gaga rejoindrait officiellement l\u2019aventure.<\/p>\n","protected":false},"excerpt":{"rendered":"Oubliez les parasols multicolores et la musique d\u2019ambiance fa\u00e7on Copacabana ! Cet \u00e9t\u00e9, Paris Plages offre sur l\u2019un&hellip;\n","protected":false},"author":2,"featured_media":234559,"comment_status":"","ping_status":"","sticky":false,"template":"","format":"standard","meta":{"footnotes":""},"categories":[1888],"tags":[11,1777,674,1011,27,1944,12,626,25],"class_list":{"0":"post-234558","1":"post","2":"type-post","3":"status-publish","4":"format-standard","5":"has-post-thumbnail","7":"category-paris","8":"tag-actualites","9":"tag-eu","10":"tag-europe","11":"tag-fr","12":"tag-france","13":"tag-ma-ville","14":"tag-news","15":"tag-paris","16":"tag-republique-francaise"},"share_on_mastodon":{"url":"https:\/\/pubeurope.com\/@fr\/114816414331410980","error":""},"_links":{"self":[{"href":"https:\/\/www.europesays.com\/fr\/wp-json\/wp\/v2\/posts\/234558","targetHints":{"allow":["GET"]}}],"collection":[{"href":"https:\/\/www.europesays.com\/fr\/wp-json\/wp\/v2\/posts"}],"about":[{"href":"https:\/\/www.europesays.com\/fr\/wp-json\/wp\/v2\/types\/post"}],"author":[{"embeddable":true,"href":"https:\/\/www.europesays.com\/fr\/wp-json\/wp\/v2\/users\/2"}],"replies":[{"embeddable":true,"href":"https:\/\/www.europesays.com\/fr\/wp-json\/wp\/v2\/comments?post=234558"}],"version-history":[{"count":0,"href":"https:\/\/www.europesays.com\/fr\/wp-json\/wp\/v2\/posts\/234558\/revisions"}],"wp:featuredmedia":[{"embeddable":true,"href":"https:\/\/www.europesays.com\/fr\/wp-json\/wp\/v2\/media\/234559"}],"wp:attachment":[{"href":"https:\/\/www.europesays.com\/fr\/wp-json\/wp\/v2\/media?parent=234558"}],"wp:term":[{"taxonomy":"category","embeddable":true,"href":"https:\/\/www.europesays.com\/fr\/wp-json\/wp\/v2\/categories?post=234558"},{"taxonomy":"post_tag","embeddable":true,"href":"https:\/\/www.europesays.com\/fr\/wp-json\/wp\/v2\/tags?post=234558"}],"curies":[{"name":"wp","href":"https:\/\/api.w.org\/{rel}","templated":true}]}}