{"id":234560,"date":"2025-07-08T07:23:11","date_gmt":"2025-07-08T07:23:11","guid":{"rendered":"https:\/\/www.europesays.com\/fr\/234560\/"},"modified":"2025-07-08T07:23:11","modified_gmt":"2025-07-08T07:23:11","slug":"russie-que-sait-on-de-lex-ministre-de-vladimir-poutine-retrouve-mort-dans-sa-tesla","status":"publish","type":"post","link":"https:\/\/www.europesays.com\/fr\/234560\/","title":{"rendered":"Russie. Que sait-on de l&rsquo;ex-ministre de Vladimir Poutine retrouv\u00e9 mort dans sa Tesla\u00a0?"},"content":{"rendered":"<p>Tout est all\u00e9 tr\u00e8s vite : \u00ab Roman Vladimirovich Starovo\u00eft est relev\u00e9 du poste de ministre des Transports de la F\u00e9d\u00e9ration de Russie. Le pr\u00e9sent d\u00e9cret entre en vigueur \u00e0 compter de la date de sa signature\u00a0\u00bb peut-on lire <a href=\"http:\/\/kremlin.ru\/catalog\/persons\/583\/events\/77374\" target=\"_blank\" rel=\"nofollow noopener\">dans le d\u00e9cret pr\u00e9sidentiel n\u00b0448<\/a> mis en ligne ce lundi \u00e0 10h15 (heure fran\u00e7aise) sur le site officiel du Kremlin.<\/p>\n<p>Cinq heures plus tard, <a href=\"https:\/\/tass.com\/emergencies\/1986483\" target=\"_blank\" rel=\"nofollow noopener\">l&rsquo;agence Tass<\/a> a annonc\u00e9, avec d&rsquo;autres m\u00e9dias d\u2019\u00c9tat, que \u00ab\u00a0l&rsquo;ancien ministre russe des Transports s&rsquo;est suicid\u00e9\u00a0\u00bb. Que s&rsquo;est-il pass\u00e9 ?<\/p>\n<p>Retrouv\u00e9 mort dans sa voiture<\/p>\n<p>Selon la porte-parole officielle du Comit\u00e9 d&rsquo;enqu\u00eate russe, Roman Starovo\u00eft s&rsquo;est suicid\u00e9 par balle dans sa voiture personnelle &#8211; une Tesla Model X &#8211; \u00e0 Odintsovo, \u00e0 l&rsquo;ouest de Moscou. \u00ab\u00a0Les autorit\u00e9s d&rsquo;enqu\u00eate travaillent sur les lieux ; les circonstances de l&rsquo;\u00e9v\u00e9nement sont en train d&rsquo;\u00eatre d\u00e9termin\u00e9es. Le suicide est la premi\u00e8re version\u00a0\u00bb, a-t-elle ajout\u00e9.<\/p>\n<p>Ce contenu est bloqu\u00e9 car vous n&rsquo;avez pas accept\u00e9 les cookies et autres traceurs.<\/p>\n<p>En cliquant sur \u00ab J\u2019accepte \u00bb, les cookies et autres traceurs seront d\u00e9pos\u00e9s et vous pourrez visualiser les contenus  (<a href=\"\" class=\"consentModule_policy\" target=\"_blank\" title=\"Consulter la politique de protection des donn\u00e9es du fournisseur\">plus d&rsquo;informations<\/a>).<\/p>\n<p>En cliquant sur \u00ab J\u2019accepte tous les cookies \u00bb, vous autorisez des d\u00e9p\u00f4ts de cookies et autres traceurs pour le stockage de vos donn\u00e9es sur nos sites et applications \u00e0 des fins de personnalisation et de ciblage publicitaire.<\/p>\n<p class=\"consentModule_secondaryText\">Vous gardez la possibilit\u00e9 de retirer votre consentement \u00e0 tout moment en consultant notre <a href=\"https:\/\/www.ledauphine.com\/protection-des-donnees\" target=\"_blank\" title=\"Consulter notre politique de protection des donn\u00e9es\" rel=\"nofollow noopener\">politique de protection des donn\u00e9es<\/a>. <br \/>&#13;<br \/>\n            <a href=\"https:\/\/www.ledauphine.com\/faits-divers-justice\/2025\/07\/08\/javascript:Didomi.notice.show()\" class=\"consentModule_cmp\" rel=\"nofollow noopener\" target=\"_blank\">G\u00e9rer mes choix<\/a>&#13;\n        <\/p>\n<p>&#13;<br \/>\n                        J&rsquo;accepte&#13;<br \/>\n            J&rsquo;accepte tous les cookies&#13;\n        <\/p>\n<p>Une enqu\u00eate a \u00e9t\u00e9 ouverte pour \u00ab \u00e9tablir \u00bb les \u00ab circonstances \u00bb exactes du d\u00e9c\u00e8s de l&rsquo;ancien ministre, a ajout\u00e9 cette institution charg\u00e9e des principales investigations en Russie. La date exacte de sa mort n&rsquo;a pour l&rsquo;heure pas \u00e9t\u00e9 pr\u00e9cis\u00e9e par les autorit\u00e9s.<\/p>\n<p>Roman Starovo\u00eft, 53 ans, avait \u00e9t\u00e9 nomm\u00e9 ministre des Transports en mai 2024. Il a \u00e9t\u00e9 remplac\u00e9 d\u00e8s lundi par son ex-adjoint, Andre\u00ef Nikitine, <a href=\"http:\/\/kremlin.ru\/events\/president\/news\/77376\" target=\"_blank\" rel=\"nofollow noopener\">que Vladimir Poutine a rencontr\u00e9 longuement<\/a> dans la foul\u00e9e de l&rsquo;annonce du limogeage de Starovo\u00eft.<\/p>\n<p>\u00ab J&rsquo;esp\u00e8re que vous mettrez toute votre \u00e9nergie, vos connaissances, vos comp\u00e9tences et vos talents d&rsquo;organisateur au service de la r\u00e9solution des t\u00e2ches les plus importantes qui se posent dans le domaine \u00bb des Transports, lui a-t-il dit.<\/p>\n<p>Le remplacement \u00ab est la d\u00e9cision du chef de l\u2019\u00c9tat \u00bb<\/p>\n<p>Interrog\u00e9 sur ce remplacement, le porte-parole de la pr\u00e9sidence russe, Dmitri Peskov, s&rsquo;est born\u00e9 \u00e0 dire que \u00ab c&rsquo;est la d\u00e9cision du chef de l\u2019\u00c9tat \u00bb. \u00ab Le d\u00e9cret ne contient pas l&rsquo;expression \u00ab\u00a0perte de confiance\u00a0\u00bb \u00bb, avait-il ajout\u00e9, balayant la question d&rsquo;un journaliste qui lui demandait si ce limogeage \u00e9tait li\u00e9 \u00e0 une disgr\u00e2ce du ministre.<\/p>\n<p>Le remplacement de Roman Starovo\u00eft intervient au moment o\u00f9 des a\u00e9roports russes sont soumis \u00e0 des fermetures temporaires r\u00e9p\u00e9t\u00e9es et co\u00fbteuses en raison <a href=\"https:\/\/www.ledauphine.com\/defense-guerre-conflit\/2025\/07\/03\/des-frappes-de-drones-ukrainiens-font-un-mort-et-plusieurs-blesses-en-russie\" target=\"_blank\" rel=\"nofollow noopener\">des attaques de drones ukrainiens<\/a>, men\u00e9es par Kiev en r\u00e9ponse \u00e0 l&rsquo;offensive russe \u00e0 grande \u00e9chelle sur son territoire depuis 2022.<\/p>\n<p>\u00ab Je vais d&rsquo;abord m&rsquo;occuper de la situation dans les a\u00e9roports \u00bb, a d&rsquo;ailleurs reconnu imm\u00e9diatement lundi le nouveau ministre Nikitine, cit\u00e9e par l&rsquo;agence de presse Ria Novosti.<\/p>\n<p>  Ancien gouverneur de la r\u00e9gion de Koursk<\/p>\n<p>Des m\u00e9dias russes ont aussi \u00e9voqu\u00e9 une hypoth\u00e8se selon laquelle le limogeage de Roman Starovo\u00eft, ancien\u00a0gouverneur de la r\u00e9gion de Koursk entre 2019 et 2024, est li\u00e9 \u00e0 de possibles affaires de corruption dans cette r\u00e9gion <a href=\"https:\/\/www.ledauphine.com\/defense-guerre-conflit\/2025\/06\/18\/la-coree-du-nord-va-envoyer-des-militaires-pour-reconstruire-la-region-de-koursk\" target=\"_blank\" rel=\"nofollow noopener\">occup\u00e9e pendant plusieurs mois par les forces ukrainiennes<\/a>. Le minist\u00e8re russe des Transports g\u00e8re aussi le dossier des travaux de construction et de r\u00e9novation des routes dans les territoires ukrainiens occup\u00e9s, dans un secteur o\u00f9 la corruption est courante.<\/p>\n<p>Les d\u00e9c\u00e8s suspects de hauts fonctionnaires ou de personnalit\u00e9s du monde des affaires <a href=\"https:\/\/www.ledauphine.com\/faits-divers-justice\/2022\/09\/07\/onze-morts-mysterieuses-de-dignitaires-en-7-mois-purge-coincidences-ou-reglements-de-compte\" target=\"_blank\" rel=\"nofollow noopener\">sont fr\u00e9quents en Russie<\/a>, sans que l&rsquo;on sache s&rsquo;il s&rsquo;agit d&rsquo;une purge \u00e0 la mani\u00e8re \u00ab sovi\u00e9tique\u00a0\u00bb. Souvent, un suicide est rapidement \u00e9voqu\u00e9 par les autorit\u00e9s.<\/p>\n<p class=\"insetTitle\">Le corps d&rsquo;un homme d&rsquo;affaires russe retrouv\u00e9 sur une autoroute<\/p>\n<p>Vendredi dernier, l&rsquo;homme d&rsquo;affaires russe Andrei Badalov, vice-pr\u00e9sident de Transneft, la plus grande soci\u00e9t\u00e9 d&rsquo;ol\u00e9oducs de Russie, est d\u00e9c\u00e9d\u00e9 apr\u00e8s, officiellement, \u00eatre tomb\u00e9 de la fen\u00eatre de son appartement \u00e0 Moscou.\u00a0<\/p>\n<p>Le corps de Badalov a \u00e9t\u00e9 d\u00e9couvert au pied d&rsquo;un immeuble r\u00e9sidentiel sur l&rsquo;autoroute Rublyovskoye. \u00ab\u00a0La cause pr\u00e9liminaire de la mort est un suicide\u00a0\u00bb, avaient, l\u00e0 aussi, indiqu\u00e9 des enqu\u00eateurs \u00e0 l&rsquo;agence TASS.<\/p>\n","protected":false},"excerpt":{"rendered":"Tout est all\u00e9 tr\u00e8s vite : \u00ab Roman Vladimirovich Starovo\u00eft est relev\u00e9 du poste de ministre des Transports&hellip;\n","protected":false},"author":2,"featured_media":234561,"comment_status":"","ping_status":"","sticky":false,"template":"","format":"standard","meta":{"footnotes":""},"categories":[1591],"tags":[11,274,1887,107,329,12,316,1885,1886,132],"class_list":{"0":"post-234560","1":"post","2":"type-post","3":"status-publish","4":"format-standard","5":"has-post-thumbnail","7":"category-russie","8":"tag-actualites","9":"tag-faits-divers-justice","10":"tag-federation-de-russie","11":"tag-fil-info","12":"tag-france-monde","13":"tag-news","14":"tag-politique","15":"tag-russia","16":"tag-russian-federation","17":"tag-russie"},"share_on_mastodon":{"url":"https:\/\/pubeurope.com\/@fr\/114816418010553300","error":""},"_links":{"self":[{"href":"https:\/\/www.europesays.com\/fr\/wp-json\/wp\/v2\/posts\/234560","targetHints":{"allow":["GET"]}}],"collection":[{"href":"https:\/\/www.europesays.com\/fr\/wp-json\/wp\/v2\/posts"}],"about":[{"href":"https:\/\/www.europesays.com\/fr\/wp-json\/wp\/v2\/types\/post"}],"author":[{"embeddable":true,"href":"https:\/\/www.europesays.com\/fr\/wp-json\/wp\/v2\/users\/2"}],"replies":[{"embeddable":true,"href":"https:\/\/www.europesays.com\/fr\/wp-json\/wp\/v2\/comments?post=234560"}],"version-history":[{"count":0,"href":"https:\/\/www.europesays.com\/fr\/wp-json\/wp\/v2\/posts\/234560\/revisions"}],"wp:featuredmedia":[{"embeddable":true,"href":"https:\/\/www.europesays.com\/fr\/wp-json\/wp\/v2\/media\/234561"}],"wp:attachment":[{"href":"https:\/\/www.europesays.com\/fr\/wp-json\/wp\/v2\/media?parent=234560"}],"wp:term":[{"taxonomy":"category","embeddable":true,"href":"https:\/\/www.europesays.com\/fr\/wp-json\/wp\/v2\/categories?post=234560"},{"taxonomy":"post_tag","embeddable":true,"href":"https:\/\/www.europesays.com\/fr\/wp-json\/wp\/v2\/tags?post=234560"}],"curies":[{"name":"wp","href":"https:\/\/api.w.org\/{rel}","templated":true}]}}