{"id":234581,"date":"2025-07-08T07:36:10","date_gmt":"2025-07-08T07:36:10","guid":{"rendered":"https:\/\/www.europesays.com\/fr\/234581\/"},"modified":"2025-07-08T07:36:10","modified_gmt":"2025-07-08T07:36:10","slug":"alcaraz-face-a-son-cauchemar-sabalenka-face-a-la-surprise-siegemund-decouvrez-le-programme-du-mardi-8-juillet","status":"publish","type":"post","link":"https:\/\/www.europesays.com\/fr\/234581\/","title":{"rendered":"Alcaraz face \u00e0 son \u00abcauchemar\u00bb, Sabalenka face \u00e0 la surprise Siegemund\u2026 d\u00e9couvrez le programme du mardi 8 juillet"},"content":{"rendered":"<p>D\u00e9but ce mardi des quarts \u00e0 Church Road avec notamment Aryna Sabalenka, puis le double tenant du titre Carlos Alcaraz sur le Centre Court.<\/p>\n<p class=\"fig-paragraph\">\u00c0 14h30, la triple laur\u00e9ate en Grand Chelem\u00a0<a href=\"http:\/\/www.lefigaro.fr\/sports\/tennis\/wimbledon\/wimbledon-sabalenka-ecarte-sa-victime-preferee-et-rejoint-les-quarts-20250706\" data-fig-type=\"NewsFlash\" data-gtm-custom-categorie=\"navigation\" data-gtm-custom-action=\"crossclick\" data-gtm-custom-label=\"Contextuel\" data-gtm-event=\"customEventSPE\" data-fig-domain=\"LEFIGARO\" target=\"_blank\" rel=\"noopener\">Aryna Sabalenka\u00a0<\/a>se pr\u00e9sentera en grande favorite face \u00e0 l\u2019Allemande Laura Siegemund (104e). La doyenne de 37 ans dispute un quart de finale \u00e0 37 ans et pour la premi\u00e8re fois \u00e0 Londres. \u00able seul point positif, c\u2019est que je n\u2019ai absolument rien \u00e0 perdre\u00a0!\u00bb, a-t-elle l\u00e2ch\u00e9 en souriant. Elle n\u2019avait plus atteint un quart de Grand Chelem depuis Roland-Garros en 2020. Elle tentera d\u2019emp\u00eacher la Bi\u00e9lorusse d\u2019atteindre une troisi\u00e8me demi-finale \u00e0 Londres.<\/p>\n<p class=\"fig-paragraph\">Le dernier Britannique en lice \u00e0 Wimbledon,<a href=\"http:\/\/www.lefigaro.fr\/sports\/tennis\/wimbledon\/wimbledon-survolte-a-domicile-cameron-norrie-au-rendez-vous-des-quarts-20250706\" data-fig-type=\"NewsFlash\" data-gtm-custom-categorie=\"navigation\" data-gtm-custom-action=\"crossclick\" data-gtm-custom-label=\"Contextuel\" data-gtm-event=\"customEventSPE\" data-fig-domain=\"LEFIGARO\" target=\"_blank\" rel=\"noopener\">\u00a0Cameron Norrie<\/a>\u00a0leur succ\u00e9dera sur le court principal et tentera de renverser le double tenant du titre Carlos Alcaraz, pour disputer une deuxi\u00e8me demi-finale \u00e0 domicile apr\u00e8s 2022. Le 67e mondial peut r\u00eaver d\u2019exploit face \u00e0 un joueur qu\u2019il a d\u00e9j\u00e0 battu deux fois lors de leurs trois derni\u00e8res confrontations (4 \u00e0 2 en faveur de l\u2019Espagnol). \u00ab D\u2019abord, d\u00e9fier \u2019\u2019Cam\u2019\u2019 est toujours vraiment difficile. On a d\u00e9j\u00e0 eu de grosses bagarres. Sinc\u00e8rement, c\u2019est presque un cauchemar pour moi de jouer contre lui. C\u2019est vraiment dur en fond de court. Je ne suis pas surpris qu\u2019il soit en quarts de finale, je l\u2019ai vu s\u2019entra\u00eener. En plus, il va jouer \u00e0 domicile, avec le public de son c\u00f4t\u00e9. Je vais devoir \u00eatre vraiment fort mentalement et concentr\u00e9 pour jouer un grand tennis et le battre.\u00bb<\/p>\n<p>                                    <a class=\"fig-a11y-skip a11y-hidden\" href=\"#fig-a11y-skip-main-inarticle\"><br \/>\n        Passer la publicit\u00e9<br \/>\n    <\/a><\/p>\n<p class=\"fig-paragraph\">Les quarts d\u00e9buteront \u00e0 13 heures locales (14h en France) par un duel sur le court 1 entre\u00a0<a href=\"http:\/\/www.lefigaro.fr\/sports\/tennis\/wimbledon\/wimbledon-fritz-rejoint-khachanov-en-quart-apres-l-abandon-de-thompson-20250706\" data-fig-type=\"NewsFlash\" data-gtm-custom-categorie=\"navigation\" data-gtm-custom-action=\"crossclick\" data-gtm-custom-label=\"Contextuel\" data-gtm-event=\"customEventSPE\" data-fig-domain=\"LEFIGARO\" target=\"_blank\" rel=\"noopener\">Taylor Fritz<\/a>, t\u00eate de s\u00e9rie 5, et le Russe\u00a0<a href=\"http:\/\/www.lefigaro.fr\/sports\/tennis\/wimbledon\/wimbledon-khachanov-premier-qualifie-pour-les-quarts-de-finale-20250706\" data-fig-type=\"NewsFlash\" data-gtm-custom-categorie=\"navigation\" data-gtm-custom-action=\"crossclick\" data-gtm-custom-label=\"Contextuel\" data-gtm-event=\"customEventSPE\" data-fig-domain=\"LEFIGARO\" target=\"_blank\" rel=\"noopener\">Karen Khachanov<\/a>\u00a0(17). Les deux hommes qui avaient \u00e9volu\u00e9 ensemble l\u2019an dernier en double au tournoi du Queen\u2019s se connaissent bien. Le Russe m\u00e8ne deux victoires \u00e0 z\u00e9ro dans ses duels face \u00e0 Fritz, mais leur dernier affrontement remonte \u00e0 l\u2019ann\u00e9e 2020 et depuis Fritz est devenu un membre du top 5, tandis que le Russe oscille entre la 15e et la 30e place. \u00ab On a tous les deux \u00e9volu\u00e9 en tant que joueurs, on jouera sur une surface diff\u00e9rente, confirme Khachanov (les deux premiers duels s\u2019\u00e9taient disput\u00e9s sur dur) \u00e7a sera un match en trois sets gagnants et en quarts de finale d\u2019un Grand Chelem, avec beaucoup plus d\u2019enjeu\u00a0\u00bb. Vainqueur 6-4, 6-2, 6-3 contre le Polonais Kamil Majchrzak (109e), Khachanov d\u00e9couvre ce stade de la comp\u00e9tition. Vainqueur en juin des ATP 250 sur gazon de Stuttgart et Eastbourne, Fritz dispute son deuxi\u00e8me quart \u00e0 Londres. Il n\u2019est jamais all\u00e9 plus loin.<\/p>\n<p class=\"fig-paragraph\">En deuxi\u00e8me rotation, Amanda Anisimova affrontera la Russe Anastasia Pavlyuchenkova. C\u2019est la troisi\u00e8me fois de sa carri\u00e8re que l\u2019Am\u00e9ricaine de 23 ans atteint les quarts en Grand Chelem, la premi\u00e8re fois depuis Wimbledon en 2022. Depuis, l\u2019actuelle 12e mondiale n\u2019avait jamais fait mieux qu\u2019un huiti\u00e8me de finale \u00e0 l\u2019Open d\u2019Australie, plomb\u00e9e par des blessures et des probl\u00e8mes personnels. Anastasia Pavlyuchenkova, 50e \u00e0 la WTA finaliste \u00e0 Roland-Garros 2021, est men\u00e9e 2 \u00e0 0 dans ses confrontations avec l\u2019Am\u00e9ricaine.<\/p>\n<p class=\"fig-paragraph\">Programme des quarts ce mardi<br \/>Court central \u00e0 partir de 13h30 (14h30 en France)\u00a0<br \/>Aryna Sabalenka (Blr\/1) &#8211; Laura Siegemund (All)<br \/>suivi de Cameron Norrie (G-B) &#8211; Carlos Alcaraz (Esp\/2)<\/p>\n<p class=\"fig-paragraph\">Court 1<br \/>\u00e0 partir de 13h (14h en France) Taylor Fritz (E-U, 5) &#8211; Karen Khachanov (Rus\/17)<br \/>suivi de Amanda Anisimova (E-U\/13) &#8211; Anastasia Pavlyuchenkova (Rus)<\/p>\n","protected":false},"excerpt":{"rendered":"D\u00e9but ce mardi des quarts \u00e0 Church Road avec notamment Aryna Sabalenka, puis le double tenant du titre&hellip;\n","protected":false},"author":2,"featured_media":234582,"comment_status":"","ping_status":"","sticky":false,"template":"","format":"standard","meta":{"footnotes":""},"categories":[1415],"tags":[7779,1011,27,60,1467,4173],"class_list":{"0":"post-234581","1":"post","2":"type-post","3":"status-publish","4":"format-standard","5":"has-post-thumbnail","7":"category-tennis","8":"tag-carlos-alcaraz","9":"tag-fr","10":"tag-france","11":"tag-sports","12":"tag-tennis","13":"tag-wimbledon"},"share_on_mastodon":{"url":"https:\/\/pubeurope.com\/@fr\/114816469425088891","error":""},"_links":{"self":[{"href":"https:\/\/www.europesays.com\/fr\/wp-json\/wp\/v2\/posts\/234581","targetHints":{"allow":["GET"]}}],"collection":[{"href":"https:\/\/www.europesays.com\/fr\/wp-json\/wp\/v2\/posts"}],"about":[{"href":"https:\/\/www.europesays.com\/fr\/wp-json\/wp\/v2\/types\/post"}],"author":[{"embeddable":true,"href":"https:\/\/www.europesays.com\/fr\/wp-json\/wp\/v2\/users\/2"}],"replies":[{"embeddable":true,"href":"https:\/\/www.europesays.com\/fr\/wp-json\/wp\/v2\/comments?post=234581"}],"version-history":[{"count":0,"href":"https:\/\/www.europesays.com\/fr\/wp-json\/wp\/v2\/posts\/234581\/revisions"}],"wp:featuredmedia":[{"embeddable":true,"href":"https:\/\/www.europesays.com\/fr\/wp-json\/wp\/v2\/media\/234582"}],"wp:attachment":[{"href":"https:\/\/www.europesays.com\/fr\/wp-json\/wp\/v2\/media?parent=234581"}],"wp:term":[{"taxonomy":"category","embeddable":true,"href":"https:\/\/www.europesays.com\/fr\/wp-json\/wp\/v2\/categories?post=234581"},{"taxonomy":"post_tag","embeddable":true,"href":"https:\/\/www.europesays.com\/fr\/wp-json\/wp\/v2\/tags?post=234581"}],"curies":[{"name":"wp","href":"https:\/\/api.w.org\/{rel}","templated":true}]}}