{"id":234583,"date":"2025-07-08T07:38:09","date_gmt":"2025-07-08T07:38:09","guid":{"rendered":"https:\/\/www.europesays.com\/fr\/234583\/"},"modified":"2025-07-08T07:38:09","modified_gmt":"2025-07-08T07:38:09","slug":"motogp-direction-lallemagne-pour-les-francais-de-tech3-avec-deja-une-qualification-cruciale","status":"publish","type":"post","link":"https:\/\/www.europesays.com\/fr\/234583\/","title":{"rendered":"MotoGP Direction l&rsquo;Allemagne pour les Fran\u00e7ais de Tech3 avec (d\u00e9j\u00e0) une qualification cruciale !"},"content":{"rendered":"<p>Chez Tech3 cette ann\u00e9e en MotoGP, c\u2019est la qualification qui pose parfois probl\u00e8me. Et tout particuli\u00e8rement pour En\u00e9a Bastianini, qui part trop r\u00e9guli\u00e8rement dans les profondeurs du classement, avant d\u2019ex\u00e9cuter de tr\u00e8s belles remont\u00e9es, en course. Concernant Maverick Vinal\u00e8s, souvent qualifi\u00e9 en Q2 cette saison avec sa KTM, il y a \u00e9galement mieux \u00e0 faire. Afin que l\u2019Espagnol soit dans le top six et donc, sur l\u2019une des deux premi\u00e8res lignes, lors de chaque manche.<\/p>\n<p>MotoGP : objectif clair pour Maverick Vinal\u00e8s<\/p>\n<p>Aussi, sur un trac\u00e9 aussi technique que celui du Sachsenring, th\u00e9\u00e2tre du Grand-Prix d\u2019Allemagne de MotoGP, atteindre cet objectif sera d\u2019autant plus crucial. Car d\u00e9passer y est moins ais\u00e9 que sur nombre d\u2019autres pistes. Et si Maverick veut enfin offrir ce podium \u00e0 son \u00e9curie, il devra r\u00e9ussir \u00e0 \u00eatre plus pr\u00e8s des t\u00e9nors, lors de cette phase qualificative. Trop souvent cette ann\u00e9e, ce dernier a manqu\u00e9 la boite du fait d\u2019une position trop lointaine sur la grille de d\u00e9part\u2026<\/p>\n<blockquote class=\"twitter-tweet\">\n<p dir=\"ltr\" lang=\"en\">We\u2019ve got another story to tell you\u2026<br \/>And this one might just make your head spin! \ud83c\udfa2<br \/>Welcome to the German turnstile: the Sachsenring! \ud83c\udde9\ud83c\uddea\ud83c\udfc1<a href=\"https:\/\/twitter.com\/hashtag\/RedBullKTMTech3?src=hash&amp;ref_src=twsrc%5Etfw\" target=\"_blank\" rel=\"noopener\">#RedBullKTMTech3<\/a> <a href=\"https:\/\/twitter.com\/hashtag\/RedBull?src=hash&amp;ref_src=twsrc%5Etfw\" target=\"_blank\" rel=\"noopener\">#RedBull<\/a> <a href=\"https:\/\/twitter.com\/hashtag\/MotoGP?src=hash&amp;ref_src=twsrc%5Etfw\" target=\"_blank\" rel=\"noopener\">#MotoGP<\/a> <a href=\"https:\/\/twitter.com\/hashtag\/GermanGP?src=hash&amp;ref_src=twsrc%5Etfw\" target=\"_blank\" rel=\"noopener\">#GermanGP<\/a> <a href=\"https:\/\/twitter.com\/hashtag\/Motul?src=hash&amp;ref_src=twsrc%5Etfw\" target=\"_blank\" rel=\"noopener\">#Motul<\/a> <a href=\"https:\/\/twitter.com\/hashtag\/Motorsport?src=hash&amp;ref_src=twsrc%5Etfw\" target=\"_blank\" rel=\"noopener\">#Motorsport<\/a> <a href=\"https:\/\/twitter.com\/hashtag\/Racing?src=hash&amp;ref_src=twsrc%5Etfw\" target=\"_blank\" rel=\"noopener\">#Racing<\/a> <a href=\"https:\/\/twitter.com\/hashtag\/MV12?src=hash&amp;ref_src=twsrc%5Etfw\" target=\"_blank\" rel=\"noopener\">#MV12<\/a> <a href=\"https:\/\/twitter.com\/hashtag\/EB23?src=hash&amp;ref_src=twsrc%5Etfw\" target=\"_blank\" rel=\"noopener\">#EB23<\/a> <a href=\"https:\/\/twitter.com\/hashtag\/JR12?src=hash&amp;ref_src=twsrc%5Etfw\" target=\"_blank\" rel=\"noopener\">#JR12<\/a> <a href=\"https:\/\/twitter.com\/hashtag\/VP73?src=hash&amp;ref_src=twsrc%5Etfw\" target=\"_blank\" rel=\"noopener\">#VP73<\/a> <a href=\"https:\/\/twitter.com\/hashtag\/Tech3Family?src=hash&amp;ref_src=twsrc%5Etfw\" target=\"_blank\" rel=\"noopener\">#Tech3Family<\/a> <a href=\"https:\/\/t.co\/xsqhxbMI5s\" target=\"_blank\">pic.twitter.com\/xsqhxbMI5s<\/a><\/p>\n<p>\u2014 Tech3 Racing (@Tech3Racing) <a href=\"https:\/\/twitter.com\/Tech3Racing\/status\/1942147032312844620?ref_src=twsrc%5Etfw\" target=\"_blank\" rel=\"noopener\">July 7, 2025<\/a><\/p>\n<\/blockquote>\n<p>\u00ab Nous avons encore r\u00e9alis\u00e9 un excellent week-end \u00e0 Assen\u201c, commente Maverick Vinal\u00e8s, \u00e0 quelques jours du rendez-vous germanique. \u201cNotre objectif est donc de maintenir notre dynamique, de progresser et de progresser tour apr\u00e8s tour. Cependant, l\u2019objectif principal est d\u2019am\u00e9liorer nos qualifications et de partir des deux premi\u00e8res lignes. Ce sera encore plus important au Sachsenring, un circuit tr\u00e8s technique, avec beaucoup de virages serr\u00e9s, o\u00f9 l\u2019on peut facilement se retrouver coinc\u00e9 au milieu du peloton. Je suis s\u00fbr que nous apprendrons beaucoup cette semaine, car ce circuit est assez diff\u00e9rent des autres, alors j\u2019ai h\u00e2te de voir notre potentiel ! Bref, je suis super excit\u00e9 et motiv\u00e9, c\u2019est parti ! \u00bb, l\u00e2che avec dynamisme le pilote ib\u00e9rique, qui parait d\u00e9finitivement bien dans sa peau, depuis son arriv\u00e9e au sein de la structure tricolore. Et cela se ressent en termes de r\u00e9sultats\u2026<\/p>\n<p>\u00ab Nous abordons le Sachsenring avec une belle dynamique apr\u00e8s le GP des Pays-Bas, o\u00f9 nous avons obtenu l\u2019un de nos meilleurs r\u00e9sultats de la saison\u201c, confie pour sa part En\u00e9a Bastianini, pour qui l\u2019adaptation \u00e0 la KTM reste difficile, notamment sur un tour. Mais des progr\u00e8s ont \u00e9t\u00e9 observ\u00e9s r\u00e9cemment, sur ce plan-l\u00e0, pour le pilote italien. \u201cLe feeling sur la moto \u00e9tait bien meilleur que lors des manches pr\u00e9c\u00e9dentes, j\u2019esp\u00e8re donc que nous pourrons continuer \u00e0 progresser dans cette direction. Le Sachsenring est un circuit agr\u00e9able, avec beaucoup de virages serr\u00e9s, mais il nous faudra comprendre comment aborder ce trac\u00e9 avec la KTM. Nous verrons comment nous nous sentirons vendredi, et nous verrons ensuite comment nous allons progresser. Il est important d\u2019am\u00e9liorer notre position sur la grille, cela reste l\u2019un de nos principaux objectifs. \u00bb<\/p>\n<p>Quant \u00e0 Nicolas Goyon, le Team Manager de l\u2019\u00e9curie Tech3 en MotoGP, il confirme cet objectif de progression, sp\u00e9cialement pour Maverick Vinal\u00e8s, meilleure chance de podium de l\u2019\u00e9quipe voire, de KTM : \u00ab Apr\u00e8s un tr\u00e8s bon week-end \u00e0 Assen, o\u00f9 nos deux pilotes Red Bull KTM Tech3 ont termin\u00e9 dans le top 10, nous nous dirigeons maintenant vers le circuit le plus court et le plus atypique du calendrier, le Sachsenring. Ce petit circuit, tournant dans le sens inverse des aiguilles d\u2019une montre, est r\u00e9put\u00e9 pour \u00eatre un v\u00e9ritable d\u00e9fi pour une MotoGP, mais Maverick Vi\u00f1ales est actuellement dans l\u2019une de ses meilleures formes en carri\u00e8re. Il a int\u00e9gr\u00e9 le top 10 du championnat, nous savons donc qu\u2019il est pr\u00eat \u00e0 relever ce d\u00e9fi. <\/p>\n<p>\u00c0 Assen, nous avons constat\u00e9 que la moto a progress\u00e9 en termes de virage et de stabilit\u00e9, deux qualit\u00e9s techniques cruciales pour \u00eatre rapide en Allemagne. Si Maverick r\u00e9alise une bonne qualification, l\u2019un de nos principaux objectifs, nous pouvons nous attendre \u00e0 un bon week-end de sa part. Enea Bastianini a r\u00e9alis\u00e9 de meilleures performances ces derniers temps, notamment lors des deux derni\u00e8res manches, et il compte bien poursuivre sur sa lanc\u00e9e et, esp\u00e9rons-le, atteindre la Q2 pour la premi\u00e8re fois de la saison. Avec quatre KTM dans le top 11 \u00e0 Assen, notre Le v\u00e9lo a clairement fait un pas en avant, et je suis s\u00fbr qu\u2019Enea en profitera pour continuer son adaptation et am\u00e9liorer ses r\u00e9sultats.\u201c, conclut le Fran\u00e7ais.<\/p>\n<p>Article publi\u00e9 le 08\/07\/2025 \u00e0 6h59<\/p>\n<p>                                                            <script async src=\"https:\/\/platform.twitter.com\/widgets.js\" charset=\"utf-8\"><\/script><\/p>\n","protected":false},"excerpt":{"rendered":"Chez Tech3 cette ann\u00e9e en MotoGP, c\u2019est la qualification qui pose parfois probl\u00e8me. Et tout particuli\u00e8rement pour En\u00e9a&hellip;\n","protected":false},"author":2,"featured_media":234584,"comment_status":"","ping_status":"","sticky":false,"template":"","format":"standard","meta":{"footnotes":""},"categories":[1413],"tags":[1011,27,11652,1457,1456,1458,60,1580],"class_list":{"0":"post-234583","1":"post","2":"type-post","3":"status-publish","4":"format-standard","5":"has-post-thumbnail","7":"category-moto","8":"tag-fr","9":"tag-france","10":"tag-maverick-vinales","11":"tag-moto","12":"tag-motocycle","13":"tag-motogp","14":"tag-sports","15":"tag-tech3"},"share_on_mastodon":{"url":"https:\/\/pubeurope.com\/@fr\/114816477159621038","error":""},"_links":{"self":[{"href":"https:\/\/www.europesays.com\/fr\/wp-json\/wp\/v2\/posts\/234583","targetHints":{"allow":["GET"]}}],"collection":[{"href":"https:\/\/www.europesays.com\/fr\/wp-json\/wp\/v2\/posts"}],"about":[{"href":"https:\/\/www.europesays.com\/fr\/wp-json\/wp\/v2\/types\/post"}],"author":[{"embeddable":true,"href":"https:\/\/www.europesays.com\/fr\/wp-json\/wp\/v2\/users\/2"}],"replies":[{"embeddable":true,"href":"https:\/\/www.europesays.com\/fr\/wp-json\/wp\/v2\/comments?post=234583"}],"version-history":[{"count":0,"href":"https:\/\/www.europesays.com\/fr\/wp-json\/wp\/v2\/posts\/234583\/revisions"}],"wp:featuredmedia":[{"embeddable":true,"href":"https:\/\/www.europesays.com\/fr\/wp-json\/wp\/v2\/media\/234584"}],"wp:attachment":[{"href":"https:\/\/www.europesays.com\/fr\/wp-json\/wp\/v2\/media?parent=234583"}],"wp:term":[{"taxonomy":"category","embeddable":true,"href":"https:\/\/www.europesays.com\/fr\/wp-json\/wp\/v2\/categories?post=234583"},{"taxonomy":"post_tag","embeddable":true,"href":"https:\/\/www.europesays.com\/fr\/wp-json\/wp\/v2\/tags?post=234583"}],"curies":[{"name":"wp","href":"https:\/\/api.w.org\/{rel}","templated":true}]}}