{"id":234593,"date":"2025-07-08T07:43:11","date_gmt":"2025-07-08T07:43:11","guid":{"rendered":"https:\/\/www.europesays.com\/fr\/234593\/"},"modified":"2025-07-08T07:43:11","modified_gmt":"2025-07-08T07:43:11","slug":"quand-les-oeuvres-darman-et-de-bernar-venet-se-cotoient-dans-une-exposition","status":"publish","type":"post","link":"https:\/\/www.europesays.com\/fr\/234593\/","title":{"rendered":"quand les \u0153uvres d&rsquo;Arman et de Bernar Venet se c\u00f4toient dans une exposition"},"content":{"rendered":"<p class=\"article__intro\">L\u2019un est n\u00e9 \u00e0 Nice, l\u2019autre a cr\u00e9\u00e9 une \u0153uvre monumentale pour cette ville azur\u00e9enne. Alors c\u2019est tout simplement que leurs cr\u00e9ations prennent place dans et hors les murs au mus\u00e9e Picasso d\u2019Antibes le temps d\u2019un \u00e9t\u00e9.<\/p>\n<p>\n      L&rsquo;essentiel du jour : notre s\u00e9lection exclusive\n    <\/p>\n<p>\n      Chaque jour, notre r\u00e9daction vous r\u00e9serve le meilleur de l&rsquo;info r\u00e9gionale. Une s\u00e9lection rien que pour vous, pour rester en lien avec vos r\u00e9gions.\n    <\/p>\n<p>    France T\u00e9l\u00e9visions utilise votre adresse e-mail afin de vous envoyer la newsletter \u00ab\u00a0L&rsquo;essentiel du jour : notre s\u00e9lection exclusive\u00a0\u00bb. Vous pouvez vous d\u00e9sinscrire \u00e0 tout moment via le lien en bas de cette newsletter. <a target=\"_blank\" href=\"https:\/\/www.francetelevisions.fr\/groupe\/confidentialite\/politique-de-confidentialite\/politique-de-confidentialite-de-france-televisions-6503\" rel=\"nofollow noopener\">Notre politique de confidentialit\u00e9<\/a><\/p>\n<p>Un\u00a0Hommage \u00e0 Arman, pour les 20 ans de son d\u00e9c\u00e8s, et\u00a0Bernar Venet, peinture rationnelle, sculpture incontr\u00f4l\u00e9e,\u00a0une r\u00e9trospective consacr\u00e9e \u00e0 sa peinture, et, hors les murs sur l\u2019esplanade Pr\u00e9 des p\u00eacheurs, c&rsquo;est ce que propose le mus\u00e9e Picasso d&rsquo;Antibes.<\/p>\n<p>La cit\u00e9 des remparts met en lumi\u00e8re ces deux\u00a0grands artistes de la modernit\u00e9, deux inventeurs de formes et de concepts.<\/p>\n<p><a data-article-figure=\"\" href=\"https:\/\/france3-regions.franceinfo.fr\/image\/e959_RgU7TqLZjoQA49CY_k3KWQ\/2585x1897\/regions\/2025\/07\/01\/arman14big-6863a76c26fa4422335498.jpg\" data-pswp-width=\"2585\" data-pswp-height=\"1897\" target=\"_blank\" rel=\"nofollow noopener\"><\/p>\n<p>          <img width=\"600\" height=\"400\" class=\"article-image lazy\" data-src=\"https:\/\/www.europesays.com\/fr\/wp-content\/uploads\/2025\/07\/arman14big-6863a76c26fa4422335498.jpg\" alt=\"Arman et Bernar Venet en 1985.\" fetchpriority=\"high\" as=\"image\"\/><\/p>\n<p>\n            Arman et Bernar Venet en 1985.<br \/>\n                           \u2022<br \/>\n                                      \u00a9 Archives Bernar Venet\n                      <\/p>\n<p><\/a><\/p>\n<blockquote class=\"ftvi_content_quote\">\n<p class=\"ftvi_citation_quote\">Je ne suis pas le genre d\u2019artiste qui va vous dire je peins ce que j\u2019aime.<\/p>\n<\/blockquote>\n<p>Bernar Venet est notamment connu pour son \u0153uvre monumentale, l\u2019Arc Monumental 115,5 au centre du jardin Albert 1er \u00e0 Nice. Des sculptures monumentales en acier Corten.<\/p>\n<p><a data-article-figure=\"\" href=\"https:\/\/france3-regions.franceinfo.fr\/image\/zFDJGy67_SBt8zQvpupqMOjm4lA\/930x621\/regions\/2025\/06\/30\/venet01-6862a9d3f2ef1098534740.jpg\" data-pswp-width=\"930\" data-pswp-height=\"621\" target=\"_blank\" rel=\"nofollow noopener\"><\/p>\n<p>          <img width=\"600\" height=\"400\" class=\"article-image lazy\" data-src=\"https:\/\/www.europesays.com\/fr\/wp-content\/uploads\/2025\/07\/venet01-6862a9d3f2ef1098534740.jpg\" alt=\"L'artiste Bernar Venet est notamment connu pour  l'Arc Monumental 115,5, une sculpture m\u00e9tallique de dix-neuf m\u00e8tres de long qui trone au milieu du jardin Albert 1er \u00e0 Nice.\" fetchpriority=\"high\" as=\"image\"\/><\/p>\n<p>\n            L&rsquo;artiste Bernar Venet est notamment connu pour  l&rsquo;Arc Monumental 115,5, une sculpture m\u00e9tallique de dix-neuf m\u00e8tres de long qui trone au milieu du jardin Albert 1er \u00e0 Nice.<br \/>\n                           \u2022<br \/>\n                                      \u00a9 D\u00e9partement 06\n                      <\/p>\n<p><\/a><\/p>\n<p>Bernar Venet est un des pionniers de l\u2019art conceptuel. Cet h\u00e9ritier r\u00e9put\u00e9 du courant artistique de <a href=\"https:\/\/www.artcotedazur.fr\/actualite,109\/art-contemporain,34\/L-Ecole-de-Nice-qu-est-ce-que-c-534\" target=\"_blank\" rel=\"noopener nofollow\"> l&rsquo;Ecole de Nice<\/a> cherche toujours \u00e0 aller au-del\u00e0 de l\u2019abstrait, \u00e0 contrecourant de la cr\u00e9ation artistique comme avec cette figure g\u00e9om\u00e9trique.<\/p>\n<p><a data-article-figure=\"\" href=\"https:\/\/france3-regions.franceinfo.fr\/image\/4fwXps3I5O4PJmqEWFPxdv5PRg4\/1920x1080\/regions\/2025\/06\/30\/formule-6862a753688fd826264639.jpg\" data-pswp-width=\"1920\" data-pswp-height=\"1080\" target=\"_blank\" rel=\"nofollow noopener\"><\/p>\n<p>          <img width=\"600\" height=\"400\" class=\"article-image lazy\" data-src=\"https:\/\/www.europesays.com\/fr\/wp-content\/uploads\/2025\/07\/formule-6862a753688fd826264639.jpg\" alt=\"Parmi ses oeuvres, Bernard Vent expose au mus\u00e9e Picasso l'une de ses nombreuses figures g\u00e9om\u00e9triques.\" fetchpriority=\"high\" as=\"image\"\/><\/p>\n<p>\n            Parmi ses oeuvres, Bernard Vent expose au mus\u00e9e Picasso l&rsquo;une de ses nombreuses figures g\u00e9om\u00e9triques.<br \/>\n                           \u2022<br \/>\n                                      \u00a9 C\u00e9line Marchand-FTV\n                      <\/p>\n<p><\/a><\/p>\n<p>Une \u0153uvre d&rsquo;art qui ne laisse pas indiff\u00e9rent.<\/p>\n<blockquote class=\"ftvi_content_quote\">\n<p class=\"ftvi_citation_quote\">C\u2019est la premi\u00e8re fois que je vois des \u0153uvres d\u2019art de math\u00e9matique qui sont si joliment et simplement repr\u00e9sent\u00e9es. Je n\u2019ai jamais vu cela, c\u2019est unique.<\/p>\n<p>Un visiteur <\/p>\n<p class=\"ftvi_citation_source\">\u00e0 France 3 C\u00f4te d\u2019Azur<\/p>\n<\/blockquote>\n<p>L&rsquo;univers de Bernar Venet se fond totalement dans le d\u00e9cor du mus\u00e9e Picasso. L&rsquo;artiste r\u00e9side aujourd\u2019hui au Muy dans le Var o\u00f9 <a href=\"https:\/\/provence-alpes-cotedazur.com\/que-faire\/culture-et-patrimoine\/routes-de-lart-moderne-et-contemporain\/la-venet-foundation-ode-a-la-creation-minimaliste-et-conceptuelle\/\" target=\"_blank\" rel=\"noopener nofollow\">la Venet Foundation organise des expositions chaque \u00e9t\u00e9<\/a>.<\/p>\n<p>Un peu plus loin, les sculptures de l\u2019artiste Arman. N\u00e9 \u00e0 Nice en 1928, Armand Pierre Fernandez est connu pour sa contribution majeure au mouvement du Nouveau R\u00e9alisme. Parmi ses techniques artistiques pr\u00e9f\u00e9r\u00e9es, l\u2019art de d\u00e9construire pour reconstruire. Parmi les \u0153uvres embl\u00e9matiques,<\/p>\n<p>La Poubelle de Warhol en r\u00e9f\u00e9rence \u00e0 l&rsquo;artiste de pop art am\u00e9ricain.<\/p>\n<p><a data-article-figure=\"\" href=\"https:\/\/france3-regions.franceinfo.fr\/image\/oULsIj89ekT5hYVRT_AafcDl8AQ\/3745x5373\/regions\/2025\/07\/01\/arman11big-6863a8aec722b743711434.jpg\" data-pswp-width=\"3745\" data-pswp-height=\"5373\" target=\"_blank\" rel=\"nofollow noopener\"><\/p>\n<p>          <img width=\"600\" height=\"400\" class=\"article-image lazy\" data-src=\"https:\/\/www.europesays.com\/fr\/wp-content\/uploads\/2025\/07\/arman11big-6863a8aec722b743711434.jpg\" alt=\"Arman Poubelle de Warhol, 1969 Accumulation de d\u00e9chets sous Plexiglas, sa taile ?  127 \u00d7 93 \u00d7 13 cm !\" fetchpriority=\"high\" as=\"image\"\/><\/p>\n<p>\n            Arman Poubelle de Warhol, 1969 Accumulation de d\u00e9chets sous Plexiglas, sa taile ?  127 \u00d7 93 \u00d7 13 cm !<br \/>\n                           \u2022<br \/>\n                                      \u00a9 Collection Mamac, Nice Photo : Muriel Anssens \/ Ville de Nice\n                      <\/p>\n<p><\/a><\/p>\n<blockquote class=\"ftvi_content_quote\">\n<p class=\"ftvi_citation_quote\">Ce sont les d\u00e9chets qui venaient de chez nous. Il r\u00e9coltait tout puis il l\u2019enfermait dans du plexiglass. C\u2019est un formidable t\u00e9moignage de notre soci\u00e9t\u00e9. Dans une centaine d\u2019ann\u00e9es, on pourra savoir qui nous \u00e9tions.<\/p>\n<p>Corice Arman, veuve de l\u2019artiste plasticien Arman<\/p>\n<p class=\"ftvi_citation_source\">\u00e0 France 3 C\u00f4te d\u2019Azur<\/p>\n<\/blockquote>\n<p>Infos pratiques\u00a0<\/p>\n<p>Les \u0153uvres sont <a href=\"https:\/\/www.antibes-juanlespins.com\/information\/agenda\/expositions-hommage-a-arman-bernar-venet-peinture-rationnelle-sculpture-incontrolee-1\" target=\"_blank\" rel=\"noopener nofollow\">\u00e0 d\u00e9couvrir au Mus\u00e9e Picasso et sur l&rsquo;Esplanade Pr\u00e9 des P\u00eacheurs<\/a>. En dehors des expositions, des visites et des ateliers sont propos\u00e9s.<\/p>\n<\/p>\n<p>Jusqu&rsquo;au 15 septembre, ouvert de 10h \u00e0 18h, ferm\u00e9 les lundis. A partir du 16 septembre, ouvert de 10h \u00e0 13h et de 14h \u00e0 18h.<\/p>\n","protected":false},"excerpt":{"rendered":"L\u2019un est n\u00e9 \u00e0 Nice, l\u2019autre a cr\u00e9\u00e9 une \u0153uvre monumentale pour cette ville azur\u00e9enne. Alors c\u2019est tout&hellip;\n","protected":false},"author":2,"featured_media":234594,"comment_status":"","ping_status":"","sticky":false,"template":"","format":"standard","meta":{"footnotes":""},"categories":[1358],"tags":[1348,1384,1385,1386,58,59,1011,27],"class_list":{"0":"post-234593","1":"post","2":"type-post","3":"status-publish","4":"format-standard","5":"has-post-thumbnail","7":"category-arts-et-design","8":"tag-arts","9":"tag-arts-and-design","10":"tag-arts-et-design","11":"tag-design","12":"tag-divertissement","13":"tag-entertainment","14":"tag-fr","15":"tag-france"},"share_on_mastodon":{"url":"https:\/\/pubeurope.com\/@fr\/114816496721448503","error":""},"_links":{"self":[{"href":"https:\/\/www.europesays.com\/fr\/wp-json\/wp\/v2\/posts\/234593","targetHints":{"allow":["GET"]}}],"collection":[{"href":"https:\/\/www.europesays.com\/fr\/wp-json\/wp\/v2\/posts"}],"about":[{"href":"https:\/\/www.europesays.com\/fr\/wp-json\/wp\/v2\/types\/post"}],"author":[{"embeddable":true,"href":"https:\/\/www.europesays.com\/fr\/wp-json\/wp\/v2\/users\/2"}],"replies":[{"embeddable":true,"href":"https:\/\/www.europesays.com\/fr\/wp-json\/wp\/v2\/comments?post=234593"}],"version-history":[{"count":0,"href":"https:\/\/www.europesays.com\/fr\/wp-json\/wp\/v2\/posts\/234593\/revisions"}],"wp:featuredmedia":[{"embeddable":true,"href":"https:\/\/www.europesays.com\/fr\/wp-json\/wp\/v2\/media\/234594"}],"wp:attachment":[{"href":"https:\/\/www.europesays.com\/fr\/wp-json\/wp\/v2\/media?parent=234593"}],"wp:term":[{"taxonomy":"category","embeddable":true,"href":"https:\/\/www.europesays.com\/fr\/wp-json\/wp\/v2\/categories?post=234593"},{"taxonomy":"post_tag","embeddable":true,"href":"https:\/\/www.europesays.com\/fr\/wp-json\/wp\/v2\/tags?post=234593"}],"curies":[{"name":"wp","href":"https:\/\/api.w.org\/{rel}","templated":true}]}}