{"id":234601,"date":"2025-07-08T07:47:44","date_gmt":"2025-07-08T07:47:44","guid":{"rendered":"https:\/\/www.europesays.com\/fr\/234601\/"},"modified":"2025-07-08T07:47:44","modified_gmt":"2025-07-08T07:47:44","slug":"dans-les-coulisses-de-beauvau-sous-lere-darmanin","status":"publish","type":"post","link":"https:\/\/www.europesays.com\/fr\/234601\/","title":{"rendered":"Dans les coulisses de Beauvau sous l&rsquo;\u00e8re Darmanin"},"content":{"rendered":"<p>Mai 2024. \u00c0 peine entam\u00e9, le tournage de Yann L&rsquo;H\u00e9noret bascule soudainement dans une autre dimension. \u00ab\u202fAu d\u00e9part, notre ambition \u00e9tait de suivre <a href=\"https:\/\/www.latribune.fr\/economie\/france\/donations-gerald-darmanin-veut-zero-fiscalite-voici-les-regles-en-vigueur-1021319.html\" rel=\"nofollow noopener\" target=\"_blank\">G\u00e9rald Darmanin<\/a> durant la pr\u00e9paration et la s\u00e9curisation des <a href=\"https:\/\/www.latribune.fr\/economie\/france\/le-pib-francais-tire-par-les-jeux-olympiques-1012605.html\" rel=\"nofollow noopener\" target=\"_blank\">Jeux olympiques<\/a>\u202f\u00bb, rembobine le r\u00e9alisateur. Mais \u00e7a, c&rsquo;\u00e9tait compter sans le tourbillon d&rsquo;\u00e9v\u00e9nements qui allait plonger le <a href=\"https:\/\/www.latribune.fr\/economie\/france\/les-francais-plebiscitent-l-idee-d-etre-consultes-par-referendum-1024758.html\" rel=\"nofollow noopener\" target=\"_blank\">minist\u00e8re de l&rsquo;Int\u00e9rieur<\/a> dans un ab\u00eeme d&rsquo;incertitudes.<\/p>\n<p>Replay acc\u00e9l\u00e9r\u00e9 : une \u00e9vasion -\u202fcelle de Mohamed Amra\u202f-, des \u00e9meutes en <a href=\"https:\/\/www.latribune.fr\/economie\/france\/nouvelle-caledonie-apres-la-visite-d-emmanuel-macron-l-archipel-tente-de-sortir-du-marasme-998204.html\" rel=\"nofollow noopener\" target=\"_blank\">Nouvelle-Cal\u00e9donie<\/a>, un attentat dans la synagogue de Rouen, mais surtout la <a href=\"https:\/\/www.latribune.fr\/entreprises-finance\/banques-finance\/resultats-des-elections-europeennes-dissolution-de-l-assemblee-nationale-la-bourse-de-paris-en-baisse-999545.html\" rel=\"nofollow noopener\" target=\"_blank\">dissolution de l&rsquo;Assembl\u00e9e nationale<\/a> ouvrant la voie au chaos politique. Ces cent jours qui ont boulevers\u00e9 l&rsquo;un des piliers de l&rsquo;\u00c9tat sont au c\u0153ur d&rsquo;un r\u00e9cit haletant, dont les trois \u00e9pisodes d&rsquo;une trentaine de minutes chacun sont \u00e0 d\u00e9couvrir ce dimanche \u00e0 21\u202fheures sur France\u202f5. Produite par Mohamed Bouhafsi (3e\u202f\u0152il Productions), cette s\u00e9rie documentaire est fort opportun\u00e9ment baptis\u00e9e Temp\u00eate.<\/p>\n","protected":false},"excerpt":{"rendered":"Mai 2024. \u00c0 peine entam\u00e9, le tournage de Yann L&rsquo;H\u00e9noret bascule soudainement dans une autre dimension. \u00ab\u202fAu d\u00e9part,&hellip;\n","protected":false},"author":2,"featured_media":234602,"comment_status":"","ping_status":"","sticky":false,"template":"","format":"standard","meta":{"footnotes":""},"categories":[1354],"tags":[17,37322,3934,1446,9632,58,59,1346,1011,27,37323,3102,151,1360,3107],"class_list":{"0":"post-234601","1":"post","2":"type-post","3":"status-publish","4":"format-standard","5":"has-post-thumbnail","7":"category-films","8":"tag-17","9":"tag-beauvau","10":"tag-coulisses","11":"tag-dans","12":"tag-darmanin","13":"tag-divertissement","14":"tag-entertainment","15":"tag-films","16":"tag-fr","17":"tag-france","18":"tag-lere","19":"tag-la-tribune-dimanche","20":"tag-les","21":"tag-movies","22":"tag-sous"},"share_on_mastodon":{"url":"https:\/\/pubeurope.com\/@fr\/114816512462721730","error":""},"_links":{"self":[{"href":"https:\/\/www.europesays.com\/fr\/wp-json\/wp\/v2\/posts\/234601","targetHints":{"allow":["GET"]}}],"collection":[{"href":"https:\/\/www.europesays.com\/fr\/wp-json\/wp\/v2\/posts"}],"about":[{"href":"https:\/\/www.europesays.com\/fr\/wp-json\/wp\/v2\/types\/post"}],"author":[{"embeddable":true,"href":"https:\/\/www.europesays.com\/fr\/wp-json\/wp\/v2\/users\/2"}],"replies":[{"embeddable":true,"href":"https:\/\/www.europesays.com\/fr\/wp-json\/wp\/v2\/comments?post=234601"}],"version-history":[{"count":0,"href":"https:\/\/www.europesays.com\/fr\/wp-json\/wp\/v2\/posts\/234601\/revisions"}],"wp:featuredmedia":[{"embeddable":true,"href":"https:\/\/www.europesays.com\/fr\/wp-json\/wp\/v2\/media\/234602"}],"wp:attachment":[{"href":"https:\/\/www.europesays.com\/fr\/wp-json\/wp\/v2\/media?parent=234601"}],"wp:term":[{"taxonomy":"category","embeddable":true,"href":"https:\/\/www.europesays.com\/fr\/wp-json\/wp\/v2\/categories?post=234601"},{"taxonomy":"post_tag","embeddable":true,"href":"https:\/\/www.europesays.com\/fr\/wp-json\/wp\/v2\/tags?post=234601"}],"curies":[{"name":"wp","href":"https:\/\/api.w.org\/{rel}","templated":true}]}}