{"id":234603,"date":"2025-07-08T07:48:10","date_gmt":"2025-07-08T07:48:10","guid":{"rendered":"https:\/\/www.europesays.com\/fr\/234603\/"},"modified":"2025-07-08T07:48:10","modified_gmt":"2025-07-08T07:48:10","slug":"cancers-et-maladies-circulatoires-premieres-causes-dune-mortalite-historiquement-basse-en-2023-actualites","status":"publish","type":"post","link":"https:\/\/www.europesays.com\/fr\/234603\/","title":{"rendered":"Cancers et maladies circulatoires, premi\u00e8res causes d&rsquo;une mortalit\u00e9 historiquement basse en 2023 : Actualit\u00e9s"},"content":{"rendered":"<p class=\"lead \">La mortalit\u00e9 en France, caus\u00e9e d&rsquo;abord par les cancers et les maladies circulatoires, a atteint en 2023 un niveau \u00ab\u00a0historiquement bas\u00a0\u00bb essentiellement li\u00e9 au reflux du Covid-19, mais la pand\u00e9mie a laiss\u00e9 des traces et les in\u00e9galit\u00e9s territoriales sont rest\u00e9es fortes.<\/p>\n<p class=\"lead \">\u00ab\u00a0Les deux premi\u00e8res causes de d\u00e9c\u00e8s restent les tumeurs et les maladies de l&rsquo;appareil circulatoire\u00a0\u00bb, devant les maladies de l\u2019appareil respiratoire, montre un travail de r\u00e9f\u00e9rence des chercheurs de l&rsquo;agence Sant\u00e9 publique France, de l&rsquo;Inserm et de la direction des statistiques du minist\u00e8re de la Sant\u00e9 (Drees) publi\u00e9 mardi.<\/p>\n<p class=\"lead \">Tous les ans, ces scientifiques examinent les principales causes de mortalit\u00e9, avec un peu de d\u00e9calage. En 2023, plus de 637.000 d\u00e9c\u00e8s ont \u00e9t\u00e9 enregistr\u00e9s.<\/p>\n<p class=\"lead \">\u00ab\u00a0Apr\u00e8s trois ann\u00e9es de forte mortalit\u00e9 dues \u00e0 la pand\u00e9mie de Covid-19 et \u00e0 un regain de mortalit\u00e9 li\u00e9 aux maladies respiratoires en 2022\u00a0\u00bb, 2023 a connu une mortalit\u00e9 \u00ab\u00a0plus faible qu\u2019en 2019\u00a0\u00bb, d\u00e9taille \u00e0 l&rsquo;AFP Elise Coudin, directrice du C\u00e9piDc (Inserm).<\/p>\n<p class=\"lead \">Comme dans la grande majorit\u00e9 des pays europ\u00e9ens, le niveau de mortalit\u00e9 a \u00e9t\u00e9 \u00ab\u00a0historiquement bas\u00a0\u00bb en France, mais il est rest\u00e9 sup\u00e9rieur \u00e0 celui attendu si la tendance d&rsquo;avant-pand\u00e9mie s&rsquo;\u00e9tait prolong\u00e9e jusqu&rsquo;en 2023. <\/p>\n<p class=\"lead \">Le reflux par rapport \u00e0 2022 s&rsquo;explique \u00ab\u00a0\u00e0 60% par la baisse de mortalit\u00e9 li\u00e9e au Covid-19\u00a0\u00bb &#8211; tomb\u00e9 \u00e0 la neuvi\u00e8me place des causes de d\u00e9c\u00e8s -, avance Mme Coudin, ainsi que par des baisses des mortalit\u00e9s de maladies de l&rsquo;appareil circulatoire et de tumeurs.<\/p>\n<p class=\"lead \">&#8211; Les cancers en t\u00eate &#8211;<\/p>\n<p class=\"lead \">Toujours premiers tueurs, chez les hommes comme chez les femmes, les cancers ont \u00e9t\u00e9 responsables d&rsquo;un peu plus d&rsquo;un quart des d\u00e9c\u00e8s (27%). <\/p>\n<p class=\"lead \">Bien qu&rsquo;en baisse, la mortalit\u00e9 due aux tumeurs a augment\u00e9 pour certains cancers (pancr\u00e9as, m\u00e9lanome) et, en g\u00e9n\u00e9ral, chez les femmes de plus de 85 ans.<\/p>\n<p class=\"lead \">En deuxi\u00e8me position, les maladies cardio-neurovasculaires (infarctus du myocarde, AVC, insuffisance cardiaque, etc) ont entra\u00een\u00e9 un peu plus d&rsquo;un cinqui\u00e8me des d\u00e9c\u00e8s et repr\u00e9sent\u00e9 la premi\u00e8re cause de mortalit\u00e9 chez les 85 ans et plus.<\/p>\n<p class=\"lead \">\u00ab\u00a0En l\u00e9g\u00e8re hausse\u00a0\u00bb en 2023, les d\u00e9c\u00e8s caus\u00e9s par des maladies respiratoires autres que le Covid (pneumonies, maladies chroniques, grippe hivernale notamment), sont revenus depuis 2022 \u00e0 des niveaux pr\u00e9-Covid. Ils avaient fortement diminu\u00e9 en 2020 et 2021, au plus fort de la pand\u00e9mie.<\/p>\n<p class=\"lead \">S&rsquo;ils ont l\u00e9g\u00e8rement diminu\u00e9 sur un an, les d\u00e9c\u00e8s par maladies endocriniennes, digestives et g\u00e9nito-urinaires restent sur une tendance \u00e0 la hausse sur plusieurs ann\u00e9es.<\/p>\n<p class=\"lead \">Cette tendance est potentiellement li\u00e9e \u00ab\u00a0\u00e0 des chocs induits par la pand\u00e9mie (prise en charge retard\u00e9e, difficult\u00e9s d\u2019acc\u00e8s aux soins, changements dans les comportements, voire dans l\u2019offre de soins)\u00a0\u00bb, jugent les chercheurs, sans savoir s&rsquo;il s\u2019agit d'\u00a0\u00bbeffets ponctuels lents \u00e0 se r\u00e9sorber ou de chocs structurels\u00a0\u00bb.<\/p>\n<p class=\"lead \">Autre enseignement: la mortalit\u00e9 due aux accidents, notamment chutes et accidents de transports, a encore augment\u00e9, tandis que le taux de suicide (13,6 pour 100.000) a baiss\u00e9.<\/p>\n<p class=\"lead \">&#8211; Disparit\u00e9s r\u00e9gionales &#8211;<\/p>\n<p class=\"lead \">Pour la deuxi\u00e8me ann\u00e9e d&rsquo;affil\u00e9e, la mortalit\u00e9 due aux causes externes (accidents, suicides, etc.) a \u00e9t\u00e9 \u00ab\u00a0significativement\u00a0\u00bb plus \u00e9lev\u00e9e que sa tendance d&rsquo;avant-pand\u00e9mie. <\/p>\n<p class=\"lead \">Concernant la mortalit\u00e9 infantile, \u00ab\u00a0plus de la moiti\u00e9 des d\u00e9c\u00e8s des enfants de moins d&rsquo;un an sont dus \u00e0 une affection dont l&rsquo;origine se situe dans la p\u00e9riode p\u00e9rinatale\u00a0\u00bb, devant les malformations cong\u00e9nitales et les anomalies chromosomiques, d\u00e9crit Anne Fouillet, \u00e9pid\u00e9miologiste \u00e0 Sant\u00e9 publique France.<\/p>\n<p class=\"lead \">G\u00e9ographiquement, la mortalit\u00e9 est bien plus marqu\u00e9e dans les d\u00e9partements et r\u00e9gions d&rsquo;Outre-mer et, dans une moindre mesure, dans le nord et l&rsquo;est de l&rsquo;Hexagone.<\/p>\n<p class=\"lead \">\u00ab\u00a0La mortalit\u00e9 est 89% plus \u00e9lev\u00e9e \u00e0 Mayotte par rapport \u00e0 la moyenne nationale, 37% en Guyane, et 17% dans les Hauts-de-France\u00a0\u00bb, pr\u00e9cise \u00e0 l&rsquo;AFP Vianney Costemalle, chef du bureau Etat de sant\u00e9 de la population de la Drees. <\/p>\n<p class=\"lead \">A l&rsquo;inverse, la mortalit\u00e9 est sensiblement plus faible en \u00cele-de-France (-15% par rapport \u00e0 la moyenne nationale).<\/p>\n<p class=\"lead \">Ces disparit\u00e9s peuvent \u00eatre li\u00e9es \u00e0 des facteurs \u00ab\u00a0comportementaux, \u00e9conomiques, environnementaux, territoriaux, et d&rsquo;acc\u00e8s aux soins\u00a0\u00bb, r\u00e9sume M. Costemalle. <\/p>\n<p class=\"lead \">La mortalit\u00e9 est aussi plus importante dans les territoires ruraux hors d&rsquo;influence des villes et plus faible dans les grandes agglom\u00e9rations, notamment pour les maladies cardio-neurovasculaires et les causes externes.<\/p>\n<p class=\"lead \">En 2023, plus de la moiti\u00e9 des d\u00e9c\u00e8s (53%) ont eu lieu en \u00e9tablissement de sant\u00e9 et quasiment un quart \u00e0 domicile (24%).<\/p>\n","protected":false},"excerpt":{"rendered":"La mortalit\u00e9 en France, caus\u00e9e d&rsquo;abord par les cancers et les maladies circulatoires, a atteint en 2023 un&hellip;\n","protected":false},"author":2,"featured_media":234604,"comment_status":"","ping_status":"","sticky":false,"template":"","format":"standard","meta":{"footnotes":""},"categories":[10],"tags":[101,1011,27,72,27305,226,585,71],"class_list":{"0":"post-234603","1":"post","2":"type-post","3":"status-publish","4":"format-standard","5":"has-post-thumbnail","7":"category-sante","8":"tag-cancer","9":"tag-fr","10":"tag-france","11":"tag-health","12":"tag-mdecine","13":"tag-maladie","14":"tag-sant","15":"tag-sante"},"share_on_mastodon":{"url":"https:\/\/pubeurope.com\/@fr\/114816516435707086","error":""},"_links":{"self":[{"href":"https:\/\/www.europesays.com\/fr\/wp-json\/wp\/v2\/posts\/234603","targetHints":{"allow":["GET"]}}],"collection":[{"href":"https:\/\/www.europesays.com\/fr\/wp-json\/wp\/v2\/posts"}],"about":[{"href":"https:\/\/www.europesays.com\/fr\/wp-json\/wp\/v2\/types\/post"}],"author":[{"embeddable":true,"href":"https:\/\/www.europesays.com\/fr\/wp-json\/wp\/v2\/users\/2"}],"replies":[{"embeddable":true,"href":"https:\/\/www.europesays.com\/fr\/wp-json\/wp\/v2\/comments?post=234603"}],"version-history":[{"count":0,"href":"https:\/\/www.europesays.com\/fr\/wp-json\/wp\/v2\/posts\/234603\/revisions"}],"wp:featuredmedia":[{"embeddable":true,"href":"https:\/\/www.europesays.com\/fr\/wp-json\/wp\/v2\/media\/234604"}],"wp:attachment":[{"href":"https:\/\/www.europesays.com\/fr\/wp-json\/wp\/v2\/media?parent=234603"}],"wp:term":[{"taxonomy":"category","embeddable":true,"href":"https:\/\/www.europesays.com\/fr\/wp-json\/wp\/v2\/categories?post=234603"},{"taxonomy":"post_tag","embeddable":true,"href":"https:\/\/www.europesays.com\/fr\/wp-json\/wp\/v2\/tags?post=234603"}],"curies":[{"name":"wp","href":"https:\/\/api.w.org\/{rel}","templated":true}]}}