{"id":234607,"date":"2025-07-08T07:50:09","date_gmt":"2025-07-08T07:50:09","guid":{"rendered":"https:\/\/www.europesays.com\/fr\/234607\/"},"modified":"2025-07-08T07:50:09","modified_gmt":"2025-07-08T07:50:09","slug":"amir-a-quelques-jours-dun-concert-gratuit-dans-le-sud-de-la-france-des-elus-sopposent-fermement-a-la-venue-de-lex-candidat-de-the-voice","status":"publish","type":"post","link":"https:\/\/www.europesays.com\/fr\/234607\/","title":{"rendered":"Amir : \u00e0 quelques jours d\u2019un concert gratuit dans le sud de la France, des \u00e9lus s\u2019opposent fermement \u00e0 la venue de l\u2019ex-candidat de \u00ab\u00a0The Voice\u00a0\u00bb"},"content":{"rendered":"<p><a href=\"https:\/\/www.public.fr\/amir-vise-en-plein-concert-le-show-brutalement-interrompu\" rel=\"nofollow noopener\" target=\"_blank\"><strong>Amir<\/strong><\/a> a fait du chemin depuis sa participation \u00e0 la troisi\u00e8me saison de The Voice : la plus belle voix en 2014.<\/p>\n<p>Plus de dix ans apr\u00e8s cette belle aventure, il poursuit sa route dans la musique avec passion. D\u00e9sormais <strong>\u00e0 la t\u00eate de quatre albums studio<\/strong>, dont le dernier en date, C amir, est sorti en septembre 2024, il s&rsquo;appr\u00eate \u00e0 remonter sur sc\u00e8ne dans les prochaines semaines. <\/p>\n<p>Un concert qui fait jaser<\/p>\n<p><strong>Le 26 juillet prochain, il se produira \u00e0 Gardanne, dans les Bouches-du-Rh\u00f4ne, lors d&rsquo;un concert gratuit organis\u00e9 sur le cours de la R\u00e9publique.<\/strong> Un \u00e9v\u00e9nement tr\u00e8s attendu par les m\u00e9lomanes\u2026 mais qui fait grincer quelques dents. Le syndicat CGT des agents municipaux a en effet exprim\u00e9 ses r\u00e9serves. Selon <a href=\"https:\/\/www.laprovence.com\/article\/societe\/1347314561240414\/la-venue-a-gardanne-du-chanteur-franco-israelien-amir-fait-polemique-cette-programmation-est-une-provocation\" target=\"_blank\" rel=\"noreferrer noopener nofollow\">les informations de La Provence<\/a>, la conf\u00e9d\u00e9ration \u00ab\u00a0s&rsquo;interroge\u00a0\u00bb. <\/p>\n<p>\u00ab\u00a0<strong>Il a effectu\u00e9 son service militaire dans l&rsquo;arm\u00e9e isra\u00e9lienne et assume son engagement id\u00e9ologique aux c\u00f4t\u00e9s de Tsahal, \u00e0 l&rsquo;heure m\u00eame o\u00f9 cette arm\u00e9e m\u00e8ne \u00e0 Gaza une offensive militaire d&rsquo;une violence extr\u00eame<\/strong>\u00ab\u00a0, indique le syndicat dans un communiqu\u00e9 relay\u00e9 par nos confr\u00e8res. \u00ab\u00a0Dans plusieurs villes, des associations ont appel\u00e9 au boycott de ses concerts. Ce n&rsquo;est pas la position de notre syndicat. Mais nous consid\u00e9rons l\u00e9gitime et n\u00e9cessaire d&rsquo;ouvrir un d\u00e9bat public sur ce choix de programmation\u00a0\u00bb. <\/p>\n<p>Le groupe d&rsquo;opposition Collectif citoyen Gardanne Biver, lui, ne m\u00e2che pas ses mots. Ses \u00e9lus ont clairement annonc\u00e9 qu&rsquo;ils boycotteront le concert : \u00ab\u00a0Comment peut-on accepter qu&rsquo;un homme qui soutient l&rsquo;extr\u00eame droite isra\u00e9lienne, loue Tsahal, l&rsquo;arm\u00e9e isra\u00e9lienne, dont il fut un soldat, justifie la guerre, se tait sur le g\u00e9nocide et la colonisation de la Cisjordanie [&#8230;] <strong>Cette programmation est une provocation \u00e0 l&rsquo;\u00e9gard de toutes les victimes du g\u00e9nocide, de toutes celles et ceux qui veulent la paix<\/strong>\u00ab\u00a0. <\/p>\n<p>\u00ab\u00a0Amir est n\u00e9 en Isra\u00ebl\u00a0\u00bb<\/p>\n<p>De son c\u00f4t\u00e9, la mairie, par l&rsquo;interm\u00e9diaire d&rsquo;Arnaud Mazille, adjoint (LR) \u00e0 la culture, se dit \u00ab\u00a0choqu\u00e9e\u00a0\u00bb et \u00ab\u00a0ahurie\u00a0\u00bb face \u00e0 cette pol\u00e9mique naissante.<\/p>\n<p>\u00ab\u00a0Ces propos sont incompr\u00e9hensibles. Depuis 5 ans Gardan&rsquo;Party se veut une f\u00eate populaire, festive, familiale. Hommes ou femmes, les artistes invit\u00e9s incarnent toute la diversit\u00e9 de la soci\u00e9t\u00e9 fran\u00e7aise. Le seul crit\u00e8re de s\u00e9lection, c&rsquo;est le talent. Oui, Amir est n\u00e9 en Isra\u00ebl, comme tous les jeunes hommes de l\u00e0-bas il a fait son service militaire. Mais il a aussi appel\u00e9 \u00e0 la paix. On veut importer le conflit isra\u00e9lo-palestinien pour l&rsquo;instrumentaliser \u00e0 des fins politiques. Alors <strong>la CGT s&rsquo;interroge, mais l&rsquo;opposition appelle au boycott. Ce n&rsquo;est pas r\u00e9publicain. C&rsquo;est m\u00eame une faillite morale<\/strong>\u00ab\u00a0. <\/p>\n<p>Reste d\u00e9sormais \u00e0 savoir si Amir montera finalement sur sc\u00e8ne&#8230; <\/p>\n<p>      Mentionn\u00e9s dans cet article<\/p>\n<p>\u00c0 lire aussi<\/p>\n","protected":false},"excerpt":{"rendered":"Amir a fait du chemin depuis sa participation \u00e0 la troisi\u00e8me saison de The Voice : la plus&hellip;\n","protected":false},"author":2,"featured_media":234608,"comment_status":"","ping_status":"","sticky":false,"template":"","format":"standard","meta":{"footnotes":""},"categories":[8],"tags":[33287,1697,3259,58,59,1011,27],"class_list":{"0":"post-234607","1":"post","2":"type-post","3":"status-publish","4":"format-standard","5":"has-post-thumbnail","7":"category-divertissement","8":"tag-amir","9":"tag-concert","10":"tag-conflit-israelo-palestinien","11":"tag-divertissement","12":"tag-entertainment","13":"tag-fr","14":"tag-france"},"share_on_mastodon":{"url":"https:\/\/pubeurope.com\/@fr\/114816525156506251","error":""},"_links":{"self":[{"href":"https:\/\/www.europesays.com\/fr\/wp-json\/wp\/v2\/posts\/234607","targetHints":{"allow":["GET"]}}],"collection":[{"href":"https:\/\/www.europesays.com\/fr\/wp-json\/wp\/v2\/posts"}],"about":[{"href":"https:\/\/www.europesays.com\/fr\/wp-json\/wp\/v2\/types\/post"}],"author":[{"embeddable":true,"href":"https:\/\/www.europesays.com\/fr\/wp-json\/wp\/v2\/users\/2"}],"replies":[{"embeddable":true,"href":"https:\/\/www.europesays.com\/fr\/wp-json\/wp\/v2\/comments?post=234607"}],"version-history":[{"count":0,"href":"https:\/\/www.europesays.com\/fr\/wp-json\/wp\/v2\/posts\/234607\/revisions"}],"wp:featuredmedia":[{"embeddable":true,"href":"https:\/\/www.europesays.com\/fr\/wp-json\/wp\/v2\/media\/234608"}],"wp:attachment":[{"href":"https:\/\/www.europesays.com\/fr\/wp-json\/wp\/v2\/media?parent=234607"}],"wp:term":[{"taxonomy":"category","embeddable":true,"href":"https:\/\/www.europesays.com\/fr\/wp-json\/wp\/v2\/categories?post=234607"},{"taxonomy":"post_tag","embeddable":true,"href":"https:\/\/www.europesays.com\/fr\/wp-json\/wp\/v2\/tags?post=234607"}],"curies":[{"name":"wp","href":"https:\/\/api.w.org\/{rel}","templated":true}]}}