{"id":234615,"date":"2025-07-08T07:54:13","date_gmt":"2025-07-08T07:54:13","guid":{"rendered":"https:\/\/www.europesays.com\/fr\/234615\/"},"modified":"2025-07-08T07:54:13","modified_gmt":"2025-07-08T07:54:13","slug":"francois-bayrou-sapprete-a-exaucer-les-voeux-de-la-droite-liberation","status":"publish","type":"post","link":"https:\/\/www.europesays.com\/fr\/234615\/","title":{"rendered":"Fran\u00e7ois Bayrou s\u2019appr\u00eate \u00e0 exaucer les v\u0153ux de la droite \u2013 Lib\u00e9ration"},"content":{"rendered":"<p class=\"sc-ksZaOG ehjQrN text-element\">Telle Sh\u00e9h\u00e9razade, <a href=\"https:\/\/www.liberation.fr\/politique\/conclave-des-retraites-a-matignon-la-strategie-des-mille-et-une-nuits-de-francois-bayrou-20250624_DDWYLZXPPVABPAT3YHXL36BO3U\/\" target=\"_blank\" rel=\"noopener\" title=\"https:\/\/www.liberation.fr\/politique\/conclave-des-retraites-a-matignon-la-strategie-des-mille-et-une-nuits-de-francois-bayrou-20250624_DDWYLZXPPVABPAT3YHXL36BO3U\/\">l\u2019h\u00e9ro\u00efne des Mille et Une Nuits qui invente chaque jour une nouvelle histoire<\/a> \u00e0 l\u2019int\u00e9rieur de son r\u00e9cit principal pour se voir graci\u00e9e au moins jusqu\u2019au lendemain par un bourreau d\u00e9vor\u00e9 par la curiosit\u00e9, Fran\u00e7ois Bayrou ouvre les dossiers \u00e0 tours de bras. Un \u00e9parpillement critiqu\u00e9, mais qui lui a permis jusqu\u2019ici d\u2019\u00eatre \u00e9pargn\u00e9 par les motions de censure. Cette semaine, le Premier ministre tente une nouvelle fois de forcer le passage de la r\u00e9forme des modes de scrutin municipaux de Paris, Lyon et Marseille (loi \u00abPLM\u00bb), pourtant rejet\u00e9e par la droite s\u00e9natoriale en commission mixte paritaire. <a href=\"https:\/\/www.liberation.fr\/politique\/la-grosse-ficelle-de-bayrou-sur-la-proportionnelle-pour-survivre-a-la-censure-sur-le-budget-20250630_QJNU4LVMC5FG5B5JDNWUX2D35Q\/\" target=\"_blank\" rel=\"noopener\" title=\"https:\/\/www.liberation.fr\/politique\/la-grosse-ficelle-de-bayrou-sur-la-proportionnelle-pour-survivre-a-la-censure-sur-le-budget-20250630_QJNU4LVMC5FG5B5JDNWUX2D35Q\/\">Ses pistes pour le budget 2026 sont attendues le 15 juillet<\/a> et tous les partis sont en embuscade, pr\u00eats \u00e0 d\u00e9gainer leurs lignes <\/p>\n","protected":false},"excerpt":{"rendered":"Telle Sh\u00e9h\u00e9razade, l\u2019h\u00e9ro\u00efne des Mille et Une Nuits qui invente chaque jour une nouvelle histoire \u00e0 l\u2019int\u00e9rieur de&hellip;\n","protected":false},"author":2,"featured_media":234616,"comment_status":"","ping_status":"","sticky":false,"template":"","format":"standard","meta":{"footnotes":""},"categories":[4],"tags":[11,25548,1011,27,431,3228,12,25],"class_list":{"0":"post-234615","1":"post","2":"type-post","3":"status-publish","4":"format-standard","5":"has-post-thumbnail","7":"category-france","8":"tag-actualites","9":"tag-budget-public","10":"tag-fr","11":"tag-france","12":"tag-francois-bayrou","13":"tag-lr","14":"tag-news","15":"tag-republique-francaise"},"share_on_mastodon":{"url":"https:\/\/pubeurope.com\/@fr\/114816540283518346","error":""},"_links":{"self":[{"href":"https:\/\/www.europesays.com\/fr\/wp-json\/wp\/v2\/posts\/234615","targetHints":{"allow":["GET"]}}],"collection":[{"href":"https:\/\/www.europesays.com\/fr\/wp-json\/wp\/v2\/posts"}],"about":[{"href":"https:\/\/www.europesays.com\/fr\/wp-json\/wp\/v2\/types\/post"}],"author":[{"embeddable":true,"href":"https:\/\/www.europesays.com\/fr\/wp-json\/wp\/v2\/users\/2"}],"replies":[{"embeddable":true,"href":"https:\/\/www.europesays.com\/fr\/wp-json\/wp\/v2\/comments?post=234615"}],"version-history":[{"count":0,"href":"https:\/\/www.europesays.com\/fr\/wp-json\/wp\/v2\/posts\/234615\/revisions"}],"wp:featuredmedia":[{"embeddable":true,"href":"https:\/\/www.europesays.com\/fr\/wp-json\/wp\/v2\/media\/234616"}],"wp:attachment":[{"href":"https:\/\/www.europesays.com\/fr\/wp-json\/wp\/v2\/media?parent=234615"}],"wp:term":[{"taxonomy":"category","embeddable":true,"href":"https:\/\/www.europesays.com\/fr\/wp-json\/wp\/v2\/categories?post=234615"},{"taxonomy":"post_tag","embeddable":true,"href":"https:\/\/www.europesays.com\/fr\/wp-json\/wp\/v2\/tags?post=234615"}],"curies":[{"name":"wp","href":"https:\/\/api.w.org\/{rel}","templated":true}]}}