{"id":234619,"date":"2025-07-08T07:56:11","date_gmt":"2025-07-08T07:56:11","guid":{"rendered":"https:\/\/www.europesays.com\/fr\/234619\/"},"modified":"2025-07-08T07:56:11","modified_gmt":"2025-07-08T07:56:11","slug":"le-chu-de-saint-etienne-redonne-laudition-aux-patients","status":"publish","type":"post","link":"https:\/\/www.europesays.com\/fr\/234619\/","title":{"rendered":"le CHU de Saint-Etienne redonne l&rsquo;audition aux patients"},"content":{"rendered":"<p><img decoding=\"async\" class=\"\" style=\"width:100%\" src=\"https:\/\/www.europesays.com\/fr\/wp-content\/uploads\/2025\/07\/ORL_CHU_Saint_1751948336943.png\" alt=\"Le CHU de Saint-Etienne a r\u00e9alis\u00e9 une op\u00e9ration gr\u00e2ce \u00e0 un robot et un scanner\"\/><\/p>\n<p>Le CHU de Saint-Etienne a r\u00e9alis\u00e9 une op\u00e9ration gr\u00e2ce \u00e0 un robot et un scanner<\/p>\n<p>Cr\u00e9dit : CHU de Saint-Etienne<\/p>\n<p>Cela fait d\u00e9j\u00e0 quelques ann\u00e9es que l&rsquo;installation d&rsquo;implants internes pour les patients atteints de surdit\u00e9 bilat\u00e9rale \u00e9tait possible. D&rsquo;ailleurs, le CHU de Saint-Etienne disposait d\u00e9j\u00e0 d&rsquo;un robot avec bras articul\u00e9 pour r\u00e9aliser ce type d&rsquo;op\u00e9ration depuis 2023. Mais un nouveau pas vient d&rsquo;\u00eatre franchit mi-juin par l&rsquo;h\u00f4pital.<\/p>\n<p>Du mat\u00e9riel plus performant<\/p>\n<p>Gr\u00e2ce \u00e0 un robot au bras articul\u00e9 et surtout \u00e0 un scanner qui permet de guider et d&rsquo;installer pr\u00e9cis\u00e9ment l&rsquo;implant dans l&rsquo;oreille, l&rsquo;op\u00e9ration s&rsquo;est d\u00e9roul\u00e9e avec succ\u00e8s. Et c&rsquo;est donc une victoire que le CHU de Saint-Etienne a partag\u00e9 en vid\u00e9o sur ses r\u00e9seaux sociaux ce lundi 7 juillet.<\/p>\n<p>D\u00e9but juin, le CHU de La Piti\u00e9-Salpetri\u00e8re avait lui aussi r\u00e9alis\u00e9 l&rsquo;op\u00e9ration conjointement sur un adulte et un enfant, avec le m\u00eame robot. Mais le CHU de Saint-Etienne pr\u00e9sente leur inovation comme une premi\u00e8re mondiale gr\u00e2ce \u00e0 l&rsquo;utilisation du scanner, qui rend la pose encore plus pr\u00e9cise. L&rsquo;h\u00f4pital indique que d&rsquo;autres op\u00e9rations du m\u00eame type sont d\u00e9j\u00e0 programm\u00e9es.<\/p>\n","protected":false},"excerpt":{"rendered":"Le CHU de Saint-Etienne a r\u00e9alis\u00e9 une op\u00e9ration gr\u00e2ce \u00e0 un robot et un scanner Cr\u00e9dit : CHU&hellip;\n","protected":false},"author":2,"featured_media":234620,"comment_status":"","ping_status":"","sticky":false,"template":"","format":"standard","meta":{"footnotes":""},"categories":[9653],"tags":[1111,11,2430,27853,1777,674,1011,27,100,5701,12,1476,37324,25,4001],"class_list":{"0":"post-234619","1":"post","2":"type-post","3":"status-publish","4":"format-standard","5":"has-post-thumbnail","7":"category-saint-etienne","8":"tag-actu","9":"tag-actualites","10":"tag-auvergne-rhone-alpes","11":"tag-chu-saint-etienne","12":"tag-eu","13":"tag-europe","14":"tag-fr","15":"tag-france","16":"tag-hopital","17":"tag-innovation","18":"tag-news","19":"tag-operation","20":"tag-orl","21":"tag-republique-francaise","22":"tag-saint-etienne"},"share_on_mastodon":{"url":"https:\/\/pubeurope.com\/@fr\/114816547928667796","error":""},"_links":{"self":[{"href":"https:\/\/www.europesays.com\/fr\/wp-json\/wp\/v2\/posts\/234619","targetHints":{"allow":["GET"]}}],"collection":[{"href":"https:\/\/www.europesays.com\/fr\/wp-json\/wp\/v2\/posts"}],"about":[{"href":"https:\/\/www.europesays.com\/fr\/wp-json\/wp\/v2\/types\/post"}],"author":[{"embeddable":true,"href":"https:\/\/www.europesays.com\/fr\/wp-json\/wp\/v2\/users\/2"}],"replies":[{"embeddable":true,"href":"https:\/\/www.europesays.com\/fr\/wp-json\/wp\/v2\/comments?post=234619"}],"version-history":[{"count":0,"href":"https:\/\/www.europesays.com\/fr\/wp-json\/wp\/v2\/posts\/234619\/revisions"}],"wp:featuredmedia":[{"embeddable":true,"href":"https:\/\/www.europesays.com\/fr\/wp-json\/wp\/v2\/media\/234620"}],"wp:attachment":[{"href":"https:\/\/www.europesays.com\/fr\/wp-json\/wp\/v2\/media?parent=234619"}],"wp:term":[{"taxonomy":"category","embeddable":true,"href":"https:\/\/www.europesays.com\/fr\/wp-json\/wp\/v2\/categories?post=234619"},{"taxonomy":"post_tag","embeddable":true,"href":"https:\/\/www.europesays.com\/fr\/wp-json\/wp\/v2\/tags?post=234619"}],"curies":[{"name":"wp","href":"https:\/\/api.w.org\/{rel}","templated":true}]}}