{"id":234625,"date":"2025-07-08T07:59:18","date_gmt":"2025-07-08T07:59:18","guid":{"rendered":"https:\/\/www.europesays.com\/fr\/234625\/"},"modified":"2025-07-08T07:59:18","modified_gmt":"2025-07-08T07:59:18","slug":"telechargez-nos-supplements-dans-les-academies-de-besancon-et-de-metz-nancy","status":"publish","type":"post","link":"https:\/\/www.europesays.com\/fr\/234625\/","title":{"rendered":"t\u00e9l\u00e9chargez nos suppl\u00e9ments dans les acad\u00e9mies de Besan\u00e7on et de Metz-Nancy !"},"content":{"rendered":"<p>Chaque ann\u00e9e, c&rsquo;est la tradition L&rsquo;Est R\u00e9publicain, Le R\u00e9publicain Lorrain et Vosges Matin mettent \u00e0 l&rsquo;honneur les nouveaux bacheliers et plus particuli\u00e8rement ceux qui ont obtenu une mention \u00ab Tr\u00e8s Bien \u00bb au baccalaur\u00e9at. Mais comme toute tradition, il faut savoir \u00e9voluer et vivre avec son temps : <a href=\"https:\/\/www.estrepublicain.fr\/education\/baccalaureat-mention-tres-bien\" target=\"_blank\" rel=\"noopener\">c&rsquo;est donc d&rsquo;abord sur Internet que vous avez pu d\u00e9couvrir ces nouveaux bacheliers<\/a>, fra\u00eechement dipl\u00f4m\u00e9s. Lyc\u00e9e par lyc\u00e9e, vous avez pu rencontrer nos correspondants locaux ou nous livrer directement vos\u00a0premi\u00e8res r\u00e9actions et vos projets pour l&rsquo;avenir. Notre fa\u00e7on, \u00e0 nous, de vous f\u00e9liciter.<\/p>\n<p>Et d\u00e9sormais, c&rsquo;est dans notre suppl\u00e9ment num\u00e9rique qu&rsquo;on vous propose de retrouver l&rsquo;ensemble de ces portraits. Dans le Doubs, la Haute-Sa\u00f4ne et le Territoire de Belfort pour l&rsquo;Acad\u00e9mie de Besan\u00e7on, en Meurthe-et-Moselle, en Meuse, en Moselle et dans les Vosges, pour l&rsquo;acad\u00e9mie de Metz-Nancy, un suppl\u00e9ment exceptionnel de votre journal, \u00e0 conserver, \u00e0 d\u00e9faut de pouvoir le d\u00e9couper. Et \u00e0 montrer \u00e0 vos proches, votre famille.<\/p>\n<p>Bonne lecture et bonnes vacances !<\/p>\n","protected":false},"excerpt":{"rendered":"Chaque ann\u00e9e, c&rsquo;est la tradition L&rsquo;Est R\u00e9publicain, Le R\u00e9publicain Lorrain et Vosges Matin mettent \u00e0 l&rsquo;honneur les nouveaux&hellip;\n","protected":false},"author":2,"featured_media":234626,"comment_status":"","ping_status":"","sticky":false,"template":"","format":"standard","meta":{"footnotes":""},"categories":[9635],"tags":[1111,11,36609,3602,10332,14383,1707,1704,1706,14384,1705,10174,8698,1057,1777,674,10961,1011,27,329,775,3457,1702,12,11058,3456,25,273],"class_list":{"0":"post-234625","1":"post","2":"type-post","3":"status-publish","4":"format-standard","5":"has-post-thumbnail","7":"category-nancy","8":"tag-actu","9":"tag-actualites","10":"tag-baccalaureat-mention-tres-bien","11":"tag-edition-bar-le-duc","12":"tag-edition-belfort-hericourt-montbeliard","13":"tag-edition-besancon","14":"tag-edition-luneville","15":"tag-edition-nancy-et-agglomeration","16":"tag-edition-pont-a-mousson","17":"tag-edition-pontarlier-haut-doubs","18":"tag-edition-toul","19":"tag-edition-verdun","20":"tag-edition-vesoul-haute-saone","21":"tag-education","22":"tag-eu","23":"tag-europe","24":"tag-examen-diplome","25":"tag-fr","26":"tag-france","27":"tag-france-monde","28":"tag-grand-est","29":"tag-meurthe-et-moselle","30":"tag-nancy","31":"tag-news","32":"tag-region-franche-comte","33":"tag-region-lorraine","34":"tag-republique-francaise","35":"tag-selection-de-la-redaction"},"share_on_mastodon":{"url":"","error":"Validation failed: Text character limit of 500 exceeded"},"_links":{"self":[{"href":"https:\/\/www.europesays.com\/fr\/wp-json\/wp\/v2\/posts\/234625","targetHints":{"allow":["GET"]}}],"collection":[{"href":"https:\/\/www.europesays.com\/fr\/wp-json\/wp\/v2\/posts"}],"about":[{"href":"https:\/\/www.europesays.com\/fr\/wp-json\/wp\/v2\/types\/post"}],"author":[{"embeddable":true,"href":"https:\/\/www.europesays.com\/fr\/wp-json\/wp\/v2\/users\/2"}],"replies":[{"embeddable":true,"href":"https:\/\/www.europesays.com\/fr\/wp-json\/wp\/v2\/comments?post=234625"}],"version-history":[{"count":0,"href":"https:\/\/www.europesays.com\/fr\/wp-json\/wp\/v2\/posts\/234625\/revisions"}],"wp:featuredmedia":[{"embeddable":true,"href":"https:\/\/www.europesays.com\/fr\/wp-json\/wp\/v2\/media\/234626"}],"wp:attachment":[{"href":"https:\/\/www.europesays.com\/fr\/wp-json\/wp\/v2\/media?parent=234625"}],"wp:term":[{"taxonomy":"category","embeddable":true,"href":"https:\/\/www.europesays.com\/fr\/wp-json\/wp\/v2\/categories?post=234625"},{"taxonomy":"post_tag","embeddable":true,"href":"https:\/\/www.europesays.com\/fr\/wp-json\/wp\/v2\/tags?post=234625"}],"curies":[{"name":"wp","href":"https:\/\/api.w.org\/{rel}","templated":true}]}}