{"id":234639,"date":"2025-07-08T08:07:12","date_gmt":"2025-07-08T08:07:12","guid":{"rendered":"https:\/\/www.europesays.com\/fr\/234639\/"},"modified":"2025-07-08T08:07:12","modified_gmt":"2025-07-08T08:07:12","slug":"des-chutes-darbres-et-une-maison-frappee-par-la-foudre","status":"publish","type":"post","link":"https:\/\/www.europesays.com\/fr\/234639\/","title":{"rendered":"des chutes d&rsquo;arbres et une maison frapp\u00e9e par la foudre"},"content":{"rendered":"<p>            Par<br \/>\n        <strong><br \/>\n            <a href=\"https:\/\/actu.fr\/auteur\/lisa-rodrigues\" title=\"Consulter tous les articles de Lisa Rodrigues\" rel=\"nofollow noopener\" target=\"_blank\">Lisa Rodrigues<\/a><br \/>\n        <\/strong><\/p>\n<p>        Publi\u00e9 le<\/p>\n<p>            8 juil. 2025 \u00e0 9h23        <\/p>\n<p>Ils \u00e9taient <a href=\"https:\/\/actu.fr\/auvergne-rhone-alpes\/grenoble_38185\/meteo-en-isere-des-orages-vont-eclater-selon-meteo-france-voici-les-zones-concernees_62876703.html\" rel=\"nofollow noopener\" target=\"_blank\">annonc\u00e9s<\/a> pour lundi 7 juillet. Un <strong>bref mais intense \u00e9pisode orageux<\/strong> a balay\u00e9 l\u2019agglom\u00e9ration de <a href=\"https:\/\/actu.fr\/auvergne-rhone-alpes\/grenoble_38185\" rel=\"nofollow noopener\" target=\"_blank\">Grenoble<\/a> sur le fin de journ\u00e9e, provoquant quelques d\u00e9g\u00e2ts.<\/p>\n<p class=\" wall-content\">Ce sont notamment des appels pour des <strong>chutes d\u2019arbres<\/strong> sur la chauss\u00e9e qui ont occup\u00e9 une partie des lignes t\u00e9l\u00e9phoniques des secours is\u00e9rois.<\/p>\n<p>Les images des chutes d\u2019arbres<\/p>\n<p class=\" wall-content\">\u00c0 Grenoble, au moins deux voitures ont fait les frais d\u2019arbres touch\u00e9s par les pr\u00e9cipitations au niveau d\u2019un feu tricolore, \u00e0 quelques m\u00e8tres du mus\u00e9e. Des images qui ont fait le tour des <a href=\"https:\/\/www.instagram.com\/les.grenoblois\/\" rel=\"nofollow noopener\" target=\"_blank\">r\u00e9seaux sociaux<\/a>.<\/p>\n<p class=\" wall-content\"><a href=\"https:\/\/www.instagram.com\/reel\/DL0G7GHNrBM\/embed\" title=\"Ouvrir le lien sur Instagram\" rel=\"nofollow noopener\" target=\"_blank\">Visualiser le contenu sur Instagram<\/a><\/p>\n<p class=\" wall-content\">Fort heureusement, <strong>aucun bless\u00e9<\/strong> n\u2019est \u00e0 d\u00e9plorer.<\/p>\n<p class=\" wall-content\">Ailleurs sur l\u2019agglom\u00e9ration de Grenoble, seul un homme a d\u00fb \u00eatre pris en charge par les secours \u00e0 <a href=\"https:\/\/actu.fr\/auvergne-rhone-alpes\/saint-martin-d-heres_38421\" rel=\"nofollow noopener\" target=\"_blank\">Saint-Martin-d\u2019H\u00e8res<\/a>, l\u00e9g\u00e8rement touch\u00e9 par la chute d\u2019un arbre sur un parking.<\/p>\n<p>Vid\u00e9os : en ce moment sur Actu<\/p>\n<p class=\" wall-content\">\n<p>Une maison en partie d\u00e9truite<\/p>\n<p class=\" wall-content\">Un peu plus tard dans la soir\u00e9e, peu avant 21 heures, c\u2019est \u00e0 <a href=\"https:\/\/actu.fr\/auvergne-rhone-alpes\/saint-pierre-de-chartreuse_38442\" rel=\"nofollow noopener\" target=\"_blank\">Saint-Pierre-de-Chartreuse<\/a> que la toiture d\u2019une maison sur la D57B a pris feu, vraisemblablement apr\u00e8s un <strong>impact de foudre<\/strong>.<\/p>\n<p>    <a href=\"https:\/\/www.google.com\/maps\/embed?pb=!1m18!1m12!1m3!1d4718.502243492509!2d5.785649625697051!3d45.31573323971818!2m3!1f0!2f0!3f0!3m2!1i1024!2i768!4f13.1!3m3!1m2!1s0x478af84ff9d6a80b%3A0x408ab2ae4be68d0!2s38380%20Saint-Pierre-de-Chartreuse!5e0!3m2!1sfr!2sfr!4v1751958424358!5m2!1sfr!2sfr\" title=\"Ouvrie le lien\" rel=\"nofollow noopener\" target=\"_blank\">Cliquez ici pour visualiser le contenu<\/a><\/p>\n<p class=\" wall-content\">Les pompiers sont rapidement intervenus sur les lieux pour \u00e9teindre l\u2019incendie, qui a partiellement d\u00e9truit l\u2019habitation.<\/p>\n<p class=\" wall-content\">L\u00e0 aussi, aucun bless\u00e9 n\u2019est \u00e0 d\u00e9plorer, les trois personnes habitant les lieux ayant pu sortir de la maison avant l\u2019arriv\u00e9e des secours.\u00a0<\/p>\n<p class=\" wall-content\">Suivez toute l\u2019actualit\u00e9 de vos villes et m\u00e9dias favoris en vous inscrivant \u00e0 <a href=\"https:\/\/moncompte.actu.fr\" title=\"D\u00e9couvez Mon Actu\" rel=\"nofollow noopener\" data-trk=\"{&quot;cta&quot;:{&quot;action&quot;:&quot;https:\\\/\\\/moncompte.actu.fr&quot;,&quot;category&quot;:&quot;mon compte&quot;,&quot;from&quot;:&quot;article footer&quot;,&quot;name&quot;:&quot;Mon actu&quot;,&quot;type&quot;:&quot;cta&quot;}}\" target=\"_blank\">Mon Actu<\/a>.<\/p>\n<p>                    <script async src=\"\/\/www.instagram.com\/embed.js\"><\/script><\/p>\n","protected":false},"excerpt":{"rendered":"Par Lisa Rodrigues Publi\u00e9 le 8 juil. 2025 \u00e0 9h23 Ils \u00e9taient annonc\u00e9s pour lundi 7 juillet. Un&hellip;\n","protected":false},"author":2,"featured_media":234640,"comment_status":"","ping_status":"","sticky":false,"template":"","format":"standard","meta":{"footnotes":""},"categories":[9566],"tags":[1111,11,2430,1777,674,1011,27,2731,2487,2357,12,4594,25],"class_list":{"0":"post-234639","1":"post","2":"type-post","3":"status-publish","4":"format-standard","5":"has-post-thumbnail","7":"category-grenoble","8":"tag-actu","9":"tag-actualites","10":"tag-auvergne-rhone-alpes","11":"tag-eu","12":"tag-europe","13":"tag-fr","14":"tag-france","15":"tag-grenoble","16":"tag-meteo","17":"tag-meteo-france","18":"tag-news","19":"tag-orages","20":"tag-republique-francaise"},"share_on_mastodon":{"url":"https:\/\/pubeurope.com\/@fr\/114816591186566923","error":""},"_links":{"self":[{"href":"https:\/\/www.europesays.com\/fr\/wp-json\/wp\/v2\/posts\/234639","targetHints":{"allow":["GET"]}}],"collection":[{"href":"https:\/\/www.europesays.com\/fr\/wp-json\/wp\/v2\/posts"}],"about":[{"href":"https:\/\/www.europesays.com\/fr\/wp-json\/wp\/v2\/types\/post"}],"author":[{"embeddable":true,"href":"https:\/\/www.europesays.com\/fr\/wp-json\/wp\/v2\/users\/2"}],"replies":[{"embeddable":true,"href":"https:\/\/www.europesays.com\/fr\/wp-json\/wp\/v2\/comments?post=234639"}],"version-history":[{"count":0,"href":"https:\/\/www.europesays.com\/fr\/wp-json\/wp\/v2\/posts\/234639\/revisions"}],"wp:featuredmedia":[{"embeddable":true,"href":"https:\/\/www.europesays.com\/fr\/wp-json\/wp\/v2\/media\/234640"}],"wp:attachment":[{"href":"https:\/\/www.europesays.com\/fr\/wp-json\/wp\/v2\/media?parent=234639"}],"wp:term":[{"taxonomy":"category","embeddable":true,"href":"https:\/\/www.europesays.com\/fr\/wp-json\/wp\/v2\/categories?post=234639"},{"taxonomy":"post_tag","embeddable":true,"href":"https:\/\/www.europesays.com\/fr\/wp-json\/wp\/v2\/tags?post=234639"}],"curies":[{"name":"wp","href":"https:\/\/api.w.org\/{rel}","templated":true}]}}