{"id":234641,"date":"2025-07-08T08:08:08","date_gmt":"2025-07-08T08:08:08","guid":{"rendered":"https:\/\/www.europesays.com\/fr\/234641\/"},"modified":"2025-07-08T08:08:08","modified_gmt":"2025-07-08T08:08:08","slug":"deux-accidents-et-un-animal-errant-signales-sur-la-quatre-voies-pres-de-rennes","status":"publish","type":"post","link":"https:\/\/www.europesays.com\/fr\/234641\/","title":{"rendered":"Deux accidents et un animal errant signal\u00e9s sur la quatre-voies pr\u00e8s de Rennes"},"content":{"rendered":"<p>            Par<br \/>\n        <strong><br \/>\n            <a href=\"https:\/\/actu.fr\/auteur\/brian-legoff\" title=\"Consulter tous les articles de Brian Le Goff\" target=\"_blank\" rel=\"noopener\">Brian Le Goff<\/a><br \/>\n        <\/strong><\/p>\n<p>        Publi\u00e9 le<\/p>\n<p>            8 juil. 2025 \u00e0 9h29        <\/p>\n<p><strong>[Mise \u00e0 jour le mardi 8 juillet, \u00e0 9h33 :<\/strong> Un nouvel accident impliquant deux voitures sur la rocade de Rennes, dans le sens ext\u00e9rieur, au niveau de la porte de Lorient est \u00e9galement signal\u00e9.]<\/p>\n<p class=\" wall-content\"><strong>Attention pour les automobilistes circulant sur l\u2019A 84<\/strong> entre Liffr\u00e9 et Rennes, \u00e0 hauteur de Thorign\u00e9-Fouillard. Ce mardi 8\u00a0juillet, sur son site internet, Bison Fut\u00e9 indique que <strong>deux accidents<\/strong> ont eu lieu sur cette portion de quatre-voies.<\/p>\n<p class=\" wall-content\">Le premier, au nord de Thorign\u00e9-Fouillard, concerne <strong>un v\u00e9hicule l\u00e9ger et un deux-roues<\/strong> dans le sens nord-sud, situ\u00e9 \u00e0 environ 100\u00a0m\u00e8tres au d\u00e9but de la bretelle de sortie de l\u2019A 84 pour rejoindre la RD 812.<\/p>\n<p class=\" wall-content\">Au m\u00eame niveau, Bison Fut\u00e9 indique la pr\u00e9sence <strong>d\u2019un animal errant<\/strong> sur l\u2019autoroute.<\/p>\n<p class=\" wall-content\">Un peu plus en amont encore, <strong>un deuxi\u00e8me accident<\/strong> impliquant cette fois<strong> deux v\u00e9hicules l\u00e9gers<\/strong> a \u00e9t\u00e9 signal\u00e9 dans le sens Liffr\u00e9-Rennes, en amont de Thorign\u00e9-Fouillard, sur la bande d\u2019arr\u00eat d\u2019urgence.<\/p>\n<p class=\" wall-content\">Contact\u00e9s aux alentours de 8\u2009h\u200945 par <a href=\"https:\/\/actu.fr\/rennes\/\" target=\"_blank\" rel=\"noopener\">actu Rennes<\/a>, les pompiers indiquent ne pas intervenir sur ces faits.<\/p>\n<p>Vid\u00e9os : en ce moment sur Actu<\/p>\n<p class=\" wall-content\">Suivez toute l\u2019actualit\u00e9 de vos villes et m\u00e9dias favoris en vous inscrivant \u00e0 <a href=\"https:\/\/moncompte.actu.fr\" title=\"D\u00e9couvez Mon Actu\" rel=\"nofollow noopener\" data-trk=\"{&quot;cta&quot;:{&quot;action&quot;:&quot;https:\\\/\\\/moncompte.actu.fr&quot;,&quot;category&quot;:&quot;mon compte&quot;,&quot;from&quot;:&quot;article footer&quot;,&quot;name&quot;:&quot;Mon actu&quot;,&quot;type&quot;:&quot;cta&quot;}}\" target=\"_blank\">Mon Actu<\/a>.<\/p>\n","protected":false},"excerpt":{"rendered":"Par Brian Le Goff Publi\u00e9 le 8 juil. 2025 \u00e0 9h29 [Mise \u00e0 jour le mardi 8 juillet,&hellip;\n","protected":false},"author":2,"featured_media":233183,"comment_status":"","ping_status":"","sticky":false,"template":"","format":"standard","meta":{"footnotes":""},"categories":[2821],"tags":[1111,11,6427,829,3542,1777,674,118,1011,27,803,12,584,25],"class_list":{"0":"post-234641","1":"post","2":"type-post","3":"status-publish","4":"format-standard","5":"has-post-thumbnail","7":"category-rennes","8":"tag-actu","9":"tag-actualites","10":"tag-bison-fute","11":"tag-bretagne","12":"tag-circulation","13":"tag-eu","14":"tag-europe","15":"tag-faits-divers","16":"tag-fr","17":"tag-france","18":"tag-info-trafic","19":"tag-news","20":"tag-rennes","21":"tag-republique-francaise"},"share_on_mastodon":{"url":"https:\/\/pubeurope.com\/@fr\/114816595243821459","error":""},"_links":{"self":[{"href":"https:\/\/www.europesays.com\/fr\/wp-json\/wp\/v2\/posts\/234641","targetHints":{"allow":["GET"]}}],"collection":[{"href":"https:\/\/www.europesays.com\/fr\/wp-json\/wp\/v2\/posts"}],"about":[{"href":"https:\/\/www.europesays.com\/fr\/wp-json\/wp\/v2\/types\/post"}],"author":[{"embeddable":true,"href":"https:\/\/www.europesays.com\/fr\/wp-json\/wp\/v2\/users\/2"}],"replies":[{"embeddable":true,"href":"https:\/\/www.europesays.com\/fr\/wp-json\/wp\/v2\/comments?post=234641"}],"version-history":[{"count":0,"href":"https:\/\/www.europesays.com\/fr\/wp-json\/wp\/v2\/posts\/234641\/revisions"}],"wp:featuredmedia":[{"embeddable":true,"href":"https:\/\/www.europesays.com\/fr\/wp-json\/wp\/v2\/media\/233183"}],"wp:attachment":[{"href":"https:\/\/www.europesays.com\/fr\/wp-json\/wp\/v2\/media?parent=234641"}],"wp:term":[{"taxonomy":"category","embeddable":true,"href":"https:\/\/www.europesays.com\/fr\/wp-json\/wp\/v2\/categories?post=234641"},{"taxonomy":"post_tag","embeddable":true,"href":"https:\/\/www.europesays.com\/fr\/wp-json\/wp\/v2\/tags?post=234641"}],"curies":[{"name":"wp","href":"https:\/\/api.w.org\/{rel}","templated":true}]}}