{"id":234646,"date":"2025-07-08T08:11:09","date_gmt":"2025-07-08T08:11:09","guid":{"rendered":"https:\/\/www.europesays.com\/fr\/234646\/"},"modified":"2025-07-08T08:11:09","modified_gmt":"2025-07-08T08:11:09","slug":"rc-strasbourg-le-transfert-de-soumaila-coulibaly-rapporte-aussi-au-psg","status":"publish","type":"post","link":"https:\/\/www.europesays.com\/fr\/234646\/","title":{"rendered":"RC Strasbourg. Le transfert de Souma\u00efla Coulibaly rapporte aussi au PSG"},"content":{"rendered":"<p><img fetchpriority=\"high\" decoding=\"async\" width=\"620\" height=\"413\" src=\"https:\/\/www.europesays.com\/fr\/wp-content\/uploads\/2025\/07\/Soumaila-Coulibaly-620x413.jpeg\" alt=\"RC Strasbourg. Le transfert de Souma\u00efla Coulibaly rapporte aussi au PSG\" class=\"wp-image-372152\"  \/>Souma\u00efla Coulibaly, un transfert qui rapporte au PSG. Et un peu \u00e0 Brest.<\/p>\n<p>Apr\u00e8s les d\u00e9parts du gardien Djordje Petrovic et du milieu Andrey Santos \u00e0 <a href=\"https:\/\/sportune.20minutes.fr\/chelsea-fc\" rel=\"nofollow noopener\" target=\"_blank\">Chelsea<\/a>, plus le milieu et capitaine Habib Diarra \u00e0 <a href=\"https:\/\/sportune.20minutes.fr\/sunderland-afc\" rel=\"nofollow noopener\" target=\"_blank\">Sunderland AFC<\/a>, le <a href=\"https:\/\/sportune.20minutes.fr\/rc-strasbourg-rcsa\" rel=\"nofollow noopener\" target=\"_blank\">RC Strasbourg<\/a> enclenche sa campagne de recrutement avec l\u2019arriv\u00e9e officialis\u00e9e ce lundi de Souma\u00efla Coulibaly.<\/p>\n<p>Un transfert \u00e0 7,5 M\u20ac pay\u00e9 par le RC Strasbourg<\/p>\n<p>Le d\u00e9fenseur central de 21 ans arrive en provenance du <a href=\"https:\/\/sportune.20minutes.fr\/borussia-dortmund-bvb\" rel=\"nofollow noopener\" target=\"_blank\">Borussia Dortmund<\/a>. Il s\u2019est engag\u00e9 pour quatre ans jusqu\u2019en 2029 avec une saison de plus en option. L\u2019op\u00e9ration est payante \u00e0 hauteur de 7,5 millions d\u2019euros pay\u00e9s au club allemand pour compenser la saison qu\u2019il restait au contrat du joueur alors sign\u00e9 jusqu\u2019en 2026.<\/p>\n<p>94 000\u00a0\u20ac au PSG, 38 000 \u20ac au Stade Brestois<\/p>\n<p>Logiquement, ce transfert doit rapporter sa part au club qui l\u2019ont form\u00e9, au premier rang desquels le <a href=\"https:\/\/sportune.20minutes.fr\/paris-saint-germain-psg\" rel=\"nofollow noopener\" target=\"_blank\">Paris Saint-Germain<\/a> que Souma\u00efla Coulibaly a fr\u00e9quent\u00e9 trois ans, entre ses quinze et dix-sept ans. A ce titre, le club de la capitale doit recevoir l\u2019\u00e9quivalent de 94 000 euros sur une op\u00e9ration \u00e0 7,5 millions d\u2019euros. Le <a href=\"https:\/\/sportune.20minutes.fr\/stade-brestois-sb29\" rel=\"nofollow noopener\" target=\"_blank\">Stade Brestois<\/a>, que le joueur a aussi fr\u00e9quent\u00e9 en pr\u00eat la saison derni\u00e8re, est aussi concern\u00e9 \u00e0 hauteur de 38 000 euros.<\/p>\n","protected":false},"excerpt":{"rendered":"Souma\u00efla Coulibaly, un transfert qui rapporte au PSG. Et un peu \u00e0 Brest. Apr\u00e8s les d\u00e9parts du gardien&hellip;\n","protected":false},"author":2,"featured_media":234647,"comment_status":"","ping_status":"","sticky":false,"template":"","format":"standard","meta":{"footnotes":""},"categories":[2820],"tags":[1111,11,1777,674,1011,27,775,12,93,4448,25,4449,640,969],"class_list":{"0":"post-234646","1":"post","2":"type-post","3":"status-publish","4":"format-standard","5":"has-post-thumbnail","7":"category-strasbourg","8":"tag-actu","9":"tag-actualites","10":"tag-eu","11":"tag-europe","12":"tag-fr","13":"tag-france","14":"tag-grand-est","15":"tag-news","16":"tag-psg","17":"tag-rc-strasbourg","18":"tag-republique-francaise","19":"tag-stade-brestois","20":"tag-strasbourg","21":"tag-transfert"},"share_on_mastodon":{"url":"https:\/\/pubeurope.com\/@fr\/114816606802546396","error":""},"_links":{"self":[{"href":"https:\/\/www.europesays.com\/fr\/wp-json\/wp\/v2\/posts\/234646","targetHints":{"allow":["GET"]}}],"collection":[{"href":"https:\/\/www.europesays.com\/fr\/wp-json\/wp\/v2\/posts"}],"about":[{"href":"https:\/\/www.europesays.com\/fr\/wp-json\/wp\/v2\/types\/post"}],"author":[{"embeddable":true,"href":"https:\/\/www.europesays.com\/fr\/wp-json\/wp\/v2\/users\/2"}],"replies":[{"embeddable":true,"href":"https:\/\/www.europesays.com\/fr\/wp-json\/wp\/v2\/comments?post=234646"}],"version-history":[{"count":0,"href":"https:\/\/www.europesays.com\/fr\/wp-json\/wp\/v2\/posts\/234646\/revisions"}],"wp:featuredmedia":[{"embeddable":true,"href":"https:\/\/www.europesays.com\/fr\/wp-json\/wp\/v2\/media\/234647"}],"wp:attachment":[{"href":"https:\/\/www.europesays.com\/fr\/wp-json\/wp\/v2\/media?parent=234646"}],"wp:term":[{"taxonomy":"category","embeddable":true,"href":"https:\/\/www.europesays.com\/fr\/wp-json\/wp\/v2\/categories?post=234646"},{"taxonomy":"post_tag","embeddable":true,"href":"https:\/\/www.europesays.com\/fr\/wp-json\/wp\/v2\/tags?post=234646"}],"curies":[{"name":"wp","href":"https:\/\/api.w.org\/{rel}","templated":true}]}}