{"id":234648,"date":"2025-07-08T08:12:10","date_gmt":"2025-07-08T08:12:10","guid":{"rendered":"https:\/\/www.europesays.com\/fr\/234648\/"},"modified":"2025-07-08T08:12:10","modified_gmt":"2025-07-08T08:12:10","slug":"elisez-votre-lieu-prefere-de-nice-1-7-coulee-verte-ou-promenade-des-anglais","status":"publish","type":"post","link":"https:\/\/www.europesays.com\/fr\/234648\/","title":{"rendered":"Elisez votre lieu pr\u00e9f\u00e9r\u00e9 de Nice (1\/7): coul\u00e9e verte ou promenade des Anglais?"},"content":{"rendered":"<p>Pour les d\u00e9partager, il va falloir voter. Huit lieux vont vous \u00eatre propos\u00e9s pendant sept semaines sous forme de duels. Chaque mardi, il va donc falloir trancher pour qu\u2019il n\u2019en reste plus qu\u2019un, qui sera d\u00e9voil\u00e9 le mardi 26 ao\u00fbt.<\/p>\n<p>Le premier duel oppose la coul\u00e9e verte et la promenade des Anglais. Vous d\u00e9couvrirez le vainqueur la semaine prochaine, en m\u00eame temps que le 2e duel.<\/p>\n<p>La coul\u00e9e verte<\/p>\n<p>Inaugur\u00e9 en 2013 dans le prolongement du jardin Albert-Ier, ce poumon vert, de son vrai nom promenade du Paillon, s\u2019\u00e9tend entre la place Mass\u00e9na et le Mus\u00e9e d\u2019art moderne et d\u2019art contemporain.\u00a0Son extension jusque devant le palais des expositions devrait s\u2019achever \u00e0 la fin de l\u2019ann\u00e9e 2025.<\/p>\n<p>Adopt\u00e9e par de nombreuses adultes pour une pause d\u00e9jeuner ou une balade, elle est surtout devenue le rendez-vous des parents en qu\u00eate d\u2019un terrain de jeux pour leurs enfants et, gr\u00e2ce \u00e0 son miroir d&rsquo;eau, un spot incontournable pour les amateurs de photographie.<\/p>\n<p>La promenade des Anglais<\/p>\n<p>Elle a souffl\u00e9 ses 200 bougies en 2024. Le modeste sentier, qui n\u2019avait pour vocation que de se balader en bord de mer et de contempler la baie des Anges, est devenu une des art\u00e8res embl\u00e9matiques de la ville.<\/p>\n<p>Les Anglais aimaient s\u2019y rendre lors de leurs vill\u00e9giatures hivernales, au d\u00e9but du XIXe si\u00e8cle. Elle doit son nom au r\u00e9v\u00e9rend Lewis Way qui \u00e9tait le pasteur de l\u2019\u00e9glise \u00e0 Nice en 1822.<\/p>\n<p>Baptis\u00e9e dans un premier temps le \u00ab\u00a0camin dei Ingl\u00e9s\u00a0\u00bb (chemin des Anglais), elle est devenue \u00ab\u00a0promenade\u00a0\u00bb avec son agrandissement, en 1835.<\/p>\n<p>A vos votes!\u00a0<\/p>\n","protected":false},"excerpt":{"rendered":"Pour les d\u00e9partager, il va falloir voter. Huit lieux vont vous \u00eatre propos\u00e9s pendant sept semaines sous forme&hellip;\n","protected":false},"author":2,"featured_media":234649,"comment_status":"","ping_status":"","sticky":false,"template":"","format":"standard","meta":{"footnotes":""},"categories":[2819],"tags":[1111,11,1777,674,1011,27,12,2401,882,25,3366],"class_list":{"0":"post-234648","1":"post","2":"type-post","3":"status-publish","4":"format-standard","5":"has-post-thumbnail","7":"category-nice","8":"tag-actu","9":"tag-actualites","10":"tag-eu","11":"tag-europe","12":"tag-fr","13":"tag-france","14":"tag-news","15":"tag-nice","16":"tag-provence-alpes-cote-dazur","17":"tag-republique-francaise","18":"tag-vie-locale"},"share_on_mastodon":{"url":"https:\/\/pubeurope.com\/@fr\/114816610706411054","error":""},"_links":{"self":[{"href":"https:\/\/www.europesays.com\/fr\/wp-json\/wp\/v2\/posts\/234648","targetHints":{"allow":["GET"]}}],"collection":[{"href":"https:\/\/www.europesays.com\/fr\/wp-json\/wp\/v2\/posts"}],"about":[{"href":"https:\/\/www.europesays.com\/fr\/wp-json\/wp\/v2\/types\/post"}],"author":[{"embeddable":true,"href":"https:\/\/www.europesays.com\/fr\/wp-json\/wp\/v2\/users\/2"}],"replies":[{"embeddable":true,"href":"https:\/\/www.europesays.com\/fr\/wp-json\/wp\/v2\/comments?post=234648"}],"version-history":[{"count":0,"href":"https:\/\/www.europesays.com\/fr\/wp-json\/wp\/v2\/posts\/234648\/revisions"}],"wp:featuredmedia":[{"embeddable":true,"href":"https:\/\/www.europesays.com\/fr\/wp-json\/wp\/v2\/media\/234649"}],"wp:attachment":[{"href":"https:\/\/www.europesays.com\/fr\/wp-json\/wp\/v2\/media?parent=234648"}],"wp:term":[{"taxonomy":"category","embeddable":true,"href":"https:\/\/www.europesays.com\/fr\/wp-json\/wp\/v2\/categories?post=234648"},{"taxonomy":"post_tag","embeddable":true,"href":"https:\/\/www.europesays.com\/fr\/wp-json\/wp\/v2\/tags?post=234648"}],"curies":[{"name":"wp","href":"https:\/\/api.w.org\/{rel}","templated":true}]}}