{"id":234650,"date":"2025-07-08T08:13:10","date_gmt":"2025-07-08T08:13:10","guid":{"rendered":"https:\/\/www.europesays.com\/fr\/234650\/"},"modified":"2025-07-08T08:13:10","modified_gmt":"2025-07-08T08:13:10","slug":"nice-deux-morts-et-un-blesse-grave-dans-un-accident-sur-la-promenade-des-anglais","status":"publish","type":"post","link":"https:\/\/www.europesays.com\/fr\/234650\/","title":{"rendered":"Nice : deux morts et un bless\u00e9 grave dans un accident sur la promenade des Anglais"},"content":{"rendered":"<ul class=\"jsx-862013697 ArticleChapo__List\">\n<li class=\"jsx-862013697 ArticleChapo__List_Item flex\">Un grave accident s&rsquo;est produit lundi soir sur la promenade des Anglais \u00e0 Nice.<\/li>\n<li class=\"jsx-862013697 ArticleChapo__List_Item flex\">Deux personnes ont perdu la vie et une autre a \u00e9t\u00e9 gri\u00e8vement bless\u00e9e.<\/li>\n<li class=\"jsx-862013697 ArticleChapo__List_Item flex\">Une enqu\u00eate a \u00e9t\u00e9 ouverte par le parquet pour d\u00e9terminer les circonstances du drame.<\/li>\n<\/ul>\n<p data-module=\"article-paragraph\" class=\"jsx-3046738180 Paragraph\">L&rsquo;accident s&rsquo;est produit dans la soir\u00e9e au niveau 480 de la promenade des Anglais. Peu avant 22h30, les sapeurs-pompiers des Alpes-Maritimes ont \u00e9t\u00e9 appel\u00e9s pour porter secours \u00e0 plusieurs victimes sur ce site renomm\u00e9 de la ville de Nice (Alpes-Maritimes).<\/p>\n<p data-module=\"article-paragraph\" class=\"jsx-3046738180 Paragraph Paragraph__End\">Selon les informations des secouristes, c&rsquo;est un deux-roues, avec \u00e0 son bord deux personnes et un v\u00e9lo qui sont entr\u00e9s en collision, faisant trois victimes. Le bilan d\u00e9finitif est en effet lourd. Les pompiers indiquent ainsi que le conducteur du v\u00e9lo, de sexe masculin et \u00e2g\u00e9 entre 30 et 40 ans, est d\u00e9c\u00e9d\u00e9. La passag\u00e8re du deux-roues, \u00e2g\u00e9e de 20 \u00e0 25 ans, est, elle aussi, d\u00e9c\u00e9d\u00e9e. Enfin, le conducteur du deux-roues, un homme \u00e2g\u00e9 entre 25 et 30 ans a \u00e9t\u00e9 gri\u00e8vement bless\u00e9. Il a \u00e9t\u00e9 transport\u00e9 au centre hospitalier Pasteur avec un pronostic vital engag\u00e9.\u00a0<\/p>\n<blockquote data-testid=\"EmbedTwitter\" id=\"tweet-1942344505824280982-:R2bmij9n79m:\" class=\"jsx-aeff1a1c40f54d7a twitter-tweet flex justify-center items-center\"><p>Ce soir vers 22h30 un grave accident s&rsquo;est produit sur la promenade des anglais \u00e0 Nice impliquant un v\u00e9lo et un deux roues motoris\u00e9s. 2 personnes sont d\u00e9c\u00e9d\u00e9es et 1 personne a \u00e9t\u00e9 prise en charge par les secours en \u00e9tat d&rsquo;urgence absolue. J&rsquo;adresse toutes mes condol\u00e9ances aux\u2026  pic.twitter.com\/WICTJTjMC4 \u2014 Pr\u00e9fet des Alpes-Maritimes\ud83c\uddeb\ud83c\uddf7 (@prefet06)  July 7, 2025<\/p><\/blockquote>\n<p>Une enqu\u00eate ouverte par le parquet de Nice<\/p>\n<p data-module=\"article-paragraph\" class=\"jsx-3046738180 Paragraph\">Au total, 17 sapeurs-pompiers et huit engins ont \u00e9t\u00e9 mobilis\u00e9s sur cette intervention. La police nationale et la police municipale se sont, elles aussi, d\u00e9plac\u00e9s sur les lieux de l&rsquo;accident.\u00a0Une enqu\u00eate a \u00e9t\u00e9 ouverte par le parquet de Nice. Sollicit\u00e9 par TF1info ce mardi matin, ce dernier n&rsquo;avait pas r\u00e9pondu \u00e0 9h15 \u00e0 notre demande d&rsquo;informations.\u00a0<\/p>\n<p data-module=\"article-paragraph\" class=\"jsx-3046738180 Paragraph Paragraph__End\">\u00ab\u00a0Un nouveau drame routier frappe notre ville. Mes pens\u00e9es vont aux victimes et \u00e0 leurs proches en ces moments tragiques. Un immense merci \u00e0 tous les agents, pompiers, policiers et secouristes mobilis\u00e9s qui interviennent sur place avec courage et d\u00e9vouement\u00a0\u00bb, a r\u00e9agi \u00c9ric Ciotti, Pr\u00e9sident de l\u2019Union des Droites pour la R\u00e9publique et D\u00e9put\u00e9 des Alpes-Maritimes.<\/p>\n<p>Aur\u00e9lie SARROT<\/p>\n<p><script async src=\"https:\/\/platform.twitter.com\/widgets.js\" charset=\"utf-8\"><\/script><\/p>\n","protected":false},"excerpt":{"rendered":"Un grave accident s&rsquo;est produit lundi soir sur la promenade des Anglais \u00e0 Nice. Deux personnes ont perdu&hellip;\n","protected":false},"author":2,"featured_media":234651,"comment_status":"","ping_status":"","sticky":false,"template":"","format":"standard","meta":{"footnotes":""},"categories":[2819],"tags":[3085,1111,11,1921,6537,1777,674,6017,5582,1011,27,1922,2954,12,2401,1072,4775,882,25,133,2953],"class_list":{"0":"post-234650","1":"post","2":"type-post","3":"status-publish","4":"format-standard","5":"has-post-thumbnail","7":"category-nice","8":"tag-accidents","9":"tag-actu","10":"tag-actualites","11":"tag-article-video","12":"tag-eric-ciotti","13":"tag-eu","14":"tag-europe","15":"tag-fait-divers","16":"tag-forces-de-lordre-armee-pompiers","17":"tag-fr","18":"tag-france","19":"tag-info","20":"tag-justice-et-faits-divers","21":"tag-news","22":"tag-nice","23":"tag-police","24":"tag-pompier","25":"tag-provence-alpes-cote-dazur","26":"tag-republique-francaise","27":"tag-video","28":"tag-video-police"},"share_on_mastodon":{"url":"https:\/\/pubeurope.com\/@fr\/114816614616379286","error":""},"_links":{"self":[{"href":"https:\/\/www.europesays.com\/fr\/wp-json\/wp\/v2\/posts\/234650","targetHints":{"allow":["GET"]}}],"collection":[{"href":"https:\/\/www.europesays.com\/fr\/wp-json\/wp\/v2\/posts"}],"about":[{"href":"https:\/\/www.europesays.com\/fr\/wp-json\/wp\/v2\/types\/post"}],"author":[{"embeddable":true,"href":"https:\/\/www.europesays.com\/fr\/wp-json\/wp\/v2\/users\/2"}],"replies":[{"embeddable":true,"href":"https:\/\/www.europesays.com\/fr\/wp-json\/wp\/v2\/comments?post=234650"}],"version-history":[{"count":0,"href":"https:\/\/www.europesays.com\/fr\/wp-json\/wp\/v2\/posts\/234650\/revisions"}],"wp:featuredmedia":[{"embeddable":true,"href":"https:\/\/www.europesays.com\/fr\/wp-json\/wp\/v2\/media\/234651"}],"wp:attachment":[{"href":"https:\/\/www.europesays.com\/fr\/wp-json\/wp\/v2\/media?parent=234650"}],"wp:term":[{"taxonomy":"category","embeddable":true,"href":"https:\/\/www.europesays.com\/fr\/wp-json\/wp\/v2\/categories?post=234650"},{"taxonomy":"post_tag","embeddable":true,"href":"https:\/\/www.europesays.com\/fr\/wp-json\/wp\/v2\/tags?post=234650"}],"curies":[{"name":"wp","href":"https:\/\/api.w.org\/{rel}","templated":true}]}}