{"id":234662,"date":"2025-07-08T08:19:09","date_gmt":"2025-07-08T08:19:09","guid":{"rendered":"https:\/\/www.europesays.com\/fr\/234662\/"},"modified":"2025-07-08T08:19:09","modified_gmt":"2025-07-08T08:19:09","slug":"un-pretre-condamne-pour-viol-sur-mineur-promu-par-le-diocese-de-toulouse","status":"publish","type":"post","link":"https:\/\/www.europesays.com\/fr\/234662\/","title":{"rendered":"Un pr\u00eatre condamn\u00e9 pour viol sur mineur promu par le dioc\u00e8se de Toulouse"},"content":{"rendered":"<p>L&rsquo;archev\u00eaque de Toulouse a nomm\u00e9 d\u00e9but juin <a href=\"https:\/\/www.laprovence.com\/article\/papier\/3918115\/a-toulouse-un-pretre-releve-de-ses-fonctions.html\" target=\"_blank\" rel=\"nofollow noopener\">un pr\u00eatre condamn\u00e9 pour viol sur mineur en 2006<\/a> comme chancelier, poste \u00e0 haute responsabilit\u00e9 au sein du dioc\u00e8se, selon un d\u00e9cret publi\u00e9 sur son site internet, rendu public ce lundi par le quotidien r\u00e9gional <a href=\"https:\/\/www.ladepeche.fr\/2025\/07\/07\/jai-pris-le-parti-de-la-misericorde-declare-larcheveque-de-toulouse-mgr-de-kerimel-en-nommant-chancelier-du-diocese-labbe-dominique-spina-condamne-en-12810743.php\" target=\"_blank\" rel=\"nofollow noopener\">La D\u00e9p\u00eache du Midi<\/a>.<\/p>\n<p>Dominique Spina a \u00e9t\u00e9 condamn\u00e9 en 2006 en appel \u00e0 Tarbes (Hautes-Pyr\u00e9n\u00e9es) alors qu&rsquo;il \u00e9tait pr\u00eatre du dioc\u00e8se de Bayonne (Pyr\u00e9n\u00e9es-Atlantiques) \u00e0 cinq ans de prison dont un avec sursis pour le viol d&rsquo;un lyc\u00e9en de 16 ans en 1993.<\/p>\n<p>\u00ab\u00a0Le parti de la mis\u00e9ricorde\u00a0\u00bb<\/p>\n<p>Dans un communiqu\u00e9 transmis lundi \u00e0 l&rsquo;AFP, l&rsquo;archev\u00eaque de Toulouse, Monseigneur Guy de K\u00e9rimel, a expliqu\u00e9 avoir \u00ab\u00a0pris le parti de la mis\u00e9ricorde\u00a0\u00bb \u00ab\u00a0en choisissant de nommer l&rsquo;abb\u00e9 Spina chancelier de la curie dioc\u00e9saine\u00a0\u00bb, alors qu&rsquo;il \u00e9tait depuis cinq ans employ\u00e9 aux archives, a-t-il pr\u00e9cis\u00e9.<\/p>\n<p>Selon le site internet du dioc\u00e8se, un chancelier est notamment en charge de l&rsquo;\u00e9tablissement et de la conservation des actes officiels de l&rsquo;archev\u00eaque, il apporte \u00e9galement aide et conseil sur l&rsquo;administration des sacrements aux pr\u00eatres et aux paroisses.<\/p>\n<p>\u00ab\u00a0Il est vrai que l\u2019abb\u00e9 Spina a accompli une peine de 5 ans de prison dont un avec sursis pour des faits tr\u00e8s graves qui se sont d\u00e9roul\u00e9s il y a pr\u00e8s de 30 ans\u00a0\u00bb, poursuit l\u2019archev\u00eaque dans son communiqu\u00e9.\u00a0<\/p>\n<p>Mais, fait-il remarquer, \u00ab\u00a0il n\u2019exerce plus de charge pastorale, sinon celle de c\u00e9l\u00e9brer l&rsquo;Eucharistie, seul ou exceptionnellement pour des fid\u00e8les. Consid\u00e9rant que nous n\u2019avons rien \u00e0 reprocher \u00e0 ce pr\u00eatre depuis ces trente derni\u00e8res ann\u00e9es pour faits susceptibles de faire l\u2019objet de poursuites judiciaires, canoniques ou civiles, j\u2019ai donc choisi de le nommer dans cette fonction administrative\u00a0\u00bb, indique encore Mgr de K\u00e9rimel.<\/p>\n<p>En 2016, le pr\u00e9d\u00e9cesseur de Mgr de K\u00e9rimel, Robert Le Gall, <a href=\"https:\/\/www.laprovence.com\/actu\/en-direct\/3916839\/viol-un-pretre-releve-de-ses-fonctions-apres-la-prison.html\" target=\"_blank\" rel=\"nofollow noopener\">avait relev\u00e9 de ses fonctions Dominique Spina<\/a> qui avait \u00e0 l&rsquo;\u00e9poque repris un office de pr\u00eatre en charge de l&rsquo;ensemble paroissial Fronton-Bouloc-Castelnau d&rsquo;Estr\u00e9tefonds, pr\u00e8s de Toulouse.<\/p>\n<p>La nomination de Dominique Spina au poste de chancelier et de d\u00e9l\u00e9gu\u00e9 \u00e9piscopal aux mariages \u00e0 compter du 1er septembre \u00ab\u00a0suscite l&rsquo;incompr\u00e9hension\u00a0\u00bb, a r\u00e9agi le m\u00e9dia <a href=\"https:\/\/tribunechretienne.com\/que-se-passe-t-il-dans-le-diocese-de-toulouse-la-nomination-du-pere-dominique-spina-condamne-pour-viol-sur-mineur-interroge\/\" target=\"_blank\" rel=\"nofollow noopener\">Tribune chr\u00e9tienne<\/a> son site internet.<\/p>\n","protected":false},"excerpt":{"rendered":"L&rsquo;archev\u00eaque de Toulouse a nomm\u00e9 d\u00e9but juin un pr\u00eatre condamn\u00e9 pour viol sur mineur en 2006 comme chancelier,&hellip;\n","protected":false},"author":2,"featured_media":234663,"comment_status":"","ping_status":"","sticky":false,"template":"","format":"standard","meta":{"footnotes":""},"categories":[2816],"tags":[17,1111,11,8652,1777,674,274,1011,27,1123,12,2680,471,5969,37327,25,3356,2312,1265],"class_list":{"0":"post-234662","1":"post","2":"type-post","3":"status-publish","4":"format-standard","5":"has-post-thumbnail","7":"category-toulouse","8":"tag-17","9":"tag-actu","10":"tag-actualites","11":"tag-condamne","12":"tag-eu","13":"tag-europe","14":"tag-faits-divers-justice","15":"tag-fr","16":"tag-france","17":"tag-mineur","18":"tag-news","19":"tag-occitanie","20":"tag-pour","21":"tag-pretre","22":"tag-promu","23":"tag-republique-francaise","24":"tag-sur","25":"tag-toulouse","26":"tag-viol"},"share_on_mastodon":{"url":"https:\/\/pubeurope.com\/@fr\/114816638226237335","error":""},"_links":{"self":[{"href":"https:\/\/www.europesays.com\/fr\/wp-json\/wp\/v2\/posts\/234662","targetHints":{"allow":["GET"]}}],"collection":[{"href":"https:\/\/www.europesays.com\/fr\/wp-json\/wp\/v2\/posts"}],"about":[{"href":"https:\/\/www.europesays.com\/fr\/wp-json\/wp\/v2\/types\/post"}],"author":[{"embeddable":true,"href":"https:\/\/www.europesays.com\/fr\/wp-json\/wp\/v2\/users\/2"}],"replies":[{"embeddable":true,"href":"https:\/\/www.europesays.com\/fr\/wp-json\/wp\/v2\/comments?post=234662"}],"version-history":[{"count":0,"href":"https:\/\/www.europesays.com\/fr\/wp-json\/wp\/v2\/posts\/234662\/revisions"}],"wp:featuredmedia":[{"embeddable":true,"href":"https:\/\/www.europesays.com\/fr\/wp-json\/wp\/v2\/media\/234663"}],"wp:attachment":[{"href":"https:\/\/www.europesays.com\/fr\/wp-json\/wp\/v2\/media?parent=234662"}],"wp:term":[{"taxonomy":"category","embeddable":true,"href":"https:\/\/www.europesays.com\/fr\/wp-json\/wp\/v2\/categories?post=234662"},{"taxonomy":"post_tag","embeddable":true,"href":"https:\/\/www.europesays.com\/fr\/wp-json\/wp\/v2\/tags?post=234662"}],"curies":[{"name":"wp","href":"https:\/\/api.w.org\/{rel}","templated":true}]}}