{"id":234666,"date":"2025-07-08T08:22:09","date_gmt":"2025-07-08T08:22:09","guid":{"rendered":"https:\/\/www.europesays.com\/fr\/234666\/"},"modified":"2025-07-08T08:22:09","modified_gmt":"2025-07-08T08:22:09","slug":"info-actu-marseille-un-homme-dune-quarantaine-dannees-tue-par-balles-une-enquete-ouverte","status":"publish","type":"post","link":"https:\/\/www.europesays.com\/fr\/234666\/","title":{"rendered":"INFO ACTU MARSEILLE. Un homme d&rsquo;une quarantaine d&rsquo;ann\u00e9es tu\u00e9 par balles, une enqu\u00eate ouverte"},"content":{"rendered":"<p>            Par<br \/>\n        <strong><br \/>\n            <a href=\"https:\/\/actu.fr\/auteur\/thibault-nadal-actu-fr\" title=\"Consulter tous les articles de Thibault Nadal\" target=\"_blank\" rel=\"noopener\">Thibault Nadal<\/a><br \/>\n        <\/strong><\/p>\n<p>        Publi\u00e9 le<\/p>\n<p>            8 juil. 2025 \u00e0 10h13        <\/p>\n<p><strong>Avec Fabien Binacchi<\/strong><\/p>\n<p class=\" wall-content\">INFO ACTU MARSEILLE. Drame \u00e0 Marseille. Dans la nuit du lundi\u00a07 au mardi 8\u00a0juillet, un homme d\u2019une quarantaine d\u2019ann\u00e9es a \u00e9t\u00e9 tu\u00e9 par balles dans le 5e arrondissement, apprend actu Marseille des <a href=\"https:\/\/actu.fr\/tag\/marin-pompier\" target=\"_blank\" rel=\"noopener\">marins-pompiers<\/a>.<\/p>\n<p>Les circonstances encore inconnues<\/p>\n<p class=\" wall-content\">Les marins-pompiers pr\u00e9cisent \u00eatre intervenus \u00e0 1h21 du matin, rue Jean Martin dans le 5e arrondissement de <a href=\"https:\/\/actu.fr\/marseille\/\" target=\"_blank\" rel=\"noopener\">Marseille<\/a>, pour une personne bless\u00e9e par arme \u00e0 feu.<\/p>\n<p>    <a href=\"https:\/\/www.google.com\/maps\/embed?pb=!1m18!1m12!1m3!1d2903.976501877521!2d5.400444276616092!3d43.29381377559993!2m3!1f0!2f0!3f0!3m2!1i1024!2i768!4f13.1!3m3!1m2!1s0x12c9bf5c9fe1db45%3A0xc28a8788eab6f129!2sRue%20Jean%20Martin%2C%2013005%20Marseille!5e0!3m2!1sfr!2sfr!4v1751960987384!5m2!1sfr!2sfr\" title=\"Ouvrie le lien\" target=\"_blank\" rel=\"noopener\">Cliquez ici pour visualiser le contenu<\/a><\/p>\n<p class=\" wall-content\"><strong>L\u2019homme \u00e9tait en arr\u00eat cardio-respiratoire<\/strong> au moment de l\u2019arriv\u00e9e des secours. Malgr\u00e9 leurs efforts, la victime n\u2019a pu \u00eatre r\u00e9anim\u00e9e.<\/p>\n<p class=\" wall-content\">R\u00e8glement de comptes\u2009? Vol qui aurait mal tourn\u00e9\u2009? Pour le moment, les circonstances de ce drame ne sont pas encore connues. L\u2019enqu\u00eate tentera de faire toute la lumi\u00e8re sur cette histoire.<\/p>\n<p>Vid\u00e9os : en ce moment sur Actu<\/p>\n<p class=\" wall-content\">Contact\u00e9, le parquet de Marseille n\u2019avait pour l\u2019heure pas r\u00e9pondu \u00e0 nos sollicitations.<\/p>\n<p class=\" wall-content\">Suivez toute l\u2019actualit\u00e9 de vos villes et m\u00e9dias favoris en vous inscrivant \u00e0 <a href=\"https:\/\/moncompte.actu.fr\" title=\"D\u00e9couvez Mon Actu\" rel=\"nofollow noopener\" data-trk=\"{&quot;cta&quot;:{&quot;action&quot;:&quot;https:\\\/\\\/moncompte.actu.fr&quot;,&quot;category&quot;:&quot;mon compte&quot;,&quot;from&quot;:&quot;article footer&quot;,&quot;name&quot;:&quot;Mon actu&quot;,&quot;type&quot;:&quot;cta&quot;}}\" target=\"_blank\">Mon Actu<\/a>.<\/p>\n","protected":false},"excerpt":{"rendered":"Par Thibault Nadal Publi\u00e9 le 8 juil. 2025 \u00e0 10h13 Avec Fabien Binacchi INFO ACTU MARSEILLE. Drame \u00e0&hellip;\n","protected":false},"author":2,"featured_media":217594,"comment_status":"","ping_status":"","sticky":false,"template":"","format":"standard","meta":{"footnotes":""},"categories":[2814],"tags":[1111,11,1777,674,118,1011,27,17289,884,12,1072,882,25],"class_list":{"0":"post-234666","1":"post","2":"type-post","3":"status-publish","4":"format-standard","5":"has-post-thumbnail","7":"category-marseille","8":"tag-actu","9":"tag-actualites","10":"tag-eu","11":"tag-europe","12":"tag-faits-divers","13":"tag-fr","14":"tag-france","15":"tag-marin-pompier","16":"tag-marseille","17":"tag-news","18":"tag-police","19":"tag-provence-alpes-cote-dazur","20":"tag-republique-francaise"},"share_on_mastodon":{"url":"https:\/\/pubeurope.com\/@fr\/114816650046363238","error":""},"_links":{"self":[{"href":"https:\/\/www.europesays.com\/fr\/wp-json\/wp\/v2\/posts\/234666","targetHints":{"allow":["GET"]}}],"collection":[{"href":"https:\/\/www.europesays.com\/fr\/wp-json\/wp\/v2\/posts"}],"about":[{"href":"https:\/\/www.europesays.com\/fr\/wp-json\/wp\/v2\/types\/post"}],"author":[{"embeddable":true,"href":"https:\/\/www.europesays.com\/fr\/wp-json\/wp\/v2\/users\/2"}],"replies":[{"embeddable":true,"href":"https:\/\/www.europesays.com\/fr\/wp-json\/wp\/v2\/comments?post=234666"}],"version-history":[{"count":0,"href":"https:\/\/www.europesays.com\/fr\/wp-json\/wp\/v2\/posts\/234666\/revisions"}],"wp:featuredmedia":[{"embeddable":true,"href":"https:\/\/www.europesays.com\/fr\/wp-json\/wp\/v2\/media\/217594"}],"wp:attachment":[{"href":"https:\/\/www.europesays.com\/fr\/wp-json\/wp\/v2\/media?parent=234666"}],"wp:term":[{"taxonomy":"category","embeddable":true,"href":"https:\/\/www.europesays.com\/fr\/wp-json\/wp\/v2\/categories?post=234666"},{"taxonomy":"post_tag","embeddable":true,"href":"https:\/\/www.europesays.com\/fr\/wp-json\/wp\/v2\/tags?post=234666"}],"curies":[{"name":"wp","href":"https:\/\/api.w.org\/{rel}","templated":true}]}}