{"id":234667,"date":"2025-07-08T08:23:09","date_gmt":"2025-07-08T08:23:09","guid":{"rendered":"https:\/\/www.europesays.com\/fr\/234667\/"},"modified":"2025-07-08T08:23:09","modified_gmt":"2025-07-08T08:23:09","slug":"trottinettes-autopartage-a-quoi-servira-la-subvention-europeenne-de-12-million-deuros-accordee-a-marseille","status":"publish","type":"post","link":"https:\/\/www.europesays.com\/fr\/234667\/","title":{"rendered":"Trottinettes, autopartage&#8230; \u00c0 quoi servira la subvention europ\u00e9enne de 1,2 million d&rsquo;euros accord\u00e9e \u00e0 Marseille ?"},"content":{"rendered":"<p>1,2\u00a0million d\u2019euros. Voil\u00e0 la subvention que la Ville de <a href=\"https:\/\/www.laprovence.com\/bouches-du-rhone\/marseille-13055\" target=\"_blank\" rel=\"nofollow noopener\">Marseille<\/a> a re\u00e7ue, le 26\u00a0mai dernier, de la part de l\u2019Union europ\u00e9enne, apr\u00e8s avoir remport\u00e9 l\u2019appel \u00e0 projet \u00ab\u00a0P\u00e9riAsty\u00a0\u00bb. Sur le r\u00e9seau social <a href=\"https:\/\/www.linkedin.com\/feed\/update\/urn:li:activity:7333107595836035075\/\" target=\"_blank\" rel=\"nofollow noopener\">LinkedIn<\/a>, l\u2019adjointe (PM) au maire en charge des mobilit\u00e9s, Marie Batoux, d\u00e9clarait alors que l\u2019argent allait permettre \u00ab\u00a0des exp\u00e9rimentations sur des territoires enclav\u00e9s afin de lutter contre les fractures sociales et territoriales\u00a0\u00bb. Rien de bien concret.<\/p>\n","protected":false},"excerpt":{"rendered":"1,2\u00a0million d\u2019euros. Voil\u00e0 la subvention que la Ville de Marseille a re\u00e7ue, le 26\u00a0mai dernier, de la part&hellip;\n","protected":false},"author":2,"featured_media":234668,"comment_status":"","ping_status":"","sticky":false,"template":"","format":"standard","meta":{"footnotes":""},"categories":[2814],"tags":[5742,12106,17,1111,11,5917,1102,1777,674,4538,1011,27,884,12,882,5577,16,25,24203,11858,37328],"class_list":{"0":"post-234667","1":"post","2":"type-post","3":"status-publish","4":"format-standard","5":"has-post-thumbnail","7":"category-marseille","8":"tag-5742","9":"tag-12106","10":"tag-17","11":"tag-actu","12":"tag-actualites","13":"tag-autopartage","14":"tag-breakingnews","15":"tag-eu","16":"tag-europe","17":"tag-europeenne","18":"tag-fr","19":"tag-france","20":"tag-marseille","21":"tag-news","22":"tag-provence-alpes-cote-dazur","23":"tag-quoi","24":"tag-region","25":"tag-republique-francaise","26":"tag-servira","27":"tag-subvention","28":"tag-trottinettes"},"share_on_mastodon":{"url":"https:\/\/pubeurope.com\/@fr\/114816653929348746","error":""},"_links":{"self":[{"href":"https:\/\/www.europesays.com\/fr\/wp-json\/wp\/v2\/posts\/234667","targetHints":{"allow":["GET"]}}],"collection":[{"href":"https:\/\/www.europesays.com\/fr\/wp-json\/wp\/v2\/posts"}],"about":[{"href":"https:\/\/www.europesays.com\/fr\/wp-json\/wp\/v2\/types\/post"}],"author":[{"embeddable":true,"href":"https:\/\/www.europesays.com\/fr\/wp-json\/wp\/v2\/users\/2"}],"replies":[{"embeddable":true,"href":"https:\/\/www.europesays.com\/fr\/wp-json\/wp\/v2\/comments?post=234667"}],"version-history":[{"count":0,"href":"https:\/\/www.europesays.com\/fr\/wp-json\/wp\/v2\/posts\/234667\/revisions"}],"wp:featuredmedia":[{"embeddable":true,"href":"https:\/\/www.europesays.com\/fr\/wp-json\/wp\/v2\/media\/234668"}],"wp:attachment":[{"href":"https:\/\/www.europesays.com\/fr\/wp-json\/wp\/v2\/media?parent=234667"}],"wp:term":[{"taxonomy":"category","embeddable":true,"href":"https:\/\/www.europesays.com\/fr\/wp-json\/wp\/v2\/categories?post=234667"},{"taxonomy":"post_tag","embeddable":true,"href":"https:\/\/www.europesays.com\/fr\/wp-json\/wp\/v2\/tags?post=234667"}],"curies":[{"name":"wp","href":"https:\/\/api.w.org\/{rel}","templated":true}]}}