{"id":23467,"date":"2025-04-14T02:03:13","date_gmt":"2025-04-14T02:03:13","guid":{"rendered":"https:\/\/www.europesays.com\/fr\/23467\/"},"modified":"2025-04-14T02:03:13","modified_gmt":"2025-04-14T02:03:13","slug":"les-girondins-se-relancent-pour-la-montee-en-battant-le-leader-en-n2","status":"publish","type":"post","link":"https:\/\/www.europesays.com\/fr\/23467\/","title":{"rendered":"les Girondins se relancent pour la mont\u00e9e en battant le leader en N2"},"content":{"rendered":"<p class=\"fig-paragraph\">Les Girondins de Bordeaux, r\u00e9trograd\u00e9s l&rsquo;\u00e9t\u00e9 dernier en National 2 (4e division) pour raisons financi\u00e8res, ont retrouv\u00e9 l&rsquo;espoir de jouer la mont\u00e9e cette saison avec une victoire 1-0 samedi contre le leader Saint-Malo, avant d&rsquo;affronter le week-end prochain Saint-Brieuc, d\u00e9sormais en t\u00eate. Au stade Matmut Atlantique, le club sextuple champion de France s&rsquo;est impos\u00e9 sur un but d&rsquo;Yvan Ikia Dimi (14e) d&rsquo;une jolie t\u00eate apr\u00e8s un corner, avant de r\u00e9sister en seconde p\u00e9riode aux vagues imp\u00e9tueuses des Malouins, avec notamment plusieurs parades du gardien girondin Lassana Diabat\u00e9.<\/p>\n<p class=\"fig-paragraph\">Ce court succ\u00e8s permet \u00e0 l&rsquo;\u00e9quipe de Bruno Irl\u00e8s (3e, 42 pts) d&rsquo;encha\u00eener un deuxi\u00e8me succ\u00e8s d&rsquo;affil\u00e9e apr\u00e8s une longue s\u00e9rie noire de cinq d\u00e9faites et de revenir \u00e0 trois longueurs de Saint-Malo (2e, 45 points) et \u00e0 cinq unit\u00e9s du Stade Briochin (1er, 47 pts) \u00e0 l&rsquo;issue de la 25e des 30 journ\u00e9es.<\/p>\n<p class=\"fig-paragraph\">Les Girondins se d\u00e9placeront le week-end prochain en Bretagne pour tenter de r\u00e9duire l&rsquo;\u00e9cart avec le nouveau leader et esp\u00e9rer rester en lice pour la premi\u00e8re place de la poule, seule synonyme de mont\u00e9e directe en National (3e division). En cas de r\u00e9trogradations administratives d&rsquo;autres \u00e9quipes, le meilleur deuxi\u00e8me des trois poules de N2 peut aussi monter.<\/p>\n<p>16.866 spectateurs<\/p>\n<p class=\"fig-paragraph\">Pas moins de 16.866 spectateurs \u00e9taient pr\u00e9sents samedi au Matmut Atlantique pour ce match de N2, un chiffre pas si \u00e9loign\u00e9 du record absolu d&rsquo;affluence en quatri\u00e8me division fran\u00e7aise, \u00e9tabli en 2013 lors d&rsquo;un match RC Strasbourg &#8211; FC Mulhouse (20.044 spectateurs). Bordeaux, plus gros budget de N2 (8 millions d&rsquo;euros), avait \u00e9t\u00e9 rel\u00e9gu\u00e9 administrativement de L2 en N2 l&rsquo;\u00e9t\u00e9 dernier avec un passif estim\u00e9 \u00e0 118 millions d&rsquo;euros.<\/p>\n<p class=\"fig-paragraph\">Toujours propri\u00e9t\u00e9 de l&rsquo;homme d&rsquo;affaires hispano-luxembourgeois Gerard Lopez, le club girondin est engag\u00e9 depuis dans une proc\u00e9dure de redressement judiciaire, ce qui a permis de ramener la dette \u00e0 environ une cinquantaine de millions d&rsquo;euros, selon l&rsquo;avocat du club. L&rsquo;ex-international allemand Oliver Kahn, qui a fait part de son int\u00e9r\u00eat pour ce club historique du football fran\u00e7ais, a annonc\u00e9 vendredi avoir\u00a0<a href=\"http:\/\/www.lefigaro.fr\/sports\/football\/foot-oliver-kahn-annonce-une-offre-a-hauteur-de-30-millions-d-euros-pour-le-rachat-des-girondins-bordeaux-20250411\" data-fig-type=\"NewsFlash\" data-gtm-custom-categorie=\"navigation\" data-gtm-custom-action=\"crossclick\" data-gtm-custom-label=\"Contextuel\" data-gtm-event=\"customEventSPE\" data-fig-domain=\"LEFIGARO\" target=\"_blank\" rel=\"noopener\">propos\u00e9 30 millions d&rsquo;euros pour son rachat<\/a>.<\/p>\n","protected":false},"excerpt":{"rendered":"Les Girondins de Bordeaux, r\u00e9trograd\u00e9s l&rsquo;\u00e9t\u00e9 dernier en National 2 (4e division) pour raisons financi\u00e8res, ont retrouv\u00e9 l&rsquo;espoir&hellip;\n","protected":false},"author":2,"featured_media":23468,"comment_status":"","ping_status":"","sticky":false,"template":"","format":"standard","meta":{"footnotes":""},"categories":[2817],"tags":[1111,11,454,1997,69,448,83,451,64,1777,450,449,674,1011,27,2908,452,453,66,446,447,12,2219,70,25,455],"class_list":{"0":"post-23467","1":"post","2":"type-post","3":"status-publish","4":"format-standard","5":"has-post-thumbnail","7":"category-bordeaux","8":"tag-actu","9":"tag-actualites","10":"tag-ballon-dor","11":"tag-bordeaux","12":"tag-bundesliga","13":"tag-champions-league","14":"tag-coupe-de-france","15":"tag-coupe-du-monde","16":"tag-equipe-de-france","17":"tag-eu","18":"tag-euro","19":"tag-europa-league","20":"tag-europe","21":"tag-fr","22":"tag-france","23":"tag-girondins-de-bordeaux","24":"tag-italie","25":"tag-liga","26":"tag-ligue-1","27":"tag-ligue-2","28":"tag-ligue-des-champions","29":"tag-news","30":"tag-nouvelle-aquitaine","31":"tag-premier-league","32":"tag-republique-francaise","33":"tag-uefa"},"share_on_mastodon":{"url":"https:\/\/pubeurope.com\/@fr\/114333863366305214","error":""},"_links":{"self":[{"href":"https:\/\/www.europesays.com\/fr\/wp-json\/wp\/v2\/posts\/23467","targetHints":{"allow":["GET"]}}],"collection":[{"href":"https:\/\/www.europesays.com\/fr\/wp-json\/wp\/v2\/posts"}],"about":[{"href":"https:\/\/www.europesays.com\/fr\/wp-json\/wp\/v2\/types\/post"}],"author":[{"embeddable":true,"href":"https:\/\/www.europesays.com\/fr\/wp-json\/wp\/v2\/users\/2"}],"replies":[{"embeddable":true,"href":"https:\/\/www.europesays.com\/fr\/wp-json\/wp\/v2\/comments?post=23467"}],"version-history":[{"count":0,"href":"https:\/\/www.europesays.com\/fr\/wp-json\/wp\/v2\/posts\/23467\/revisions"}],"wp:featuredmedia":[{"embeddable":true,"href":"https:\/\/www.europesays.com\/fr\/wp-json\/wp\/v2\/media\/23468"}],"wp:attachment":[{"href":"https:\/\/www.europesays.com\/fr\/wp-json\/wp\/v2\/media?parent=23467"}],"wp:term":[{"taxonomy":"category","embeddable":true,"href":"https:\/\/www.europesays.com\/fr\/wp-json\/wp\/v2\/categories?post=23467"},{"taxonomy":"post_tag","embeddable":true,"href":"https:\/\/www.europesays.com\/fr\/wp-json\/wp\/v2\/tags?post=23467"}],"curies":[{"name":"wp","href":"https:\/\/api.w.org\/{rel}","templated":true}]}}