{"id":234676,"date":"2025-07-08T08:29:10","date_gmt":"2025-07-08T08:29:10","guid":{"rendered":"https:\/\/www.europesays.com\/fr\/234676\/"},"modified":"2025-07-08T08:29:10","modified_gmt":"2025-07-08T08:29:10","slug":"les-seances-de-cinema-en-plein-air-a-ne-pas-rater-cet-ete-a-paris","status":"publish","type":"post","link":"https:\/\/www.europesays.com\/fr\/234676\/","title":{"rendered":"Les s\u00e9ances de cin\u00e9ma en plein air \u00e0 ne pas rater cet \u00e9t\u00e9 \u00e0 Paris"},"content":{"rendered":"<p>L&rsquo;an dernier, la fi\u00e8vre des <a href=\"https:\/\/www.vanityfair.fr\/dossier\/jeux-olympiques\" isautogenerated=\"true\" target=\"_blank\" rel=\"noopener\">Jeux Olympiques<\/a> nous avait priv\u00e9s de plusieurs manifestations culturelles estivales, les s\u00e9ances de cin\u00e9ma en plein air en t\u00eate. Alors, en cet \u00e9t\u00e9 2025, la programmation d\u00e9borde de projections sur les monuments, sur les toits, dans la rue ou dans les parcs. Certains temps forts sont d\u00e9j\u00e0 pass\u00e9s, comme le festival <a href=\"https:\/\/www.vanityfair.fr\/article\/cinema-paradiso-cour-carree-du-louvre-programmation-2025\" target=\"_blank\" rel=\"noopener\">Cinema Paradiso du Louvre<\/a> ou le Cin\u00e9 Tarmac du Bourget, alors, il est temps de faire le point sur les s\u00e9ances \u00e0 ne pas rater pendant les grandes vacances\u2026 En d\u00e9bordant m\u00eame sur le mois de septembre, pour le plaisir. \u00c0 vos agendas.<\/p>\n<p>Dolcevita sur Seine<\/p>\n<p><strong>O\u00f9 ?<\/strong> Aux ar\u00e8nes de Lut\u00e8ce, \u00e9coles Cin\u00e9ma Club (Paris 5e) et Institut culturel italien (Paris 7e)<br \/><strong>Quand ?<\/strong> Jusqu&rsquo;au 8 juillet<br \/><strong>Le concept :<\/strong> Une c\u00e9l\u00e9bration de la culture italienne sous toutes ses formes autour d&rsquo;un programme pointu, avec des avant-premi\u00e8res, des tables rondes, des concerts, des expositions\u2026 Pour tous ceux qui r\u00eavent de Rome depuis Paris.\u00a0<br \/><strong>Les s\u00e9ances \u00e0 ne pas rater :<\/strong> Le festival s&rsquo;ach\u00e8ve avec un incontournable : M\u00e9d\u00e9e, de Pier Paolo Pasolini, port\u00e9 par une immense <a href=\"https:\/\/www.vanityfair.fr\/galerie\/maria-callas-style-intemporel-photos\" target=\"_blank\" rel=\"noopener\">Maria Callas<\/a>. Culte.\u00a0<br \/>Informations et r\u00e9servations <a data-offer-url=\"https:\/\/www.dolcevitasurseine.com\/fr\/\" class=\"external-link\" data-event-click=\"{&quot;element&quot;:&quot;ExternalLink&quot;,&quot;outgoingURL&quot;:&quot;https:\/\/cna.st\/affiliate-link\/2uxxCQ7Rfr7UdyBwGVj8c9iyumox77oy7pNmcSY979fpR3QTPLh12uZDPyte5gYsYvQmz9RffT4ghNGBf4op4EuDfte3Dij3MLYee3c2yMouhQhuy2yKSV2bWG4LQDRJRaT7YNCp7&quot;}\" href=\"https:\/\/cna.st\/affiliate-link\/2uxxCQ7Rfr7UdyBwGVj8c9iyumox77oy7pNmcSY979fpR3QTPLh12uZDPyte5gYsYvQmz9RffT4ghNGBf4op4EuDfte3Dij3MLYee3c2yMouhQhuy2yKSV2bWG4LQDRJRaT7YNCp7\" rel=\"sponsored noopener\" target=\"_blank\">ici<\/a>.<\/p>\n<p>Le cin\u00e9ma en plein air du mus\u00e9e du Quai Branly<\/p>\n<p><strong>O\u00f9 ?<\/strong> Dans le jardin du mus\u00e9e du Quai Branly (Paris 7e)<br \/><strong>Quand ?<\/strong> Du 10 juillet au 03 ao\u00fbt\u00a0<br \/><strong>Le concept :<\/strong> Cette ann\u00e9e, le mus\u00e9e met la gastronomie \u00e0 l&rsquo;honneur et concocte une programmation de films consacr\u00e9s \u00e0 la cuisine et\/ou mis en perspective avec les sp\u00e9cialit\u00e9s de vrais cuistots de renom. Le jeudi, les chefs viennent \u00e0 la rencontre du public avant le d\u00e9but de la projection, au coeur de la bambouseraie du jardin.<br \/><strong>Les s\u00e9ances \u00e0 ne pas rater<\/strong> : Toutes les s\u00e9ances du jeudi valent le d\u00e9tour, \u00e0 commencer par celle du 10 juillet, sur le th\u00e8me du \u00ab Japon d\u00e9cal\u00e9! \u00bb, introduite par <a href=\"https:\/\/www.vanityfair.fr\/actualites\/articles\/le-chef-francais-mory-sacko-figure-parmi-les-personnalites-les-plus-influentes-du-time\/82881\" target=\"_blank\" rel=\"noopener\">Mory Sacko<\/a> et suivie du film Tampopo de Juzo Itami. C\u00f4t\u00e9 jeunesse, on ne se lasse pas de Charlie et la Chocolaterie de <a href=\"https:\/\/www.vanityfair.fr\/dossier\/tim-burton\" isautogenerated=\"true\" target=\"_blank\" rel=\"noopener\">Tim Burton<\/a>, film gourmand par excellence et pure fantaisie d&rsquo;enfance.\u00a0<br \/>Informations et r\u00e9servations <a data-offer-url=\"https:\/\/www.quaibranly.fr\/fr\/expositions-evenements\/au-musee\/cinema\/details-de-levenement\/e\/cinema-en-plein-air-1-1\" class=\"external-link\" data-event-click=\"{&quot;element&quot;:&quot;ExternalLink&quot;,&quot;outgoingURL&quot;:&quot;https:\/\/cna.st\/affiliate-link\/GtarNJcB8nP3scgg3rM2igVvuHYB5AoBJSnG4LXZqgBnpKBdTGEBosPt1PSLrDrrMhiWCdn9UZ2BLSNhpKzP2bWuRoP3iA5zLkPTKmEDZAtxAtAW9VgwsZpVB8Prapxf7vzgwiy7qYh389RdHSVfp5wiwQkZwz1Mk8TJ8heYiDvjszTDs1TJWUMr7GwnG32JBAeyeaqLUxj6GoEQfW67oYgzgnygz41sXE1P6VB8dULM2BRyTN7&quot;}\" href=\"https:\/\/cna.st\/affiliate-link\/GtarNJcB8nP3scgg3rM2igVvuHYB5AoBJSnG4LXZqgBnpKBdTGEBosPt1PSLrDrrMhiWCdn9UZ2BLSNhpKzP2bWuRoP3iA5zLkPTKmEDZAtxAtAW9VgwsZpVB8Prapxf7vzgwiy7qYh389RdHSVfp5wiwQkZwz1Mk8TJ8heYiDvjszTDs1TJWUMr7GwnG32JBAeyeaqLUxj6GoEQfW67oYgzgnygz41sXE1P6VB8dULM2BRyTN7\" rel=\"sponsored noopener\" target=\"_blank\">ici<\/a>.<\/p>\n<p>Le Cineclub Paradiso<\/p>\n<p><strong>O\u00f9 ?<\/strong> \u00c0 la Seine Musicale (Boulogne-Billancourt)<br \/><strong>Quand ?<\/strong> Du 15 au 18 juillet\u00a0<br \/><strong>Le concept :<\/strong> Quatre soir\u00e9es sur l&rsquo;\u00cele Seguin, entre concerts et cin\u00e9ma. C\u00f4t\u00e9 musique, la tracklist est entre de bonnes mains puisque \u00ab les programmateurs de la radio musicale de Radio France, FIP, et le FIP Squad se sont associ\u00e9s au festival pour offrir des DJ-Sets avant chaque projection, tous les jours d\u00e8s 18h, \u00e0 l\u2019ouverture des portes. \u00bb<br \/><strong>Les s\u00e9ances \u00e0 ne pas rater :<\/strong> Le sublime Grand Budapest Hotel de <a href=\"https:\/\/www.vanityfair.fr\/dossier\/wes-anderson\" isautogenerated=\"true\" target=\"_blank\" rel=\"noopener\">Wes Anderson<\/a> et Eden, de Mia Hansen-L\u00f8ve, parfaitement dans la th\u00e9matique musicale du soir.\u00a0<br \/>Informations et r\u00e9servations <a data-offer-url=\"https:\/\/mk2-festivalparadiso.com\/evenements\/cineclub-paradiso-la-seine-musicale\" class=\"external-link\" data-event-click=\"{&quot;element&quot;:&quot;ExternalLink&quot;,&quot;outgoingURL&quot;:&quot;https:\/\/cna.st\/affiliate-link\/9B6f5kDzu8NHvRtqLYdKahwDdUMtHxWqLYp4HyZTopF7KkSyKeTA8ZQ8LUxuVD3feV1opNzt8JbiskpNqyyziVSPQXhUpUZb7yvQEMT5xWq4X1jqEEVGUXioRAW5BSdpVtE2viAgM34NgP8CybE4wmzwV62Bjj5orezJrkdksbYjS4mQtkrh5hG668HnSKKg4w&quot;}\" href=\"https:\/\/cna.st\/affiliate-link\/9B6f5kDzu8NHvRtqLYdKahwDdUMtHxWqLYp4HyZTopF7KkSyKeTA8ZQ8LUxuVD3feV1opNzt8JbiskpNqyyziVSPQXhUpUZb7yvQEMT5xWq4X1jqEEVGUXioRAW5BSdpVtE2viAgM34NgP8CybE4wmzwV62Bjj5orezJrkdksbYjS4mQtkrh5hG668HnSKKg4w\" rel=\"sponsored noopener\" target=\"_blank\">ici<\/a>.<\/p>\n<p>Les 250 ans de la Monnaie de Paris<\/p>\n<p><strong>O\u00f9 ?<\/strong> Dans la cour d&rsquo;Honneur de la Monnaie de <a href=\"https:\/\/www.vanityfair.fr\/dossier\/paris\" isautogenerated=\"true\" target=\"_blank\" rel=\"noopener\">Paris<\/a> (Paris 6e)<br \/><strong>Quand ?<\/strong> Du 23 au 26 juillet<br \/><strong>Le concept :<\/strong> D\u00e8s 19h, acc\u00e8s aux animations et aux food-trucks, avant la projection d&rsquo;un film choisi pour plonger dans un si\u00e8cle diff\u00e9rent chaque soir, confortablement install\u00e9 dans un transat.<br \/><strong>Les s\u00e9ances \u00e0 ne pas rater :<\/strong> Le saisissant film sur Mozart, Amadeus de Milo\u0161 Forman et <a href=\"https:\/\/www.vanityfair.fr\/article\/comte-de-monte-cristo-critique\" target=\"_blank\" rel=\"noopener\">Le Comte de Monte-Cristo<\/a>, succ\u00e8s majeur de l&rsquo;an dernier, sign\u00e9 Matthieu Delaporte et Alexandre de la Patelli\u00e8re. Ceux qui voudront percer le myst\u00e8re de la fin de <a href=\"https:\/\/www.vanityfair.fr\/culture\/ecrans\/story\/inception-christopher-nolan-explications-fin-du-film-culte\/12288\" target=\"_blank\" rel=\"noopener\">Inception<\/a> de Christophe Nolan ont rendez-vous le dernier soir, le 26 juillet.\u00a0<br \/>Informations et r\u00e9servations <a data-offer-url=\"https:\/\/www.monnaiedeparis.fr\/fr\/evenement-cinema-plein-air\" class=\"external-link\" data-event-click=\"{&quot;element&quot;:&quot;ExternalLink&quot;,&quot;outgoingURL&quot;:&quot;https:\/\/cna.st\/affiliate-link\/3Hvxm9czoAnByuRVXVN3dddJdCyo4izDiZANedHwtk2ZAPJYV6r4QciFPsEYucSqaNRn9TWqBJbWn3FoMd1U6ugLjXzKqKcGMMrg91Y838WUjdxyVuMVhcdpAgujGjanzgvPgLWVgyHDBT14jR9QdqdZwkBxxfVeaKzMREo&quot;}\" href=\"https:\/\/cna.st\/affiliate-link\/3Hvxm9czoAnByuRVXVN3dddJdCyo4izDiZANedHwtk2ZAPJYV6r4QciFPsEYucSqaNRn9TWqBJbWn3FoMd1U6ugLjXzKqKcGMMrg91Y838WUjdxyVuMVhcdpAgujGjanzgvPgLWVgyHDBT14jR9QdqdZwkBxxfVeaKzMREo\" rel=\"sponsored noopener\" target=\"_blank\">ici<\/a>.<\/p>\n<p>Le cin\u00e9ma en plein air de La Villette<\/p>\n<p><strong>O\u00f9 ?<\/strong> Au parc de La Villette (Paris 19e)<br \/><strong>Quand ?<\/strong> Du 23 juillet au 17 ao\u00fbt<br \/><strong>Le concept :<\/strong> Pour sa 34e \u00e9dition, l&rsquo;\u00e9v\u00e9nement explore le th\u00e8me \u00ab Corps et accords \u00bb, promesse de sensualit\u00e9 et de bandes originales cultes. Devenu un v\u00e9ritable rendez-vous estival, le cin\u00e9ma en plein air se dote de deux nouveaut\u00e9s pratiques pour les spectateurs : une s\u00e9lection pour petits et pour grands cin\u00e9philes, ainsi que des s\u00e9ances avanc\u00e9es \u00e0 21h pour garantir une fin avant la tomb\u00e9e de la nuit et donc, avant le passage du dernier m\u00e9tro. Malin.\u00a0<br \/><strong>Les s\u00e9ances \u00e0 ne pas rater :<\/strong> Pour vivre la magie d\u00e9chirante d&rsquo;un regard de cin\u00e9ma comme on en voit peu, il faudra (re)voir <a href=\"https:\/\/www.vanityfair.fr\/culture\/galerie\/la-la-land-chazelle-damien-7-comedies-musicales-a-voir-absolument-pour-comprendre-la-la-land\" target=\"_blank\" rel=\"noopener\">La La Land<\/a> de Damien Chazelle. Chicago, <a href=\"https:\/\/www.vanityfair.fr\/dossier\/barbie\" isautogenerated=\"true\" target=\"_blank\" rel=\"noopener\">Barbie<\/a>, Grease, Elvis, Joyland, En Corps\u2026 La programmation tient la promesse de son th\u00e8me.\u00a0<br \/>Informations et r\u00e9servations <a data-offer-url=\"https:\/\/www.lavillette.com\/manifestations\/cinema-en-plein-air-en\/\" class=\"external-link\" data-event-click=\"{&quot;element&quot;:&quot;ExternalLink&quot;,&quot;outgoingURL&quot;:&quot;https:\/\/cna.st\/affiliate-link\/63B2uvSQBPtLW98wUhoHww46jFZeqRbFkU4nZM6dgkh62rZnWUfkTGT66DDqaWVE76mB4exTvPcWYxMEN9Yga6o969MWcd3bG6Khn8bnahUgwo2ktXofkcahszNoPnGDabJNNQhD546iEvZsuESRQ8hE33mogacVL3D5ZwE5fpLX2ZD&quot;}\" href=\"https:\/\/cna.st\/affiliate-link\/63B2uvSQBPtLW98wUhoHww46jFZeqRbFkU4nZM6dgkh62rZnWUfkTGT66DDqaWVE76mB4exTvPcWYxMEN9Yga6o969MWcd3bG6Khn8bnahUgwo2ktXofkcahszNoPnGDabJNNQhD546iEvZsuESRQ8hE33mogacVL3D5ZwE5fpLX2ZD\" rel=\"sponsored noopener\" target=\"_blank\">ici<\/a>.<\/p>\n<p>Le cin\u00e9ma en plein air du M\u00e9morial de la Shoah<\/p>\n<p><strong>O\u00f9 ?<\/strong> Sur le parvis du Me\u0301morial (Paris 4e)<br \/><strong>Quand ?<\/strong> Du 17 juillet au 24 ao\u00fbt<br \/><strong>Le concept :<\/strong> Une s\u00e9lection de films qui parlent de la Shoah dans un cadre symbolique, qui donne une envergure suppl\u00e9mentaire au propos des cin\u00e9astes.<br \/><strong>Les s\u00e9ances \u00e0 ne pas rater<\/strong> : Pour les plus jeunes spectateurs, mention sp\u00e9ciale \u00e0 la surprenante pr\u00e9sence de X-Men : le commencement de Matthew Vaughn dans cette programmation. Habile fa\u00e7on de rappeler que m\u00eame les blockbusters et les films de super-h\u00e9ros peuvent donner mati\u00e8re \u00e0 r\u00e9fl\u00e9chir et confronter la jeune g\u00e9n\u00e9ration aux heures les plus sombres de l&rsquo;histoire. Dans le registre des (tr\u00e8s, tr\u00e8s) grands films hauts en \u00e9motions, il ne faudra pas passer \u00e0 c\u00f4t\u00e9 du <a href=\"https:\/\/www.vanityfair.fr\/culture\/ecrans\/story\/par-ou-commencer-dans-la-filmographie-de-francois-truffaut-\/11601\" target=\"_blank\" rel=\"noopener\">Dernier M\u00e9tro<\/a> de Fran\u00e7ois Truffaut.<br \/>Informations et r\u00e9servations <a data-offer-url=\"https:\/\/billetterie.memorialdelashoah.org\/fr\/evenements\/cinema-en-plein-air\" class=\"external-link\" data-event-click=\"{&quot;element&quot;:&quot;ExternalLink&quot;,&quot;outgoingURL&quot;:&quot;https:\/\/cna.st\/affiliate-link\/2FTC5bHweKNXpGHmzRfShm9VchqesuKN8XNbku9KvziGYKwbFTmAHmAKzRVqSQm6MM2sCU1aqyQXWGSLqwV3A44RaujxBn9u53vyB31e5YXtuHbv3pawiN6AUVcYoKt3EuZdknW76bwAY3ZtkZMNy7GYDhHE1aXf8TJr8PHdPwtcRnLggXXeW7T6EX7dH&quot;}\" href=\"https:\/\/cna.st\/affiliate-link\/2FTC5bHweKNXpGHmzRfShm9VchqesuKN8XNbku9KvziGYKwbFTmAHmAKzRVqSQm6MM2sCU1aqyQXWGSLqwV3A44RaujxBn9u53vyB31e5YXtuHbv3pawiN6AUVcYoKt3EuZdknW76bwAY3ZtkZMNy7GYDhHE1aXf8TJr8PHdPwtcRnLggXXeW7T6EX7dH\" rel=\"sponsored noopener\" target=\"_blank\">ici<\/a>.<\/p>\n<p>Le Rooftop Paradiso<\/p>\n<p><strong>O\u00f9 ?<\/strong> \u00c0 <a href=\"https:\/\/www.vanityfair.fr\/savoir-vivre\/lifestyle\/story\/hotel-mk2-paradiso-a-paris-le-dernier-refuge-des-amoureux-du-7e-art\/13651\" target=\"_blank\" rel=\"noopener\">l&rsquo;h\u00f4tel Paradiso<\/a> (Paris 12e)<br \/><strong>Quand ?<\/strong> Jusqu&rsquo;au 15 septembre<br \/><strong>Le concept :<\/strong> Pour lutter contre le blues des dimanches soirs, l&rsquo;h\u00f4tel Paradiso convie le public \u00e0 plusieurs s\u00e9ances hors du commun, sur son toit. Au programme, boisson au choix et cadre ultra-privil\u00e9gi\u00e9 pour profiter d&rsquo;un bon film.<br \/><strong>Les s\u00e9ances \u00e0 ne pas rater :<\/strong> Le cin\u00e9ma de Guy Gilles est \u00e0 l&rsquo;honneur avec deux longs-m\u00e9trages (Le Clair de terre et L&rsquo;Amour \u00e0 la mer).<br \/>Informations et r\u00e9servations <a data-offer-url=\"https:\/\/www.mk2.com\/ile-de-france\/evenement\/film-dimanche-soir-rooftop-paradiso\" class=\"external-link\" data-event-click=\"{&quot;element&quot;:&quot;ExternalLink&quot;,&quot;outgoingURL&quot;:&quot;https:\/\/cna.st\/affiliate-link\/9B6f5kDzu8NHvRtqLYdKahwDdUMtHxWqLYp4HyZTopF7KkSyKeTA8ZQ8LUxzcqKTQcArVioGXM5jnrvcddS2WH7gZaHFQGwSNHP1rbhM6diFtf9C2z5seQBG2AxYsAJHqfCGpG55azEVi1FTBvsiUpvvyDpqi6ERGZkFpHHHWqeBoPAZEo34uQoudDfNyNv455&quot;}\" href=\"https:\/\/cna.st\/affiliate-link\/9B6f5kDzu8NHvRtqLYdKahwDdUMtHxWqLYp4HyZTopF7KkSyKeTA8ZQ8LUxzcqKTQcArVioGXM5jnrvcddS2WH7gZaHFQGwSNHP1rbhM6diFtf9C2z5seQBG2AxYsAJHqfCGpG55azEVi1FTBvsiUpvvyDpqi6ERGZkFpHHHWqeBoPAZEo34uQoudDfNyNv455\" rel=\"sponsored noopener\" target=\"_blank\">ici<\/a>.<\/p>\n<p>Cin\u00e9-jardins<\/p>\n<p><strong>O\u00f9 ?<\/strong> \u00c0 Paris et en Seine-Saint-Denis<br \/><strong>Quand ?<\/strong> Du 21 ao\u00fbt au 6 septembre<br \/><strong>Le concept :<\/strong> Un festival con\u00e7u pour parler d&rsquo;\u00e9cologie et red\u00e9couvrir les espaces verts de la ville autour d&rsquo;une programmation engag\u00e9e, en fiction ou en documentaire. Chaque soir\u00e9e s&rsquo;articule autour de trois temps : visite du jardin, buffet participatif et projection.<br \/><strong>Les s\u00e9ances \u00e0 ne pas rater :<\/strong> Incontestablement Le R\u00e8gne Animal de Thomas Cailley, <a href=\"https:\/\/www.vanityfair.fr\/article\/romain-duris-paul-kircher-le-regne-animal\" target=\"_blank\" rel=\"noopener\">l&rsquo;un de nos coups de coeur de l&rsquo;ann\u00e9e 2023<\/a>, mais aussi Le Sel de la Terre de Wim Wenders et Juliano Ribeiro Salgado \u2013 jolie fa\u00e7on de rendre hommage \u00e0 Sebasti\u00e3o Salgado, d\u00e9c\u00e9d\u00e9 en mai dernier.<br \/>Informations et r\u00e9servations <a data-offer-url=\"https:\/\/cine-jardins.fr\/\" class=\"external-link\" data-event-click=\"{&quot;element&quot;:&quot;ExternalLink&quot;,&quot;outgoingURL&quot;:&quot;https:\/\/cna.st\/affiliate-link\/6CqQp4VE71F2DWCx99uBWAH6GQgVWU1qVw5AYacMuqaGDvSmtvcVfirSeGFaNjWbP8vuNaSJKdgBuM6bLwe8QpghXWFos2H22CfunXUywqSXW1Mc3CaJABH&quot;}\" href=\"https:\/\/cna.st\/affiliate-link\/6CqQp4VE71F2DWCx99uBWAH6GQgVWU1qVw5AYacMuqaGDvSmtvcVfirSeGFaNjWbP8vuNaSJKdgBuM6bLwe8QpghXWFos2H22CfunXUywqSXW1Mc3CaJABH\" rel=\"sponsored noopener\" target=\"_blank\">ici<\/a>.<\/p>\n<p>Le Festival Silhouette<\/p>\n<p><strong>O\u00f9 ?<\/strong> Au parc de la Butte du Chapeau Rouge (Paris 19e)<br \/><strong>Quand ?<\/strong> Du 29 ao\u00fbt au 06 septembre\u00a0<br \/><strong>Le concept :<\/strong> Un \u00e9v\u00e9nement 100% d\u00e9di\u00e9 aux courts-m\u00e9trages, avec une tr\u00e8s riche s\u00e9lection divis\u00e9e en plusieurs cat\u00e9gories, pour mettre \u00e0 l&rsquo;honneur la cr\u00e9ation internationale, exp\u00e9rimentale, documentaire et \u00e9mergente.\u00a0<br \/><strong>Les s\u00e9ances \u00e0 ne pas rater :<\/strong> Ici, on fait le pari de la d\u00e9couverte, encourag\u00e9 par la diversit\u00e9 des propositions et les formats courts (les passionn\u00e9s de clips musicaux y trouveront aussi leur compte). L&rsquo;occasion de retrouver, aussi, quelques noms familiers : Chlo\u00e9 Jouannet (r\u00e9alisatrice de Allez Ma fille) mais aussi Caroline Poggi et Jonathan Vinel, \u00e0 qui on doit d\u00e9j\u00e0 le remarquable Eat the night et dont on d\u00e9couvre cette fois Comment \u00e7a va ?.<br \/>Informations et r\u00e9servations <a data-offer-url=\"https:\/\/www.association-silhouette.com\/\" class=\"external-link\" data-event-click=\"{&quot;element&quot;:&quot;ExternalLink&quot;,&quot;outgoingURL&quot;:&quot;https:\/\/cna.st\/affiliate-link\/eGmSXGUbC99o1MABX9brHJYJsENdNPFb5wXreQ5vnFUg68BoSR4xt8nzHso9sfDDeMmxw9QLmQzKt3vZVXbkr8VaAVs1aWM4r2TRapsjpV6SL4eGzxTLXowUmeRQwXweTmP97wq7LQX&quot;}\" href=\"https:\/\/cna.st\/affiliate-link\/eGmSXGUbC99o1MABX9brHJYJsENdNPFb5wXreQ5vnFUg68BoSR4xt8nzHso9sfDDeMmxw9QLmQzKt3vZVXbkr8VaAVs1aWM4r2TRapsjpV6SL4eGzxTLXowUmeRQwXweTmP97wq7LQX\" rel=\"sponsored noopener\" target=\"_blank\">ici<\/a>.<\/p>\n","protected":false},"excerpt":{"rendered":"L&rsquo;an dernier, la fi\u00e8vre des Jeux Olympiques nous avait priv\u00e9s de plusieurs manifestations culturelles estivales, les s\u00e9ances de&hellip;\n","protected":false},"author":2,"featured_media":234677,"comment_status":"","ping_status":"","sticky":false,"template":"","format":"standard","meta":{"footnotes":""},"categories":[1888],"tags":[1111,1928,11,1927,20210,1777,674,1011,27,12,1926,626,1925,25,6747,721],"class_list":{"0":"post-234676","1":"post","2":"type-post","3":"status-publish","4":"format-standard","5":"has-post-thumbnail","7":"category-paris","8":"tag-actu","9":"tag-actu-paris","10":"tag-actualites","11":"tag-actualites-paris","12":"tag-ecrans","13":"tag-eu","14":"tag-europe","15":"tag-fr","16":"tag-france","17":"tag-news","18":"tag-news-paris","19":"tag-paris","20":"tag-paris-news","21":"tag-republique-francaise","22":"tag-textabovecentergridwidth","23":"tag-web"},"share_on_mastodon":{"url":"https:\/\/pubeurope.com\/@fr\/114816677475301000","error":""},"_links":{"self":[{"href":"https:\/\/www.europesays.com\/fr\/wp-json\/wp\/v2\/posts\/234676","targetHints":{"allow":["GET"]}}],"collection":[{"href":"https:\/\/www.europesays.com\/fr\/wp-json\/wp\/v2\/posts"}],"about":[{"href":"https:\/\/www.europesays.com\/fr\/wp-json\/wp\/v2\/types\/post"}],"author":[{"embeddable":true,"href":"https:\/\/www.europesays.com\/fr\/wp-json\/wp\/v2\/users\/2"}],"replies":[{"embeddable":true,"href":"https:\/\/www.europesays.com\/fr\/wp-json\/wp\/v2\/comments?post=234676"}],"version-history":[{"count":0,"href":"https:\/\/www.europesays.com\/fr\/wp-json\/wp\/v2\/posts\/234676\/revisions"}],"wp:featuredmedia":[{"embeddable":true,"href":"https:\/\/www.europesays.com\/fr\/wp-json\/wp\/v2\/media\/234677"}],"wp:attachment":[{"href":"https:\/\/www.europesays.com\/fr\/wp-json\/wp\/v2\/media?parent=234676"}],"wp:term":[{"taxonomy":"category","embeddable":true,"href":"https:\/\/www.europesays.com\/fr\/wp-json\/wp\/v2\/categories?post=234676"},{"taxonomy":"post_tag","embeddable":true,"href":"https:\/\/www.europesays.com\/fr\/wp-json\/wp\/v2\/tags?post=234676"}],"curies":[{"name":"wp","href":"https:\/\/api.w.org\/{rel}","templated":true}]}}