{"id":234680,"date":"2025-07-08T08:31:09","date_gmt":"2025-07-08T08:31:09","guid":{"rendered":"https:\/\/www.europesays.com\/fr\/234680\/"},"modified":"2025-07-08T08:31:09","modified_gmt":"2025-07-08T08:31:09","slug":"27-marsouins-du-ricm-defileront-le-14-juillet-a-paris","status":"publish","type":"post","link":"https:\/\/www.europesays.com\/fr\/234680\/","title":{"rendered":"27 marsouins du RICM d\u00e9fileront le 14 Juillet \u00e0 Paris"},"content":{"rendered":"<p>Vingt-sept marsouins du r\u00e9giment d\u2019infanterie et chars de marine (RICM) de <a target=\"_blank\" href=\"https:\/\/www.lanouvellerepublique.fr\/poitiers\" rel=\"nofollow noopener\">Poitiers<\/a> d\u00e9fileront lundi 14\u00a0juillet 2025 sur l\u2019avenue des Champs-\u00c9lys\u00e9es, \u00e0 Paris. Ils feront partie des troupes mises \u00e0 l\u2019honneur, dans le cadre de la force binationale franco-finlandaise pr\u00e9sente sur la base de Deyr-Kifa au Liban, dans le cadre de la <a target=\"_self\" href=\"https:\/\/www.lanouvellerepublique.fr\/poitiers\/le-ricm-de-poitiers-est-en-mission-de-maintien-de-la-paix-au-liban\" rel=\"nofollow noopener\">Force int\u00e9rimaire des Nations unies au Liban (FINUL<\/a>).<\/p>\n<\/p>\n<p>Les soldats poitevins d\u00e9fileront en compagnie de leurs homologues du 1er\u00a0r\u00e9giment de Spahis (1er\u00a0RS) et du d\u00e9tachement finlandais (75 militaires) avec leurs chefs de corps respectifs, dont le colonel Geoffrey de Hauteclocque, \u00e0 la t\u00eate du RICM. La pr\u00e9sence du RICM au d\u00e9fil\u00e9 est v\u00e9cue comme une r\u00e9compense apr\u00e8s la <a target=\"_self\" href=\"https:\/\/www.lanouvellerepublique.fr\/poitiers\/l-immortel-ricm-de-poitiers-fete-ses-110-ans-dans-un-contexte-d-engagements-militaires-accru-1749225635\" rel=\"nofollow noopener\">derni\u00e8re mission mouvement\u00e9e au Liban<\/a>, d\u00e9but 2025. Ils sont d\u00e9j\u00e0 pr\u00e9sents \u00e0 Paris pour les r\u00e9p\u00e9titions et s&rsquo;entra\u00eeneront mercredi 9 juillet sur \u00ab la plus belle avenue du monde \u00bb.<\/p>\n<p>La derni\u00e8re participation du RICM au d\u00e9fil\u00e9 du 14\u00a0Juillet \u00e0 Paris remonte \u00e0 2022, avec 60 militaires pr\u00e9sents.<\/p>\n","protected":false},"excerpt":{"rendered":"Vingt-sept marsouins du r\u00e9giment d\u2019infanterie et chars de marine (RICM) de Poitiers d\u00e9fileront lundi 14\u00a0juillet 2025 sur l\u2019avenue&hellip;\n","protected":false},"author":2,"featured_media":234681,"comment_status":"","ping_status":"","sticky":false,"template":"","format":"standard","meta":{"footnotes":""},"categories":[1888],"tags":[1392,11,1813,1777,674,1011,27,12,626,1653,25,1584],"class_list":{"0":"post-234680","1":"post","2":"type-post","3":"status-publish","4":"format-standard","5":"has-post-thumbnail","7":"category-paris","8":"tag-a-la-une-local","9":"tag-actualites","10":"tag-armee","11":"tag-eu","12":"tag-europe","13":"tag-fr","14":"tag-france","15":"tag-news","16":"tag-paris","17":"tag-poitiers","18":"tag-republique-francaise","19":"tag-vienne"},"share_on_mastodon":{"url":"https:\/\/pubeurope.com\/@fr\/114816685413900719","error":""},"_links":{"self":[{"href":"https:\/\/www.europesays.com\/fr\/wp-json\/wp\/v2\/posts\/234680","targetHints":{"allow":["GET"]}}],"collection":[{"href":"https:\/\/www.europesays.com\/fr\/wp-json\/wp\/v2\/posts"}],"about":[{"href":"https:\/\/www.europesays.com\/fr\/wp-json\/wp\/v2\/types\/post"}],"author":[{"embeddable":true,"href":"https:\/\/www.europesays.com\/fr\/wp-json\/wp\/v2\/users\/2"}],"replies":[{"embeddable":true,"href":"https:\/\/www.europesays.com\/fr\/wp-json\/wp\/v2\/comments?post=234680"}],"version-history":[{"count":0,"href":"https:\/\/www.europesays.com\/fr\/wp-json\/wp\/v2\/posts\/234680\/revisions"}],"wp:featuredmedia":[{"embeddable":true,"href":"https:\/\/www.europesays.com\/fr\/wp-json\/wp\/v2\/media\/234681"}],"wp:attachment":[{"href":"https:\/\/www.europesays.com\/fr\/wp-json\/wp\/v2\/media?parent=234680"}],"wp:term":[{"taxonomy":"category","embeddable":true,"href":"https:\/\/www.europesays.com\/fr\/wp-json\/wp\/v2\/categories?post=234680"},{"taxonomy":"post_tag","embeddable":true,"href":"https:\/\/www.europesays.com\/fr\/wp-json\/wp\/v2\/tags?post=234680"}],"curies":[{"name":"wp","href":"https:\/\/api.w.org\/{rel}","templated":true}]}}