{"id":234684,"date":"2025-07-08T08:33:11","date_gmt":"2025-07-08T08:33:11","guid":{"rendered":"https:\/\/www.europesays.com\/fr\/234684\/"},"modified":"2025-07-08T08:33:11","modified_gmt":"2025-07-08T08:33:11","slug":"mecontent-contre-poutine-trump-va-envoyer-plus-darmes-defensives-a-lukraine","status":"publish","type":"post","link":"https:\/\/www.europesays.com\/fr\/234684\/","title":{"rendered":"\u00ab\u00a0M\u00e9content\u00a0\u00bb contre Poutine, Trump va \u00ab\u00a0envoyer plus d\u2019armes d\u00e9fensives\u00a0\u00bb \u00e0 l&rsquo;Ukraine"},"content":{"rendered":"<ul class=\"jsx-862013697 ArticleChapo__List\">\n<li class=\"jsx-862013697 ArticleChapo__List_Item flex\">Les \u00c9tats-Unis vont envoyer des armes suppl\u00e9mentaires \u00e0 l&rsquo;Ukraine, a promis Donald Trump lundi soir.<\/li>\n<li class=\"jsx-862013697 ArticleChapo__List_Item flex\">Une d\u00e9cision prise quelques jours apr\u00e8s l&rsquo;annonce d&rsquo;une suspension de certaines livraisons am\u00e9ricaines.<\/li>\n<\/ul>\n<p><a href=\"https:\/\/www.tf1info.fr\/actualite\/invasion-de-l-ukraine-par-la-russie-une-guerre-qui-dure-12951\/\" rel=\"noopener\" class=\"jsx-484472199 Link jsx-1428418400 jsx-554215408\" target=\"_blank\"><\/p>\n<p style=\"font-weight:400\" class=\"jsx-1837267516\">Suivez la couverture compl\u00e8te<\/p>\n<p style=\"font-weight:800\" class=\"jsx-1837267516\">Ukraine : 4\u1d49 ann\u00e9e de guerre<\/p>\n<p><\/a><\/p>\n<p data-module=\"article-paragraph\" class=\"jsx-3046738180 Paragraph\">La Maison Blanche fait (encore) volte-face sur <a href=\"https:\/\/www.tf1info.fr\/actualite\/invasion-de-l-ukraine-par-la-russie-une-guerre-qui-dure-12951\/\" target=\"_blank\" rel=\"noopener\">le dossier ukrainien. <\/a>Quelques jours apr\u00e8s l&rsquo;annonce d&rsquo;une suspension de certaines livraisons am\u00e9ricaines et au moment o\u00f9 la diplomatie se heurte \u00e0 une impasse, Donald Trump a finalement d\u00e9cid\u00e9 d&rsquo;envoyer des armes suppl\u00e9mentaires \u00e0 Kiev.<\/p>\n<p data-module=\"article-paragraph\" class=\"jsx-3046738180 Paragraph Paragraph__End\">\u00ab\u00a0Nous allons devoir envoyer plus d&rsquo;armes, principalement des armes d\u00e9fensives\u00a0\u00bb, a d\u00e9clar\u00e9 lundi le pr\u00e9sident am\u00e9ricain, qui s&rsquo;est dit \u00ab\u00a0m\u00e9content\u00a0\u00bb \u00e0 l&rsquo;\u00e9gard du dirigeant russe <a href=\"https:\/\/www.tf1info.fr\/actualite\/vladimir-poutine-10297\/\" target=\"_blank\" rel=\"noopener\">Vladimir Poutine<\/a>. \u00ab\u00a0Ils sont frapp\u00e9s de mani\u00e8re tr\u00e8s, tr\u00e8s dure\u00a0\u00bb, a ajout\u00e9 Donald Trump, \u00e0 propos des Ukrainiens. D\u00e9j\u00e0 vendredi, le pr\u00e9sident am\u00e9ricain s&rsquo;\u00e9tait dit \u00ab\u00a0tr\u00e8s m\u00e9content\u00a0\u00bb d&rsquo;un appel t\u00e9l\u00e9phonique organis\u00e9 la veille avec Vladimir Poutine : \u00ab\u00a0Il veut aller jusqu&rsquo;au bout, juste continuer de tuer des gens, ce n&rsquo;est pas bien\u00a0\u00bb.<\/p>\n<p>Donald Trump pr\u00eat \u00e0 durcir les sanctions contre Moscou ?<\/p>\n<p data-module=\"article-paragraph\" class=\"jsx-3046738180 Paragraph\">Le pr\u00e9sident am\u00e9ricain a aussi laiss\u00e9 entendre qu&rsquo;il pourrait \u00eatre pr\u00eat \u00e0 durcir les sanctions contre Moscou, apr\u00e8s avoir \u00e9vit\u00e9 pendant ces six derniers mois d&rsquo;y recourir alors qu&rsquo;il tentait de persuader son homologue russe de mettre fin \u00e0 la guerre.<\/p>\n<p data-module=\"article-paragraph\" class=\"jsx-3046738180 Paragraph Paragraph__End\"><a href=\"https:\/\/www.tf1info.fr\/international\/ukraine-proche-orient-ce-qu-ont-dit-poutine-et-trump-lors-de-leur-nouvel-entretien-2380787.html\" target=\"_blank\" rel=\"noopener\">Donald Trump s&rsquo;est en effet rapproch\u00e9 depuis janvier de Vladimir Poutine<\/a>, mettant la pression pour obtenir un arr\u00eat des combats, sans toutefois parvenir \u00e0 des progr\u00e8s concrets. De fa\u00e7on inattendue, <a href=\"https:\/\/www.tf1info.fr\/international\/guerre-ukraine-russie-washington-coupe-les-vivres-a-kiev-les-armes-qui-pourraient-bientot-manquer-a-l-ukraine-2380502.html\" target=\"_blank\" rel=\"noopener\">son gouvernement a annonc\u00e9 avoir cess\u00e9 de fournir certaines armes \u00e0 Kiev<\/a>, officiellement en raison d&rsquo;une inqui\u00e9tude quant \u00e0 la baisse des stocks de munitions des \u00c9tats-Unis &#8211; le premier soutien militaire de l&rsquo;Ukraine depuis le d\u00e9but de l&rsquo;invasion russe en f\u00e9vrier 2022. Des responsables am\u00e9ricains se sont efforc\u00e9s ensuite de minimiser l&rsquo;impact de cette mesure sans donner plus de d\u00e9tails.<\/p>\n<p><a href=\"https:\/\/www.tf1info.fr\/international\/guerre-en-ukraine-les-dessous-de-l-operation-dronocide-menee-contre-la-russie-2381105.html\" rel=\"noopener\" class=\"jsx-3308031228 Link flex\" target=\"_blank\"><img decoding=\"async\" src=\"https:\/\/www.europesays.com\/fr\/wp-content\/uploads\/2025\/07\/operation-dronocide-ukraine-juillet-2025-6fbe21-1@1x.jpeg\" alt=\"Le minist\u00e8re de la D\u00e9fense ukrainien a diffus\u00e9 des images de l'op\u00e9ration &quot;Dronocide&quot;, le 3 juillet  2025\" loading=\"lazy\" importance=\"low\" fetchpriority=\"low\" class=\"\" aria-hidden=\"true\"\/><\/p>\n<p class=\"jsx-3657663356 ReadMoreArticle__Title\">Lire aussi<\/p>\n<p class=\"jsx-3657663356\">Guerre en Ukraine : les dessous de l&rsquo;op\u00e9ration \u00ab\u00a0Dronocide\u00a0\u00bb men\u00e9e contre la Russie<\/p>\n<p><\/a><\/p>\n<p data-module=\"article-paragraph\" class=\"jsx-3046738180 Paragraph\">Pendant le mandat de<a href=\"https:\/\/www.tf1info.fr\/actualite\/joe-biden-10588\/\" target=\"_blank\" rel=\"noopener\"> l&rsquo;ancien pr\u00e9sident Joe Biden<\/a>, Washington s&rsquo;\u00e9tait engag\u00e9 \u00e0 fournir plus de 65 milliards de dollars d&rsquo;aide militaire \u00e0 l&rsquo;Ukraine. Donald Trump n&rsquo;a, lui, pas annonc\u00e9 de nouvelles aides \u00e0 Kiev depuis janvier.<\/p>\n<p data-module=\"article-paragraph\" class=\"jsx-3046738180 Paragraph Paragraph__End\">La diplomatie est au point mort entre les bellig\u00e9rants. Deux cycles de pourparlers entre Russes et Ukrainiens en Turquie le 16 mai et le 2 juin n&rsquo;ont pas abouti \u00e0 une perc\u00e9e majeure, et un troisi\u00e8me cycle n&rsquo;a toujours pas \u00e9t\u00e9 annonc\u00e9. Vladimir Poutine maintient toujours ses demandes maximalistes, en particulier que Kiev c\u00e8de \u00e0 la Russie les r\u00e9gions ukrainiennes annex\u00e9es et que l&rsquo;Ukraine renonce \u00e0 rejoindre l&rsquo;Otan. Les dirigeants ukrainiens et leurs alli\u00e9s occidentaux jugent ces conditions inacceptables. L&rsquo;Ukraine, pour sa part, exige que l&rsquo;arm\u00e9e russe se retire enti\u00e8rement de son territoire, occup\u00e9 \u00e0 hauteur d&rsquo;environ 20%.<\/p>\n<p>T.G.<\/p>\n","protected":false},"excerpt":{"rendered":"Les \u00c9tats-Unis vont envoyer des armes suppl\u00e9mentaires \u00e0 l&rsquo;Ukraine, a promis Donald Trump lundi soir. Une d\u00e9cision prise&hellip;\n","protected":false},"author":2,"featured_media":234685,"comment_status":"","ping_status":"","sticky":false,"template":"","format":"standard","meta":{"footnotes":""},"categories":[1590],"tags":[1111,11,1921,75,1777,674,28083,1922,12,220,1917,133,1920,135],"class_list":{"0":"post-234684","1":"post","2":"type-post","3":"status-publish","4":"format-standard","5":"has-post-thumbnail","7":"category-ukraine","8":"tag-actu","9":"tag-actualites","10":"tag-article-video","11":"tag-donald-trump","12":"tag-eu","13":"tag-europe","14":"tag-guerre-en-ukraine-une-treve-sera-t-elle-possible","15":"tag-info","16":"tag-news","17":"tag-ukraine","18":"tag-ukraine-4-annee-de-guerre","19":"tag-video","20":"tag-video-international","21":"tag-vladimir-poutine"},"share_on_mastodon":{"url":"https:\/\/pubeurope.com\/@fr\/114816693668561847","error":""},"_links":{"self":[{"href":"https:\/\/www.europesays.com\/fr\/wp-json\/wp\/v2\/posts\/234684","targetHints":{"allow":["GET"]}}],"collection":[{"href":"https:\/\/www.europesays.com\/fr\/wp-json\/wp\/v2\/posts"}],"about":[{"href":"https:\/\/www.europesays.com\/fr\/wp-json\/wp\/v2\/types\/post"}],"author":[{"embeddable":true,"href":"https:\/\/www.europesays.com\/fr\/wp-json\/wp\/v2\/users\/2"}],"replies":[{"embeddable":true,"href":"https:\/\/www.europesays.com\/fr\/wp-json\/wp\/v2\/comments?post=234684"}],"version-history":[{"count":0,"href":"https:\/\/www.europesays.com\/fr\/wp-json\/wp\/v2\/posts\/234684\/revisions"}],"wp:featuredmedia":[{"embeddable":true,"href":"https:\/\/www.europesays.com\/fr\/wp-json\/wp\/v2\/media\/234685"}],"wp:attachment":[{"href":"https:\/\/www.europesays.com\/fr\/wp-json\/wp\/v2\/media?parent=234684"}],"wp:term":[{"taxonomy":"category","embeddable":true,"href":"https:\/\/www.europesays.com\/fr\/wp-json\/wp\/v2\/categories?post=234684"},{"taxonomy":"post_tag","embeddable":true,"href":"https:\/\/www.europesays.com\/fr\/wp-json\/wp\/v2\/tags?post=234684"}],"curies":[{"name":"wp","href":"https:\/\/api.w.org\/{rel}","templated":true}]}}