{"id":234690,"date":"2025-07-08T08:36:13","date_gmt":"2025-07-08T08:36:13","guid":{"rendered":"https:\/\/www.europesays.com\/fr\/234690\/"},"modified":"2025-07-08T08:36:13","modified_gmt":"2025-07-08T08:36:13","slug":"allemagne-les-etats-unis-plombent-les-exportations-en-mai-08-07-2025-a-0917","status":"publish","type":"post","link":"https:\/\/www.europesays.com\/fr\/234690\/","title":{"rendered":"Allemagne: les Etats-Unis plombent les exportations en mai &#8211; 08\/07\/2025 \u00e0 09:17"},"content":{"rendered":"<p>\n Les exportations allemandes ont surpris \u00e0 la baisse en mai, avec un recul marqu\u00e9 des \u00e9changes avec les Etats-Unis, alors que Berlin redoute toujours l&rsquo;issue des n\u00e9gociations europ\u00e9ennes avec Washington sur les droits de douane.\n<\/p>\n<p>        <img fetchpriority=\"high\" decoding=\"async\" src=\"https:\/\/www.europesays.com\/fr\/wp-content\/uploads\/2025\/07\/513d29152b1c4b0de0f27875ae99b76e-760x494.jpg\" alt=\"( AFP \/ AXEL HEIMKEN )\" loading=\"eager\" width=\"760\" height=\"494\" style=\"max-width: 100%!important; height: auto;\"\/><\/p>\n<p class=\"c-image-news__legend\">( AFP \/ AXEL HEIMKEN )<\/p>\n<p>\n En mai, l&rsquo;Allemagne a export\u00e9 129,4 milliards d&rsquo;euros de marchandises, soit un recul de 1,4% sur un mois apr\u00e8s une chute de 1,6% en avril, d&rsquo;apr\u00e8s un communiqu\u00e9 de l&rsquo;institut statistique Destatis.\n<\/p>\n<p>\n Les analystes financiers sond\u00e9s par la plateforme Factset misaient eux sur une stagnation des exportations en mai.\n<\/p>\n<p>\n Sur un an, l&rsquo;indicateur grappille 0,4% mais les b\u00e9n\u00e9fices engrang\u00e9s depuis d\u00e9but 2025 ont disparu.\n<\/p>\n<p>\n En parall\u00e8le, les importations ont d\u00e9gringol\u00e9 de 3,8% en mai, ce qui consolide l&rsquo;exc\u00e9dent commercial de l&rsquo;Allemagne \u00e0 18,4 milliards d&rsquo;euros, 2,7 milliards de plus qu&rsquo;en avril.\n<\/p>\n<p>\n N\u00e9anmoins, le bilan commercial a nettement recul\u00e9 sur un an, quand il se situait \u00e0 22,3 milliards d&rsquo;euros en mai 2024, l&rsquo;Allemagne ne trouvant pas le rem\u00e8de \u00e0 la perte de comp\u00e9titivit\u00e9 globale du \u00ab\u00a0Made in Germany\u00a0\u00bb.\n<\/p>\n<p>\n Pour Carsten Brzeski, expert de la banque ING, l&rsquo;effet d&rsquo;anticipation des droits de douane am\u00e9ricains, conduisant \u00e0 un rebond des exportations allemandes en d\u00e9but d&rsquo;ann\u00e9e, s&rsquo;est maintenant dissip\u00e9.\n<\/p>\n<p>\n M\u00eame si Washington n&rsquo;a pas annonc\u00e9 de surtaxe sur les importations europ\u00e9ennes lundi, contrairement au Japon ou la Cor\u00e9e du Sud, les droits de douane demeurent \u00ab\u00a0une \u00e9p\u00e9e de Damocl\u00e8s sur les exportateurs allemands et europ\u00e9ens\u00a0\u00bb, ajoutent-ils.\n<\/p>\n<p>\n En mai, les exportations vers le principal partenaire commercial de Berlin ont diminu\u00e9 de 7,7%, \u00e0 12,1 milliards d&rsquo;euros.\n<\/p>\n<p>\n Il s&rsquo;agit du plus faible montant atteint depuis mars 2022, selon le communiqu\u00e9, alors que Donald Trump est d\u00e9cid\u00e9 \u00e0 r\u00e9sorber le d\u00e9ficit commercial de Washington avec Berlin.\n<\/p>\n<p>\n Dans le m\u00eame temps, les importations de marchandises am\u00e9ricaines se sont effondr\u00e9es de 10,7% en mai, \u00e0 7,4 milliards d&rsquo;euros.\n<\/p>\n<p>\n Les exportations vers la Chine, qui concurrence grandement l&rsquo;industrie allemande, ont elles diminu\u00e9 de 2,9% sur un mois, et celles vers les pays de l&rsquo;UE ont recul\u00e9 de 2,2%.\n<\/p>\n<p>\n En mai, les commandes industrielles allemandes ont aussi marqu\u00e9 le pas, confirmant la fragilit\u00e9 de la premi\u00e8re \u00e9conomie europ\u00e9enne.<\/p>\n","protected":false},"excerpt":{"rendered":"Les exportations allemandes ont surpris \u00e0 la baisse en mai, avec un recul marqu\u00e9 des \u00e9changes avec les&hellip;\n","protected":false},"author":2,"featured_media":234691,"comment_status":"","ping_status":"","sticky":false,"template":"","format":"standard","meta":{"footnotes":""},"categories":[1587],"tags":[400,11,672,398,408,1804,405,1805,1803,1777,674,1801,403,402,399,404,12,1802,401,406,407],"class_list":{"0":"post-234690","1":"post","2":"type-post","3":"status-publish","4":"format-standard","5":"has-post-thumbnail","7":"category-allemagne","8":"tag-action-cac-40","9":"tag-actualites","10":"tag-allemagne","11":"tag-bourse-de-paris","12":"tag-boursorama","13":"tag-bundesrepublik-deutschland","14":"tag-cotations","15":"tag-de","16":"tag-deutschland","17":"tag-eu","18":"tag-europe","19":"tag-germany","20":"tag-indices-devises","21":"tag-investir","22":"tag-investissement","23":"tag-marche-boursier","24":"tag-news","25":"tag-republique-federale-dallemagne","26":"tag-sicav","27":"tag-trackers","28":"tag-warrants"},"share_on_mastodon":{"url":"https:\/\/pubeurope.com\/@fr\/114816705275155641","error":""},"_links":{"self":[{"href":"https:\/\/www.europesays.com\/fr\/wp-json\/wp\/v2\/posts\/234690","targetHints":{"allow":["GET"]}}],"collection":[{"href":"https:\/\/www.europesays.com\/fr\/wp-json\/wp\/v2\/posts"}],"about":[{"href":"https:\/\/www.europesays.com\/fr\/wp-json\/wp\/v2\/types\/post"}],"author":[{"embeddable":true,"href":"https:\/\/www.europesays.com\/fr\/wp-json\/wp\/v2\/users\/2"}],"replies":[{"embeddable":true,"href":"https:\/\/www.europesays.com\/fr\/wp-json\/wp\/v2\/comments?post=234690"}],"version-history":[{"count":0,"href":"https:\/\/www.europesays.com\/fr\/wp-json\/wp\/v2\/posts\/234690\/revisions"}],"wp:featuredmedia":[{"embeddable":true,"href":"https:\/\/www.europesays.com\/fr\/wp-json\/wp\/v2\/media\/234691"}],"wp:attachment":[{"href":"https:\/\/www.europesays.com\/fr\/wp-json\/wp\/v2\/media?parent=234690"}],"wp:term":[{"taxonomy":"category","embeddable":true,"href":"https:\/\/www.europesays.com\/fr\/wp-json\/wp\/v2\/categories?post=234690"},{"taxonomy":"post_tag","embeddable":true,"href":"https:\/\/www.europesays.com\/fr\/wp-json\/wp\/v2\/tags?post=234690"}],"curies":[{"name":"wp","href":"https:\/\/api.w.org\/{rel}","templated":true}]}}