{"id":234694,"date":"2025-07-08T08:38:10","date_gmt":"2025-07-08T08:38:10","guid":{"rendered":"https:\/\/www.europesays.com\/fr\/234694\/"},"modified":"2025-07-08T08:38:10","modified_gmt":"2025-07-08T08:38:10","slug":"entre-royaume-uni-et-ue-un-rapprochement-necessaire","status":"publish","type":"post","link":"https:\/\/www.europesays.com\/fr\/234694\/","title":{"rendered":"entre Royaume-Uni et UE, un rapprochement n\u00e9cessaire"},"content":{"rendered":"<p>Le Royaume-Uni <a href=\"https:\/\/www.ledauphine.com\/politique\/2025\/07\/07\/visite-d-etat-de-macron-envoyer-le-couple-princier-la-marque-d-une-amitie-particuliere\" target=\"_blank\" rel=\"noopener\">accueille en grande pompe le pr\u00e9sident fran\u00e7ais<\/a>, mardi, pour une visite d\u2019\u00c9tat qui doit durer trois jours, la premi\u00e8re d\u2019un dirigeant europ\u00e9ens depuis le Brexit.<\/p>\n<p>Outre le dirigeant fran\u00e7ais, c\u2019est \u00e0 l\u2019Union europ\u00e9enne tout enti\u00e8re qu\u2019a fait les yeux doux le Premier ministre travailliste <a href=\"https:\/\/www.ledauphine.com\/p\/keir-starmer\" target=\"_blank\" rel=\"noopener\">Keir Starmer<\/a>, en poste depuis un an, en promettant un reset des relations envers les \u00c9tats membres. Mais pourquoi le Royaume-Uni s\u2019attelle-t-il \u00e0 se rapprocher de la France et d\u2019un Vieux Continent qu\u2019il s\u2019\u00e9tait pourtant efforc\u00e9 de quitter\u00a0?<\/p>\n<p>Un gouvernement \u00ab\u00a0plus r\u00e9aliste\u00a0\u00bb sur l&rsquo;immigration<\/p>\n<p>Paris et Londres ont mis de l\u2019eau dans leur vin sur les dossiers qui les ont divis\u00e9s ces derni\u00e8res ann\u00e9es. \u00ab\u00a0Les <a href=\"https:\/\/www.ledauphine.com\/economie\/2023\/02\/12\/brexit-les-pecheurs-francais-bientot-indemnises-des-dizaines-de-navires-promis-a-la-casse\" target=\"_blank\" rel=\"noopener\">tensions autour de la p\u00eache<\/a> \u00e9taient plus d\u2019ordre symbolique qu\u2019autre chose. <a href=\"https:\/\/www.ledauphine.com\/p\/boris-johnson\" target=\"_blank\" rel=\"noopener\">Boris Johnson<\/a> avait besoin de se montrer intransigeant avec les p\u00eacheurs fran\u00e7ais pour mettre en sc\u00e8ne le retour d\u2019une souverainet\u00e9 britannique post-Brexit\u00a0\u00bb, explique Federico Santopinto, chercheur \u00e0 l\u2019Institut des relations internationales et strat\u00e9giques (Iris).<\/p>\n<p>\u00ab\u00a0Sur <a href=\"https:\/\/www.ledauphine.com\/societe\/2025\/01\/01\/les-arrivees-clandestines-de-migrants-par-la-manche-ont-bondi-en-2024\" target=\"_blank\" rel=\"noopener\">l\u2019immigration dans la Manche<\/a>, le gouvernement britannique actuel est beaucoup plus r\u00e9aliste et n\u2019ignore pas que l\u2019immigration existera toujours, qu\u2019il soit dans l\u2019UE ou non\u00a0\u00bb, analyse le chercheur sp\u00e9cialiste des relations europ\u00e9ennes pour qui \u00ab\u00a0les travaillistes sont beaucoup plus enclins \u00e0 avoir de bonnes relations avec les Europ\u00e9ens, contrairement aux conservateurs, port\u00e9s au pouvoir notamment par la dynamique du Brexit.\u00a0\u00bb<\/p>\n<p>  Trump pousse Londres vers Bruxelles<\/p>\n<p>Le rabibochage entre le Royaume-Uni et ses voisins europ\u00e9ens s\u2019impose \u00e0 mesure que l\u2019alli\u00e9 am\u00e9ricain se d\u00e9sengage du th\u00e9\u00e2tre europ\u00e9en. Dans ce contexte, le Royaume-Uni a absolument besoin de se rapprocher des Vingt-Sept et en premier lieu de la France, puissance militaire nucl\u00e9aire, qui est align\u00e9e avec Londres dans sa politique de soutien \u00e0 l\u2019Ukraine et de containment de la Russie.<\/p>\n<p>\u00ab\u00a0Le Royaume-Uni est plus fort quand nous travaillons en \u00e9troite collaboration avec nos partenaires internationaux les plus proches. Cela n\u2019a jamais \u00e9t\u00e9 aussi important \u00e0 l\u2019heure o\u00f9 la guerre, les conflits et l\u2019ins\u00e9curit\u00e9 frappent tous \u00e0 la porte de l\u2019Europe\u00a0\u00bb, avait-il d\u00e9clar\u00e9, lucide, fin 2024.<\/p>\n<p>L\u2019UE y trouve aussi son compte\u00a0: les Europ\u00e9ens ont tout int\u00e9r\u00eat \u00e0 compter les Britanniques \u00e0 leur c\u00f4t\u00e9 pour faire face aux menaces, notamment celles venues de l\u2019est.<\/p>\n<p>Si le rapprochement strat\u00e9gique entre le Royaume-Uni et les membres de l\u2019UE est cours, pour une entente \u00e9conomique, il faudra attendre. \u00ab\u00a0C\u2019est l\u00e0 toute la ligne de cr\u00eate, Bruxelles ne veut pas autoriser Londres \u00e0 avoir librement acc\u00e8s \u00e0 son march\u00e9, sous peine de voir les Brexit se multiplier au sein des \u00c9tats membres\u00a0\u00bb, pr\u00e9vient Federico Santopinto.<\/p>\n","protected":false},"excerpt":{"rendered":"Le Royaume-Uni accueille en grande pompe le pr\u00e9sident fran\u00e7ais, mardi, pour une visite d\u2019\u00c9tat qui doit durer trois&hellip;\n","protected":false},"author":2,"featured_media":234695,"comment_status":"","ping_status":"","sticky":false,"template":"","format":"standard","meta":{"footnotes":""},"categories":[1586],"tags":[11,3206,1777,674,1779,107,1011,27,329,12,316,25,1778,364],"class_list":{"0":"post-234694","1":"post","2":"type-post","3":"status-publish","4":"format-standard","5":"has-post-thumbnail","7":"category-europe","8":"tag-actualites","9":"tag-defense-guerre-conflit","10":"tag-eu","11":"tag-europe","12":"tag-european-union","13":"tag-fil-info","14":"tag-fr","15":"tag-france","16":"tag-france-monde","17":"tag-news","18":"tag-politique","19":"tag-republique-francaise","20":"tag-ue","21":"tag-union-europeenne"},"share_on_mastodon":{"url":"https:\/\/pubeurope.com\/@fr\/114816713138694394","error":""},"_links":{"self":[{"href":"https:\/\/www.europesays.com\/fr\/wp-json\/wp\/v2\/posts\/234694","targetHints":{"allow":["GET"]}}],"collection":[{"href":"https:\/\/www.europesays.com\/fr\/wp-json\/wp\/v2\/posts"}],"about":[{"href":"https:\/\/www.europesays.com\/fr\/wp-json\/wp\/v2\/types\/post"}],"author":[{"embeddable":true,"href":"https:\/\/www.europesays.com\/fr\/wp-json\/wp\/v2\/users\/2"}],"replies":[{"embeddable":true,"href":"https:\/\/www.europesays.com\/fr\/wp-json\/wp\/v2\/comments?post=234694"}],"version-history":[{"count":0,"href":"https:\/\/www.europesays.com\/fr\/wp-json\/wp\/v2\/posts\/234694\/revisions"}],"wp:featuredmedia":[{"embeddable":true,"href":"https:\/\/www.europesays.com\/fr\/wp-json\/wp\/v2\/media\/234695"}],"wp:attachment":[{"href":"https:\/\/www.europesays.com\/fr\/wp-json\/wp\/v2\/media?parent=234694"}],"wp:term":[{"taxonomy":"category","embeddable":true,"href":"https:\/\/www.europesays.com\/fr\/wp-json\/wp\/v2\/categories?post=234694"},{"taxonomy":"post_tag","embeddable":true,"href":"https:\/\/www.europesays.com\/fr\/wp-json\/wp\/v2\/tags?post=234694"}],"curies":[{"name":"wp","href":"https:\/\/api.w.org\/{rel}","templated":true}]}}