{"id":234700,"date":"2025-07-08T08:41:10","date_gmt":"2025-07-08T08:41:10","guid":{"rendered":"https:\/\/www.europesays.com\/fr\/234700\/"},"modified":"2025-07-08T08:41:10","modified_gmt":"2025-07-08T08:41:10","slug":"des-audiences-generales-en-berne-france-inter-domine-toujours-et-ici-decroche-liberation","status":"publish","type":"post","link":"https:\/\/www.europesays.com\/fr\/234700\/","title":{"rendered":"des audiences g\u00e9n\u00e9rales en berne, France Inter domine toujours et Ici d\u00e9croche \u2013 Lib\u00e9ration"},"content":{"rendered":"<p class=\"sc-ksZaOG ehjQrN text-element\">Une fin de saison qui consacre les dynamiques des derniers mois. M\u00e9diam\u00e9trie a d\u00e9voil\u00e9 ce mardi 8 juillet matin les r\u00e9sultats des audiences de la radio pour la p\u00e9riode avril-juin. France Inter conserve la t\u00eate du classement, Europe 1 continue sa remont\u00e9e, le r\u00e9seau Ici (ex-France Bleu) s\u2019effondre \u00e0 nouveau\u2026 et les auditeurs fuient toujours plus la radio dans son ensemble. Ils \u00e9taient ainsi 37,6 millions d\u2019individus \u00e0 \u00e9couter encore le m\u00e9dia au quotidien entre avril et juin, un recul d\u2019un demi-million d\u2019auditeurs par rapport \u00e0 l\u2019an pass\u00e9. Inqui\u00e9tant.<\/p>\n<p class=\"sc-ksZaOG ehjQrN text-element\">Agit\u00e9e, la fin de saison le fut <a href=\"https:\/\/www.liberation.fr\/economie\/medias\/remue-menage-a-la-matinale-de-france-inter-sonia-devillers-entre-9-heures-et-11-heures-nora-hamadi-a-la-revue-de-presse-nicolas-demorand-reste-20250626_CYBM5HB3TBCDRJPF27ZHEXVCYI\/\" target=\"_blank\" rel=\"noreferrer nofollow noopener\" title=\"https:\/\/www.liberation.fr\/economie\/medias\/remue-menage-a-la-matinale-de-france-inter-sonia-devillers-entre-9-heures-et-11-heures-nora-hamadi-a-la-revue-de-presse-nicolas-demorand-reste-20250626_CYBM5HB3TBCDRJPF27ZHEXVCYI\/\">en coulisses<\/a> \u00e0 France Inter avec <a href=\"https:\/\/www.liberation.fr\/economie\/medias\/la-plus-belle-experience-professionnelle-de-ma-vie-lea-salame-a-fait-ses-adieux-a-france-inter-20250703_AYE6S326BJFMJBOCG5JVRUYL4Y\/?redirected=1\" target=\"_blank\" rel=\"nofollow noopener\" title=\"https:\/\/www.liberation.fr\/economie\/medias\/la-plus-belle-experience-professionnelle-de-ma-vie-lea-salame-a-fait-ses-adieux-a-france-inter-20250703_AYE6S326BJFMJBOCG5JVRUYL4Y\/?redirected=1\">le d\u00e9part de L\u00e9a Salam\u00e9<\/a>, <a href=\"https:\/\/www.liberation.fr\/economie\/medias\/benjamin-duhamel-quitte-finalement-bfm-tv-pour-france-inter-20250626_OXHMEULJQFFPHG5XLZKW5HCCAA\/\" target=\"_blank\" rel=\"noreferrer nofollow noopener\" title=\"https:\/\/www.liberation.fr\/economie\/medias\/benjamin-duhamel-quitte-finalement-bfm-tv-pour-france-inter-20250626_OXHMEULJQFFPHG5XLZKW5HCCAA\/\">l\u2019arriv\u00e9e de Benjamin Duhamel<\/a>, et le <a href=\"https:\/\/www.liberation.fr\/economie\/medias\/mepris-choix-retrogrades-a-france-inter-les-salaries-de-nouveau-remontes-contre-leur-directrice-adele-van-reeth-20250627_Y7366RXU4NHO7EEWISUBDESEVY\/\" target=\"_blank\" rel=\"nofollow noopener\" title=\"https:\/\/www.liberation.fr\/economie\/medias\/mepris-choix-retrogrades-a-france-inter-les-salaries-de-nouveau-remontes-contre-leur-directrice-adele-van-reeth-20250627_Y7366RXU4NHO7EEWISUBDESEVY\/\">m\u00e9contentement des \u00e9quipes vis-\u00e0-vis des changements<\/a> d\u00e9cid\u00e9s par la directrice Ad\u00e8le Van Reeth. Derri\u00e8re le poste, ils furent cependant toujours plus nombreux : 7 millions et quelques sur la p\u00e9riode, soit 150 000 auditeurs de plus qu\u2019il y a un an. Cela donne une audience cumul\u00e9e de 12,4 % (+ 0,2 %), loin devant celle de ses concurrentes.<\/p>\n<p class=\"sc-ksZaOG ehjQrN text-element\">Et notamment la station du groupe M6, RTL, elle aussi tr\u00e8s active dans le mercato d\u2019animateurs ces derni\u00e8res semaines, entre <a href=\"https:\/\/www.liberation.fr\/economie\/medias\/marc-olivier-fogiel-de-retour-a-la-radio-dans-la-matinale-de-rtl-20250519_HYQB6IACARDUPPHOA6LVA6OSAY\/\" target=\"_blank\" rel=\"noreferrer nofollow noopener\" title=\"https:\/\/www.liberation.fr\/economie\/medias\/marc-olivier-fogiel-de-retour-a-la-radio-dans-la-matinale-de-rtl-20250519_HYQB6IACARDUPPHOA6LVA6OSAY\/\">les recrutements de Marc-Olivier Fogiel<\/a>, <a href=\"https:\/\/www.liberation.fr\/economie\/medias\/anne-sophie-lapix-rejoint-rtl-20250616_OVELJZWJUFA3HHSFTFEO2T5MSU\/\" target=\"_blank\" rel=\"noreferrer nofollow noopener\" title=\"https:\/\/www.liberation.fr\/economie\/medias\/anne-sophie-lapix-rejoint-rtl-20250616_OVELJZWJUFA3HHSFTFEO2T5MSU\/\">Anne-Sophie Lapix<\/a> ou <a href=\"https:\/\/www.liberation.fr\/economie\/medias\/augustin-trapenard-rejoindra-rtl-a-la-rentree-tout-en-gardant-la-grande-librairie-a-la-tele-20250702_OVTOOC7VLBHQZPVBVFJRJ5KNVA\/\" target=\"_blank\" rel=\"nofollow noopener\" title=\"https:\/\/www.liberation.fr\/economie\/medias\/augustin-trapenard-rejoindra-rtl-a-la-rentree-tout-en-gardant-la-grande-librairie-a-la-tele-20250702_OVTOOC7VLBHQZPVBVFJRJ5KNVA\/\">Augustin Trapenard<\/a> pour la rentr\u00e9e prochaine. Sur la p\u00e9riode avril-juin, la radio dor\u00e9navant dirig\u00e9e par Jonathan Curiel (ancien n\u00b0 2 de France Inter), gagne une poign\u00e9e d\u2019auditeurs, 50 000, et atteint les 5,1 millions de fid\u00e8les pour 9 % d\u2019audience cumul\u00e9e. Une stagnation apr\u00e8s quelques ann\u00e9es \u00e0 voir son audience s\u2019\u00e9roder inlassablement.<\/p>\n<p class=\"sc-ksZaOG ehjQrN text-element\">Encore pr\u00e8s de 200 000 auditeurs grappill\u00e9s en trois mois : Europe 1 finit sa saison avec 2,5 millions de fid\u00e8les et 4,5 % d\u2019audience cumul\u00e9e. La station de Vincent Bollor\u00e9 maintiendra-t-elle cette bonne forme \u00e0 la rentr\u00e9e prochaine, avec le <a href=\"https:\/\/www.liberation.fr\/economie\/medias\/le-travail-a-officiellement-commence-hanouna-a-debarque-chez-m6-et-prepare-la-rentree-de-septembre-20250415_ZWIGV7Z7WVERJMPEHBP7SLGKXQ\/\" target=\"_blank\" rel=\"nofollow noopener\" title=\"https:\/\/www.liberation.fr\/economie\/medias\/le-travail-a-officiellement-commence-hanouna-a-debarque-chez-m6-et-prepare-la-rentree-de-septembre-20250415_ZWIGV7Z7WVERJMPEHBP7SLGKXQ\/\">d\u00e9part de Cyril Hanouna pour Fun Radio<\/a> ? C\u2019est Pascal Praud qui r\u00e9cup\u00e8re sa place entre 16 heures et 18 heures, tandis que Christine Kelly officiera d\u00e9sormais le matin. Si Europe 1 continue sur cette lanc\u00e9e, la station peut menacer RMC, plus si loin avec ses 2,8 millions d\u2019auditeurs et 4,9 % d\u2019audience cumul\u00e9e, en net recul de 300 000 fid\u00e8les en cette fin de saison par rapport \u00e0 l\u2019an dernier.<\/p>\n<p class=\"sc-ksZaOG ehjQrN text-element\">Dans le reste des stations publiques, France Info, aux audiences toujours fluctuantes en fonction de l\u2019actualit\u00e9, gagne cette fois quelque 160 000 auditeurs pour atteindre 4,8 millions de fid\u00e8les et 8,4 % d\u2019audience cumul\u00e9e. Elle reste la troisi\u00e8me radio la plus \u00e9cout\u00e9e de France. C\u2019est moins glorieux pour le r\u00e9seau de radios locales Ici (ex-France Bleu) dont les audiences continuent de d\u00e9visser s\u00e9v\u00e8re : 350 000 auditeurs en moins sur la p\u00e9riode, pour 2,15 millions d\u2019auditeurs actuellement et 3,8 % d\u2019audience cumul\u00e9e. Derri\u00e8re, France Culture se maintient un peu au-dessous des 2 millions d\u2019auditeurs avec 3,5 % d\u2019audience cumul\u00e9e.<\/p>\n<p class=\"sc-ksZaOG ehjQrN text-element\">A part M Radio qui grappille 50 000 auditeurs, toutes les radios purement musicales perdent du terrain sur cette fin de saison par rapport \u00e0 l\u2019an pass\u00e9. NRJ \u00e9gare plus de 200 000 auditeurs mais conserve tout de m\u00eame plus de 4,1 millions de fid\u00e8les et une audience cumul\u00e9e de 7,3 %. A c\u00f4t\u00e9, les puissantes Skyrock et Nostalgie d\u00e9crochent aussi. En r\u00e9alit\u00e9, seules les radios musicales qui proposent aussi de l\u2019humour conqui\u00e8rent de nouveaux publics. C\u2019est le cas de Rires et chansons (+ 75 000 auditeurs), qui compte pr\u00e8s de 1,5 million de fid\u00e8les. Et de Radio Nova surtout, qui cl\u00f4t une saison de renaissance avec 888 000 auditeurs quotidiens entre avril et juin, pour 1,6 % d\u2019audience cumul\u00e9e.<\/p>\n","protected":false},"excerpt":{"rendered":"Une fin de saison qui consacre les dynamiques des derniers mois. M\u00e9diam\u00e9trie a d\u00e9voil\u00e9 ce mardi 8 juillet&hellip;\n","protected":false},"author":2,"featured_media":234701,"comment_status":"","ping_status":"","sticky":false,"template":"","format":"standard","meta":{"footnotes":""},"categories":[4],"tags":[11,1011,27,9102,12,25],"class_list":{"0":"post-234700","1":"post","2":"type-post","3":"status-publish","4":"format-standard","5":"has-post-thumbnail","7":"category-france","8":"tag-actualites","9":"tag-fr","10":"tag-france","11":"tag-france-inter","12":"tag-news","13":"tag-republique-francaise"},"share_on_mastodon":{"url":"https:\/\/pubeurope.com\/@fr\/114816724677235342","error":""},"_links":{"self":[{"href":"https:\/\/www.europesays.com\/fr\/wp-json\/wp\/v2\/posts\/234700","targetHints":{"allow":["GET"]}}],"collection":[{"href":"https:\/\/www.europesays.com\/fr\/wp-json\/wp\/v2\/posts"}],"about":[{"href":"https:\/\/www.europesays.com\/fr\/wp-json\/wp\/v2\/types\/post"}],"author":[{"embeddable":true,"href":"https:\/\/www.europesays.com\/fr\/wp-json\/wp\/v2\/users\/2"}],"replies":[{"embeddable":true,"href":"https:\/\/www.europesays.com\/fr\/wp-json\/wp\/v2\/comments?post=234700"}],"version-history":[{"count":0,"href":"https:\/\/www.europesays.com\/fr\/wp-json\/wp\/v2\/posts\/234700\/revisions"}],"wp:featuredmedia":[{"embeddable":true,"href":"https:\/\/www.europesays.com\/fr\/wp-json\/wp\/v2\/media\/234701"}],"wp:attachment":[{"href":"https:\/\/www.europesays.com\/fr\/wp-json\/wp\/v2\/media?parent=234700"}],"wp:term":[{"taxonomy":"category","embeddable":true,"href":"https:\/\/www.europesays.com\/fr\/wp-json\/wp\/v2\/categories?post=234700"},{"taxonomy":"post_tag","embeddable":true,"href":"https:\/\/www.europesays.com\/fr\/wp-json\/wp\/v2\/tags?post=234700"}],"curies":[{"name":"wp","href":"https:\/\/api.w.org\/{rel}","templated":true}]}}