{"id":234702,"date":"2025-07-08T08:44:09","date_gmt":"2025-07-08T08:44:09","guid":{"rendered":"https:\/\/www.europesays.com\/fr\/234702\/"},"modified":"2025-07-08T08:44:09","modified_gmt":"2025-07-08T08:44:09","slug":"lubb-va-plafonner-le-nombre-de-ses-abonnements-pour-une-raison-bien-precise","status":"publish","type":"post","link":"https:\/\/www.europesays.com\/fr\/234702\/","title":{"rendered":"L&rsquo;UBB va plafonner le nombre de ses abonnements pour une raison bien pr\u00e9cise !"},"content":{"rendered":"<p>Avec des tribunes pleines \u00e0 craquer et deux finales disput\u00e9es cette saison, l\u2019Union Bordeaux-B\u00e8gles remet en jeu ses pr\u00e9cieux abonnements. Le compte \u00e0 rebours est lanc\u00e9.<\/p>\n<p>C\u2019est un rendez-vous incontournable pour les amoureux de l\u2019UBB. Ce mardi matin \u00e0 10h, le club girondin lancera officiellement sa campagne d\u2019abonnement pour la saison 2025-2026. Un moment strat\u00e9gique pour l\u2019un des clubs les plus populaires du rugby europ\u00e9en.<\/p>\n<p>Forte d\u2019un soutien sans faille \u2014 le plus important d\u2019Europe avec 17 328 abonn\u00e9s enregistr\u00e9s la saison pass\u00e9e \u2014 l\u2019Union Bordeaux-B\u00e8gles compte bien capitaliser sur cette dynamique exceptionnelle. Mais attention : les places seront ch\u00e8res.<\/p>\n<p>Jusqu\u2019au 31 juillet pour garder sa place<\/p>\n<p>Comme l\u2019explique <a href=\"https:\/\/www.francebleu.fr\/sports\/rugby\/ubb-objectif-20-000-abonnes-la-campagne-ouvre-ce-mardi-3135558\" rel=\"nofollow noopener\" target=\"_blank\">Ici Gironde<\/a>, les abonn\u00e9s actuels b\u00e9n\u00e9ficient d\u2019un droit de priorit\u00e9. Ils auront jusqu\u2019au 31 juillet pour renouveler leur engagement et conserver leur si\u00e8ge. Pass\u00e9 ce d\u00e9lai, les places restantes seront propos\u00e9es \u00e0 de nouveaux supporters, dans la limite des stocks disponibles.<\/p>\n<p>Car cette ann\u00e9e, le club a d\u00e9cid\u00e9 de plafonner le nombre d\u2019abonnements \u00e0 <strong>20 000<\/strong>. L\u2019objectif ? Pr\u00e9server une part de la billetterie \u00e0 l\u2019unit\u00e9, mais aussi garantir un \u00e9quilibre financier : un abonnement rapporte en moyenne <strong>30 % de moins<\/strong> qu\u2019un billet achet\u00e9 match par match.<\/p>\n<p>Chaban-Delmas, Atlantique Bordeaux M\u00e9tropole : l\u2019UBB reste \u00e0 guichets ferm\u00e9s<\/p>\n<p>La saison derni\u00e8re, tous les matchs disput\u00e9s \u00e0 domicile se sont jou\u00e9s \u00e0 <strong>guichets ferm\u00e9s<\/strong>. Une raret\u00e9 dans le sport fran\u00e7ais, confirmant l\u2019engouement massif autour du club bordelais.<\/p>\n<p>Cette saison encore, l\u2019UBB pr\u00e9voit de jouer deux grandes affiches dans l\u2019enceinte d\u00e9sormais baptis\u00e9e <strong>Atlantique Bordeaux M\u00e9tropole<\/strong> (anciennement Matmut Atlantique). Deux chocs en perspective : <strong>la r\u00e9ception du Stade Toulousain<\/strong> et <strong>celle de l\u2019Aviron Bayonnais<\/strong>.<\/p>\n<p>Les joueurs en vacances, les supporters d\u00e9j\u00e0 mobilis\u00e9s<\/p>\n<p>Si les joueurs ont encore quelques semaines de repos avant de reprendre l\u2019entra\u00eenement d\u00e9but ao\u00fbt, l\u2019effervescence est d\u00e9j\u00e0 palpable dans les rangs des supporters. Avec deux finales disput\u00e9es cette saison et un effectif toujours aussi ambitieux, les fans bordelais ont de bonnes raisons de se projeter avec excitation vers l\u2019avenir.<\/p>\n","protected":false},"excerpt":{"rendered":"Avec des tribunes pleines \u00e0 craquer et deux finales disput\u00e9es cette saison, l\u2019Union Bordeaux-B\u00e8gles remet en jeu ses&hellip;\n","protected":false},"author":2,"featured_media":219785,"comment_status":"","ping_status":"","sticky":false,"template":"","format":"standard","meta":{"footnotes":""},"categories":[1416],"tags":[1011,27,479,1468,60],"class_list":{"0":"post-234702","1":"post","2":"type-post","3":"status-publish","4":"format-standard","5":"has-post-thumbnail","7":"category-rugby","8":"tag-fr","9":"tag-france","10":"tag-rugby","11":"tag-rugby-football","12":"tag-sports"},"share_on_mastodon":{"url":"https:\/\/pubeurope.com\/@fr\/114816736499240565","error":""},"_links":{"self":[{"href":"https:\/\/www.europesays.com\/fr\/wp-json\/wp\/v2\/posts\/234702","targetHints":{"allow":["GET"]}}],"collection":[{"href":"https:\/\/www.europesays.com\/fr\/wp-json\/wp\/v2\/posts"}],"about":[{"href":"https:\/\/www.europesays.com\/fr\/wp-json\/wp\/v2\/types\/post"}],"author":[{"embeddable":true,"href":"https:\/\/www.europesays.com\/fr\/wp-json\/wp\/v2\/users\/2"}],"replies":[{"embeddable":true,"href":"https:\/\/www.europesays.com\/fr\/wp-json\/wp\/v2\/comments?post=234702"}],"version-history":[{"count":0,"href":"https:\/\/www.europesays.com\/fr\/wp-json\/wp\/v2\/posts\/234702\/revisions"}],"wp:featuredmedia":[{"embeddable":true,"href":"https:\/\/www.europesays.com\/fr\/wp-json\/wp\/v2\/media\/219785"}],"wp:attachment":[{"href":"https:\/\/www.europesays.com\/fr\/wp-json\/wp\/v2\/media?parent=234702"}],"wp:term":[{"taxonomy":"category","embeddable":true,"href":"https:\/\/www.europesays.com\/fr\/wp-json\/wp\/v2\/categories?post=234702"},{"taxonomy":"post_tag","embeddable":true,"href":"https:\/\/www.europesays.com\/fr\/wp-json\/wp\/v2\/tags?post=234702"}],"curies":[{"name":"wp","href":"https:\/\/api.w.org\/{rel}","templated":true}]}}