{"id":234703,"date":"2025-07-08T08:45:10","date_gmt":"2025-07-08T08:45:10","guid":{"rendered":"https:\/\/www.europesays.com\/fr\/234703\/"},"modified":"2025-07-08T08:45:10","modified_gmt":"2025-07-08T08:45:10","slug":"dimitrov-a-joue-a-un-niveau-incroyable-pendant-deux-sets","status":"publish","type":"post","link":"https:\/\/www.europesays.com\/fr\/234703\/","title":{"rendered":"\u00ab Dimitrov a jou\u00e9 \u00e0 un niveau incroyable pendant deux sets \u00bb"},"content":{"rendered":"<p class=\"date\">\n                                                            Marie Mah\u00e9, Media365, publi\u00e9 le mardi 08 juillet 2025 \u00e0 08h40\n                                                    <\/p>\n<p>Ce lundi, l&rsquo;Italien Jannik Sinner, n\u00b01 mondial, a rendu hommage au Bulgare Grigor Dimitrov, qui menait deux sets \u00e0 z\u00e9ro, lors de leur huiti\u00e8me de finale de Wimbledon, avant d&rsquo;\u00eatre contraint \u00e0 l&rsquo;abandon.<\/p>\n<p>Jannik Sinner \u00e9tait tout proche de la sortie. Ce lundi soir, dans le cadre des huiti\u00e8mes de finale de Wimbledon, l&rsquo;Italien, n\u00b01 mondial et t\u00eate de s\u00e9rie n\u00b01, s&rsquo;est retrouv\u00e9 men\u00e9 deux sets \u00e0 z\u00e9ro (6-3, 7-5), apr\u00e8s environ 1h30 d&rsquo;efforts. Finalement, \u00e0 2-2 dans le troisi\u00e8me set, son adversaire du jour, \u00e0 savoir le Bulgare Grigor Dimitrov, 21e joueur mondial et t\u00eate de s\u00e9rie n\u00b019, a \u00e9t\u00e9 contraint \u00e0 l&rsquo;abandon. A l&rsquo;issue de cette rencontre, le Transalpin lui a rendu hommage, lors de la traditionnelle conf\u00e9rence de presse d&rsquo;apr\u00e8s-match et dans des propos rapport\u00e9s par L&rsquo;Equipe : \u00ab\u00a0(&#8230;) <strong>Grigor a jou\u00e9 \u00e0 un niveau incroyable pendant deux sets, personne ne veut finir un match comme \u00e7a, c&rsquo;est tr\u00e8s triste.<\/strong> Je l&rsquo;ai crois\u00e9 apr\u00e8s mais il \u00e9tait avec son \u00e9quipe, dans ces moments-l\u00e0 je ne veux pas d\u00e9ranger, c&rsquo;est un moment compliqu\u00e9. Je lui souhaite le meilleur.\u00a0\u00bb<\/p>\n<p>Sinner : \u00ab\u00a0J&rsquo;ai essay\u00e9 de rester fort mentalement\u00a0\u00bb<\/p>\n<p>Avant de poursuivre au sujet des raisons qui l&rsquo;ont emp\u00each\u00e9 de se retrouver devant, au niveau du score : \u00ab\u00a0Il a servi super bien, tr\u00e8s vite et en \u00e9tant tr\u00e8s pr\u00e9cis. Il y avait du vent et il a su s&rsquo;adapter. \u00c7a s&rsquo;est vu qu&rsquo;il avait tr\u00e8s bien pr\u00e9par\u00e9 ce match et qu&rsquo;il a appliqu\u00e9 son plan \u00e0 la lettre. <strong>Apr\u00e8s avec le toit on ne sait jamais ce qu&rsquo;il peut se passer, il y a eu des bons \u00e9changes au d\u00e9but du troisi\u00e8me set.<\/strong> J&rsquo;ai essay\u00e9 de rester fort mentalement, et encore une fois c&rsquo;est malheureux que \u00e7a se termine comme \u00e7a.\u00a0\u00bb D\u00e8s le d\u00e9but de cette rencontre, Jannik Sinner avait chut\u00e9 et semblait touch\u00e9 au niveau du coude droit. En attendant, c&rsquo;est bien lui qui disputera les quarts de finale du troisi\u00e8me tournoi du Grand Chelem de l&rsquo;ann\u00e9e. Ce sera ce mercredi, contre l&rsquo;Am\u00e9ricain Ben Shelton, 10e joueur mondial et t\u00eate de s\u00e9rie n\u00b010.<\/p>\n","protected":false},"excerpt":{"rendered":"Marie Mah\u00e9, Media365, publi\u00e9 le mardi 08 juillet 2025 \u00e0 08h40 Ce lundi, l&rsquo;Italien Jannik Sinner, n\u00b01 mondial,&hellip;\n","protected":false},"author":2,"featured_media":234704,"comment_status":"","ping_status":"","sticky":false,"template":"","format":"standard","meta":{"footnotes":""},"categories":[1415],"tags":[1011,27,60,1467],"class_list":{"0":"post-234703","1":"post","2":"type-post","3":"status-publish","4":"format-standard","5":"has-post-thumbnail","7":"category-tennis","8":"tag-fr","9":"tag-france","10":"tag-sports","11":"tag-tennis"},"share_on_mastodon":{"url":"https:\/\/pubeurope.com\/@fr\/114816740370276713","error":""},"_links":{"self":[{"href":"https:\/\/www.europesays.com\/fr\/wp-json\/wp\/v2\/posts\/234703","targetHints":{"allow":["GET"]}}],"collection":[{"href":"https:\/\/www.europesays.com\/fr\/wp-json\/wp\/v2\/posts"}],"about":[{"href":"https:\/\/www.europesays.com\/fr\/wp-json\/wp\/v2\/types\/post"}],"author":[{"embeddable":true,"href":"https:\/\/www.europesays.com\/fr\/wp-json\/wp\/v2\/users\/2"}],"replies":[{"embeddable":true,"href":"https:\/\/www.europesays.com\/fr\/wp-json\/wp\/v2\/comments?post=234703"}],"version-history":[{"count":0,"href":"https:\/\/www.europesays.com\/fr\/wp-json\/wp\/v2\/posts\/234703\/revisions"}],"wp:featuredmedia":[{"embeddable":true,"href":"https:\/\/www.europesays.com\/fr\/wp-json\/wp\/v2\/media\/234704"}],"wp:attachment":[{"href":"https:\/\/www.europesays.com\/fr\/wp-json\/wp\/v2\/media?parent=234703"}],"wp:term":[{"taxonomy":"category","embeddable":true,"href":"https:\/\/www.europesays.com\/fr\/wp-json\/wp\/v2\/categories?post=234703"},{"taxonomy":"post_tag","embeddable":true,"href":"https:\/\/www.europesays.com\/fr\/wp-json\/wp\/v2\/tags?post=234703"}],"curies":[{"name":"wp","href":"https:\/\/api.w.org\/{rel}","templated":true}]}}