{"id":234705,"date":"2025-07-08T08:47:09","date_gmt":"2025-07-08T08:47:09","guid":{"rendered":"https:\/\/www.europesays.com\/fr\/234705\/"},"modified":"2025-07-08T08:47:09","modified_gmt":"2025-07-08T08:47:09","slug":"motogp-allemand-2022-ce-week-end","status":"publish","type":"post","link":"https:\/\/www.europesays.com\/fr\/234705\/","title":{"rendered":"MotoGP allemand 2022 ce week-end"},"content":{"rendered":"<p>ARTA \u2013 La course MotoGP 2022 se d\u00e9roule encore ce week-end en Europe continentale. La course de moto la plus prestigieuse au monde aura lieu en Allemagne.<\/p>\n<p>man MotoGP 2025 est pr\u00e9vu sur le circuit du Sachsenring du 11 au 13 juillet 2025. C\u2019est la 11e s\u00e9rie du calendrier des courses de cette saison.<\/p>\n<p>Marc Marquez est toujours un favoris pour dominer la course en Allemagne. La raison en est qu\u2019il est le plus gagnant en Allemagne MotoGP pour les coureurs toujours actifs.<\/p>\n<p>ero, Marquez a \u00e9galement montr\u00e9 son voyage incroyable cette saison. L\u2019Espagnol a enregistr\u00e9 six victoires dans les 10 s\u00e9ries d\u00e9j\u00e0 courantes.<\/p>\n<p>an, en cons\u00e9quence, il occupe la premi\u00e8re place du classement des coureurs avec une collection de 307 points ou une sup\u00e9rieure de 68 points sur sa s\u0153ur Alex Marquez qui occupait la deuxi\u00e8me place.<\/p>\n<p>Alex devrait rester le principal concurrent de Marc en Allemagne plus tard. Si vous saviez qu\u2019il s\u2019est r\u00e9tabli de la blessure et avait obtenu un permis de course, il serait tr\u00e8s probablement en mesure de rivaliser sur le podium.<\/p>\n<p>le champion du monde en double Francesco Bagnaia se bat \u00e9galement tr\u00e8s probablement contre Marquez plus tard en Allemagne. L\u2019Italie est le vainqueur de l\u2019\u00e9dition 2024.<\/p>\n<p>ra du MotoGP allemand pour 2025<\/p>\n<p>, vendredi 11 juillet 2025<\/p>\n<p>14:30-14:35 WIB: FP1 Moto3<\/p>\n<p>14:50-15:30 WIB: FP1 Moto2<\/p>\n<p>ronyme FP1 MotoGP 15:45-16:30 WIB: FP1 MotoGP<\/p>\n<p>18:15-18:50 WIB: pratique Moto3<\/p>\n<p>19:05-19:45 WIB: pratique Moto2<\/p>\n<p>ar 20h00-29.00 WIB: pratique MotoGP<\/p>\n<p>, samedi 12 juillet 2025<\/p>\n<p>13:40-14:10 WIB: FP2 Moto3<\/p>\n<p>14:45-14:50 WIB: FP2 Moto2<\/p>\n<p>15:10-15:40 WIB: FP2 MotoGP<\/p>\n<p>iraiaiaiaiaiaiaiaiaiaiaiaiaiaiaiaiaiaiaiaiaiaiaiaiaiaiaiaiaiaiaiaiaiaiaiaiaiaiaiaiaiaiaiaiaiaiaiaihihihihihihihihihihihihihihihihihihihihihihihihihihihihihihihihihihihihihihihihihihihihihihihihihihihihihihihihihihihihihihihihihihihihihihihihihihihihihihihihihihihihihihihihihihihihihihihihihihihihihihihihihihihihihihihihihihihihihihihihihihihihihihihihihihihihihihihihihihihihihihihihihihihihihihihihihihihihihihihihihihihihihihihihihihihihihihihihihihihihihihihihihihihihihihihihihihihihihihihihihihihihihi<\/p>\n<p>16:15-16:30 WIB: Q2 MotoGP<\/p>\n<p>17:50-18:05 WIB: Q1 Moto3<\/p>\n<p>18:15-18:30 WIB: Q2 Moto3<\/p>\n<p>18:45-19:00 WIB: Q1 Moto2<\/p>\n<p>19:10-19:30 WIB: Q2 Moto2<\/p>\n<p>20h00 heure de l\u2019ouest de l\u2019Indon\u00e9sie: Allemagne Sprint race MotoGP (15 tours)<\/p>\n<p>, dimanche 13 juillet 2025<\/p>\n<p>14:40-14:50 WIB: R\u00e9chauffement<\/p>\n<p>7h00 heure de l\u2019ouest de l\u2019Indon\u00e9sie : Moto3 race<\/p>\n<p>17:15 WIB: Moto2 race<\/p>\n<p>19h00 heure de l\u2019ouest de l\u2019Indon\u00e9sie : MotoGP course (30 tours)<\/p>\n<p>The English, Chinese, Japanese, Arabic, and French versions are automatically generated by the AI. So there may still be inaccuracies in translating, please always see Indonesian as our main language.<br \/>\n                                    (system supported by DigitalSiber.id)<\/p>\n","protected":false},"excerpt":{"rendered":"ARTA \u2013 La course MotoGP 2022 se d\u00e9roule encore ce week-end en Europe continentale. La course de moto&hellip;\n","protected":false},"author":2,"featured_media":234706,"comment_status":"","ping_status":"","sticky":false,"template":"","format":"standard","meta":{"footnotes":""},"categories":[1413],"tags":[37331,37332,37333,1011,27,1457,1456,1458,19713,37334,60],"class_list":{"0":"post-234705","1":"post","2":"type-post","3":"status-publish","4":"format-standard","5":"has-post-thumbnail","7":"category-moto","8":"tag-calendrier-du-motogp","9":"tag-calendrier-du-motogp-2025","10":"tag-calendrier-du-motogp-allemand","11":"tag-fr","12":"tag-france","13":"tag-moto","14":"tag-motocycle","15":"tag-motogp","16":"tag-motogp-2025","17":"tag-motogp-allemand-2025","18":"tag-sports"},"share_on_mastodon":{"url":"https:\/\/pubeurope.com\/@fr\/114816748299528499","error":""},"_links":{"self":[{"href":"https:\/\/www.europesays.com\/fr\/wp-json\/wp\/v2\/posts\/234705","targetHints":{"allow":["GET"]}}],"collection":[{"href":"https:\/\/www.europesays.com\/fr\/wp-json\/wp\/v2\/posts"}],"about":[{"href":"https:\/\/www.europesays.com\/fr\/wp-json\/wp\/v2\/types\/post"}],"author":[{"embeddable":true,"href":"https:\/\/www.europesays.com\/fr\/wp-json\/wp\/v2\/users\/2"}],"replies":[{"embeddable":true,"href":"https:\/\/www.europesays.com\/fr\/wp-json\/wp\/v2\/comments?post=234705"}],"version-history":[{"count":0,"href":"https:\/\/www.europesays.com\/fr\/wp-json\/wp\/v2\/posts\/234705\/revisions"}],"wp:featuredmedia":[{"embeddable":true,"href":"https:\/\/www.europesays.com\/fr\/wp-json\/wp\/v2\/media\/234706"}],"wp:attachment":[{"href":"https:\/\/www.europesays.com\/fr\/wp-json\/wp\/v2\/media?parent=234705"}],"wp:term":[{"taxonomy":"category","embeddable":true,"href":"https:\/\/www.europesays.com\/fr\/wp-json\/wp\/v2\/categories?post=234705"},{"taxonomy":"post_tag","embeddable":true,"href":"https:\/\/www.europesays.com\/fr\/wp-json\/wp\/v2\/tags?post=234705"}],"curies":[{"name":"wp","href":"https:\/\/api.w.org\/{rel}","templated":true}]}}