{"id":234707,"date":"2025-07-08T08:48:10","date_gmt":"2025-07-08T08:48:10","guid":{"rendered":"https:\/\/www.europesays.com\/fr\/234707\/"},"modified":"2025-07-08T08:48:10","modified_gmt":"2025-07-08T08:48:10","slug":"la-fia-prete-a-accueillir-une-ecurie-chinoise-en-formule-1","status":"publish","type":"post","link":"https:\/\/www.europesays.com\/fr\/234707\/","title":{"rendered":"La FIA pr\u00eate \u00e0 accueillir une \u00e9curie chinoise en Formule 1"},"content":{"rendered":"<p>Le pr\u00e9sident de la FIA, Mohammed Ben Sulayem, s\u2019est dit favorable \u00e0 l\u2019entr\u00e9e d\u2019une \u00e9quipe chinoise en Formule 1, laissant entendre qu\u2019un nouveau processus d\u2019appel \u00e0 manifestation d\u2019int\u00e9r\u00eat pourrait \u00eatre lanc\u00e9.<\/p>\n<p>Alors que la discipline accueillera une 11e \u00e9quipe en 2026 avec l\u2019arriv\u00e9e de Cadillac, officialis\u00e9e apr\u00e8s plusieurs ann\u00e9es de d\u00e9marches, Ben Sulayem n\u2019exclut pas l\u2019id\u00e9e d\u2019\u00e9largir encore la grille. Il a clairement indiqu\u00e9 qu\u2019une candidature en provenance de Chine serait envisag\u00e9e positivement.<\/p>\n<p>La F1 n\u2019a jamais connu d\u2019\u00e9curie chinoise depuis ses d\u00e9buts, malgr\u00e9 l\u2019essor grandissant du sport automobile dans le pays. Avec le soutien institutionnel affich\u00e9 par la FIA, une telle perspective pourrait relancer l\u2019int\u00e9r\u00eat de groupes chinois pour un engagement dans la cat\u00e9gorie reine du sport automobile.<\/p>\n<p>\u00ab Je continue de penser que nous avons besoin de plus d\u2019\u00e9quipes que de courses \u00bb, a d\u00e9clar\u00e9 Ben Sulayem. \u00ab Les pilotes viennent me voir et me disent : \u2018S\u2019il vous pla\u00eet, plus de courses\u2019. \u00ab Lorsque nous avons lanc\u00e9 l\u2019appel \u00e0 manifestation d\u2019int\u00e9r\u00eat [en 2023], sur quoi se basait le r\u00e9sultat ? Sur une proc\u00e9dure r\u00e9guli\u00e8re, un cadre de comp\u00e9tences, sans tenir compte de l\u2019entreprise, tant qu\u2019elle r\u00e9pondait aux exigences de la FIA. Nous avons une 11e \u00e9quipe. Je pense que nous devrions examiner les performances de cette 11e \u00e9quipe, puis, s\u2019il y a une candidature chinoise, et je parle maintenant au nom de la FOM devant vous, ils seront d\u2019accord, car il s\u2019agit de p\u00e9renniser l\u2019activit\u00e9. \u00bb<\/p>\n<p>Ben Sulayem a clairement indiqu\u00e9 qu\u2019il n\u2019y avait pas d\u2019urgence \u00e0 cr\u00e9er une 12e \u00e9quipe. Cependant, compte tenu de l\u2019essor fulgurant de la <a href=\"https:\/\/f1only.fr\/championnats-f1-grand-prix-grande-bretagne\/\" rel=\"nofollow noopener\" target=\"_blank\">F1<\/a> ces derni\u00e8res ann\u00e9es, l\u2019ajout d\u2019une nouvelle \u00e9quipe, en particulier une \u00e9quipe chinoise, renforcerait encore son attrait sur le plus grand march\u00e9 commercial de la plan\u00e8te.<\/p>\n<p>\u00ab S\u2019il y avait une \u00e9quipe chinoise, par exemple, et que la FOM l\u2019approuvait, et je suis s\u00fbr \u00e0 100 % qu\u2019elle l\u2019approuverait, cela ne rapporterait-il pas plus d\u2019argent avec l\u2019arriv\u00e9e de la Chine ? Je pense que oui \u00bb, a-t-il d\u00e9clar\u00e9. \u00ab Devons-nous remplir [la grille] avec une 12e \u00e9quipe pour le simple plaisir de remplir [la grille] avec une 12e \u00e9quipe ? Non. Ce sera la bonne \u00e9quipe. \u00bb<\/p>\n<p><a href=\"https:\/\/f1only.fr\/fia-carlos-sainz-renonce-presidence\/\" rel=\"nofollow noopener\" target=\"_blank\">Ben Sulayem<\/a> a confirm\u00e9 que depuis le processus initial de manifestation d\u2019int\u00e9r\u00eat il y a deux ans et demi, les conditions d\u2019entr\u00e9e ont \u00e9t\u00e9 renforc\u00e9es, affirmant que des le\u00e7ons avaient \u00e9t\u00e9 tir\u00e9es.<\/p>\n<p>\u00ab Le moment viendra o\u00f9 nous estimerons qu\u2019il est opportun de lancer un appel \u00e0 manifestation d\u2019int\u00e9r\u00eat \u00bb, a-t-il d\u00e9clar\u00e9. \u00ab Nous ne sommes pas l\u00e0 pour contrarier les autres \u00e9quipes, mais nous ne le ferons pas juste pour le plaisir. Cela doit en valoir la peine. Pour nous, la [12e] \u00e9quipe doit apporter une valeur ajout\u00e9e \u00e0 la p\u00e9rennit\u00e9 de l\u2019activit\u00e9 de la Formule 1, et l\u2019activit\u00e9 de la Formule 1 n\u2019est pas une question de revenus, mais de long\u00e9vit\u00e9 du championnat lui-m\u00eame. \u00bb<\/p>\n","protected":false},"excerpt":{"rendered":"Le pr\u00e9sident de la FIA, Mohammed Ben Sulayem, s\u2019est dit favorable \u00e0 l\u2019entr\u00e9e d\u2019une \u00e9quipe chinoise en Formule&hellip;\n","protected":false},"author":2,"featured_media":234708,"comment_status":"","ping_status":"","sticky":false,"template":"","format":"standard","meta":{"footnotes":""},"categories":[1412],"tags":[5080,5081,1451,5083,5084,5085,5086,5087,2251,5088,1452,1453,1454,1455,1011,27,4475,4320,5089,5090,2255,60,5091,3030],"class_list":{"0":"post-234707","1":"post","2":"type-post","3":"status-publish","4":"format-standard","5":"has-post-thumbnail","7":"category-f1","8":"tag-actualites-f1","9":"tag-actuf1","10":"tag-f1","11":"tag-f1-actu","12":"tag-f1-direct","13":"tag-f1-live","14":"tag-f1-news","15":"tag-f1news","16":"tag-ferrari","17":"tag-fia","18":"tag-formula-1","19":"tag-formula1","20":"tag-formule-1","21":"tag-formule1","22":"tag-fr","23":"tag-france","24":"tag-mclaren","25":"tag-mercedes","26":"tag-news-f1","27":"tag-newsf1","28":"tag-red-bull","29":"tag-sports","30":"tag-tip","31":"tag-top"},"share_on_mastodon":{"url":"https:\/\/pubeurope.com\/@fr\/114816752237138546","error":""},"_links":{"self":[{"href":"https:\/\/www.europesays.com\/fr\/wp-json\/wp\/v2\/posts\/234707","targetHints":{"allow":["GET"]}}],"collection":[{"href":"https:\/\/www.europesays.com\/fr\/wp-json\/wp\/v2\/posts"}],"about":[{"href":"https:\/\/www.europesays.com\/fr\/wp-json\/wp\/v2\/types\/post"}],"author":[{"embeddable":true,"href":"https:\/\/www.europesays.com\/fr\/wp-json\/wp\/v2\/users\/2"}],"replies":[{"embeddable":true,"href":"https:\/\/www.europesays.com\/fr\/wp-json\/wp\/v2\/comments?post=234707"}],"version-history":[{"count":0,"href":"https:\/\/www.europesays.com\/fr\/wp-json\/wp\/v2\/posts\/234707\/revisions"}],"wp:featuredmedia":[{"embeddable":true,"href":"https:\/\/www.europesays.com\/fr\/wp-json\/wp\/v2\/media\/234708"}],"wp:attachment":[{"href":"https:\/\/www.europesays.com\/fr\/wp-json\/wp\/v2\/media?parent=234707"}],"wp:term":[{"taxonomy":"category","embeddable":true,"href":"https:\/\/www.europesays.com\/fr\/wp-json\/wp\/v2\/categories?post=234707"},{"taxonomy":"post_tag","embeddable":true,"href":"https:\/\/www.europesays.com\/fr\/wp-json\/wp\/v2\/tags?post=234707"}],"curies":[{"name":"wp","href":"https:\/\/api.w.org\/{rel}","templated":true}]}}