{"id":234714,"date":"2025-07-08T08:52:09","date_gmt":"2025-07-08T08:52:09","guid":{"rendered":"https:\/\/www.europesays.com\/fr\/234714\/"},"modified":"2025-07-08T08:52:09","modified_gmt":"2025-07-08T08:52:09","slug":"a-penmarch-lartiste-peintre-michael-weston-est-decede","status":"publish","type":"post","link":"https:\/\/www.europesays.com\/fr\/234714\/","title":{"rendered":"\u00c0 Penmarc\u2019h, l\u2019artiste peintre Michael Weston est d\u00e9c\u00e9d\u00e9"},"content":{"rendered":"<p>Il \u00e9tait install\u00e9 depuis plus de 20 ans au pied du phare d\u2019Eckm\u00fchl, \u00e0 Penmarc\u2019h. L\u2019artiste peintre Michael Weston vient de d\u00e9c\u00e9der, \u00e0 l\u2019\u00e2ge de 81 ans. \u00c0 Saint-Pierre, son atelier (qui \u00e9tait un ancien caf\u00e9) \u00e9tait devenu une v\u00e9ritable attraction, du fait de son emplacement qui offrait une vue imprenable sur l\u2019\u00e9difice maritime.<br \/>V\u00e9ritable figure locale, inclassable et iconoclaste, l\u2019homme avait expos\u00e9 ses \u0153uvres un peu partout dans le monde. Il \u00e9tait n\u00e9 \u00e0 J\u00e9rusalem, en 1943, d\u2019une m\u00e8re russe et d\u2019un p\u00e8re anglais. Michael Weston avait beaucoup voyag\u00e9 (Paris, Londres, New York ou Oslo) avant de poser ses cartons dans le Sud-Finist\u00e8re o\u00f9 il aimait cultiver sa part de myst\u00e8re\ufeff. \ufeff En 2023, il avait pr\u00e9sent\u00e9 ses toiles \u00e0 la galerie Far West \u00e0 Penmarc\u2019h, situ\u00e9 \u00e0 seulement deux kilom\u00e8tres de son antre.<\/p>\n<p class=\"note\">Les obs\u00e8ques de Michael Weston auront lieu ce vendredi 11 juillet 2025 \u00e0 16\u00a0h au cimeti\u00e8re de K\u00e9rity, Penmarc\u2019h.<\/p>\n","protected":false},"excerpt":{"rendered":"Il \u00e9tait install\u00e9 depuis plus de 20 ans au pied du phare d\u2019Eckm\u00fchl, \u00e0 Penmarc\u2019h. L\u2019artiste peintre Michael&hellip;\n","protected":false},"author":2,"featured_media":234715,"comment_status":"","ping_status":"","sticky":false,"template":"","format":"standard","meta":{"footnotes":""},"categories":[1358],"tags":[1348,1384,1385,1386,58,59,1011,27,1391,22629,3323],"class_list":{"0":"post-234714","1":"post","2":"type-post","3":"status-publish","4":"format-standard","5":"has-post-thumbnail","7":"category-arts-et-design","8":"tag-arts","9":"tag-arts-and-design","10":"tag-arts-et-design","11":"tag-design","12":"tag-divertissement","13":"tag-entertainment","14":"tag-fr","15":"tag-france","16":"tag-necrologie","17":"tag-penmarch","18":"tag-pont-labbe"},"share_on_mastodon":{"url":"https:\/\/pubeurope.com\/@fr\/114816768044978734","error":""},"_links":{"self":[{"href":"https:\/\/www.europesays.com\/fr\/wp-json\/wp\/v2\/posts\/234714","targetHints":{"allow":["GET"]}}],"collection":[{"href":"https:\/\/www.europesays.com\/fr\/wp-json\/wp\/v2\/posts"}],"about":[{"href":"https:\/\/www.europesays.com\/fr\/wp-json\/wp\/v2\/types\/post"}],"author":[{"embeddable":true,"href":"https:\/\/www.europesays.com\/fr\/wp-json\/wp\/v2\/users\/2"}],"replies":[{"embeddable":true,"href":"https:\/\/www.europesays.com\/fr\/wp-json\/wp\/v2\/comments?post=234714"}],"version-history":[{"count":0,"href":"https:\/\/www.europesays.com\/fr\/wp-json\/wp\/v2\/posts\/234714\/revisions"}],"wp:featuredmedia":[{"embeddable":true,"href":"https:\/\/www.europesays.com\/fr\/wp-json\/wp\/v2\/media\/234715"}],"wp:attachment":[{"href":"https:\/\/www.europesays.com\/fr\/wp-json\/wp\/v2\/media?parent=234714"}],"wp:term":[{"taxonomy":"category","embeddable":true,"href":"https:\/\/www.europesays.com\/fr\/wp-json\/wp\/v2\/categories?post=234714"},{"taxonomy":"post_tag","embeddable":true,"href":"https:\/\/www.europesays.com\/fr\/wp-json\/wp\/v2\/tags?post=234714"}],"curies":[{"name":"wp","href":"https:\/\/api.w.org\/{rel}","templated":true}]}}