{"id":234716,"date":"2025-07-08T08:53:10","date_gmt":"2025-07-08T08:53:10","guid":{"rendered":"https:\/\/www.europesays.com\/fr\/234716\/"},"modified":"2025-07-08T08:53:10","modified_gmt":"2025-07-08T08:53:10","slug":"anne-berest-amelie-nothomb-ces-autrices-vont-marquer-la-rentee-litteraire-2025","status":"publish","type":"post","link":"https:\/\/www.europesays.com\/fr\/234716\/","title":{"rendered":"Anne Berest, Am\u00e9lie Nothomb&#8230; Ces autrices vont marquer la rent\u00e9e litt\u00e9raire 2025"},"content":{"rendered":"<p>Plusieurs autrices devraient marquer la rentr\u00e9e litt\u00e9raire d\u2019ao\u00fbt et de septembre 2025. \u00c0 cette occasion, L\u2019\u00c9claireur vous d\u00e9voile quelques noms des plumes \u00e0 ne pas manquer.<\/p>\n<p>En 2025, la rentr\u00e9e litt\u00e9raire s\u2019ouvre avec une programmation marqu\u00e9e par la diversit\u00e9 des styles et des trajectoires. Cette ann\u00e9e encore, beaucoup d\u2019autrices occupent une place centrale dans les premi\u00e8res s\u00e9lections des libraires. Qu\u2019elles soient habitu\u00e9es des palmar\u00e8s ou figures montantes, elles abordent des th\u00e8mes intimes ou politiques avec des approches vari\u00e9es, parfois inattendues.<\/p>\n<p>M\u00e9moire et filiation<\/p>\n<p>Chez Albin Michel, la romanci\u00e8re Anne Berest fait son retour avec <a href=\"https:\/\/www.fnac.com\/o11484653\/Finistere\/w-4\" target=\"_blank\" rel=\"noreferrer noopener\">Finist\u00e8re<\/a>, un roman qui prolonge le travail de m\u00e9moire familiale amorc\u00e9 dans <a href=\"https:\/\/leclaireur.fnac.com\/article\/40434-trois-questions-a-anne-berest-la-carte-postale-grasset\/\" target=\"_blank\" rel=\"noreferrer noopener\">La carte postale<\/a> \u2013 prix Renaudot des lyc\u00e9ens en 2021. Apr\u00e8s la branche maternelle, elle explore l\u2019h\u00e9ritage paternel \u00e0 travers la ville de Brest, les ruines de l\u2019apr\u00e8s-guerre et les traces d\u2019une jeunesse marqu\u00e9e par les utopies. Le r\u00e9cit s\u2019ancre dans une \u00e9poque, sans nostalgie, pr\u00e9f\u00e9rant une \u00e9criture entre recherche documentaire et regard contemporain.<\/p>\n<blockquote class=\"instagram-media\" data-instgrm-captioned=\"\" data-instgrm-permalink=\"https:\/\/www.instagram.com\/p\/DLUIlHwqUjm\/?utm_source=ig_embed&amp;utm_campaign=loading\" data-instgrm-version=\"14\" style=\" background:#FFF; border:0; border-radius:3px; box-shadow:0 0 1px 0 rgba(0,0,0,0.5),0 1px 10px 0 rgba(0,0,0,0.15); margin: 1px; max-width:540px; min-width:326px; padding:0; width:99.375%; width:-webkit-calc(100% - 2px); width:calc(100% - 2px);\"\/>\n<p>Avec <a href=\"https:\/\/www.fnac.com\/a21554100\/Sarah-Chiche-Aimer\" target=\"_blank\" rel=\"noreferrer noopener\">Aimer<\/a>, publi\u00e9 chez Julliard, Sarah Chiche poursuit son exploration des zones d\u2019ombre de l\u2019intime et du politique. En 1984, deux enfants se lient au bord du lac L\u00e9man. Quarante ans plus tard, ils se retrouvent, marqu\u00e9s par la disparition inexpliqu\u00e9e de l\u2019une et le scandale pharmaceutique qui a bris\u00e9 la vie de l\u2019autre. <\/p>\n<p>L\u2019un est rong\u00e9 par la culpabilit\u00e9, l\u2019autre est hant\u00e9e par des fant\u00f4mes. Le r\u00e9cit, \u00e9clat\u00e9, circule entre continents et g\u00e9n\u00e9rations, dessinant une fresque sur la persistance du lien, la douleur de l\u2019effondrement et les secondes chances.<\/p>\n<p>La parole et le lien<\/p>\n<p><a href=\"https:\/\/leclaireur.fnac.com\/article\/cp48693-alice-ferney-lintimite-actes-sud-un-choeur-pas-si-simple\/\" target=\"_blank\" rel=\"noreferrer noopener\">Alice Ferney<\/a>, autrice de Gr\u00e2ce et d\u00e9nuement, revient chez Actes Sud avec Comme en amour, un roman en quarante chapitres o\u00f9 une styliste et un critique voient na\u00eetre une relation. Leur conversation, entam\u00e9e lors d\u2019une interview, se prolonge jour apr\u00e8s jour, tissant une intimit\u00e9 faite de confidences, d\u2019admirations et de silences. Ferney explore la fragilit\u00e9 de ces liens hors cadre, entre amiti\u00e9, \u00e9coute et d\u00e9sir de rester libre.<\/p>\n<blockquote class=\"instagram-media\" data-instgrm-captioned=\"\" data-instgrm-permalink=\"https:\/\/www.instagram.com\/p\/DLegsIATqO4\/?utm_source=ig_embed&amp;utm_campaign=loading\" data-instgrm-version=\"14\" style=\" background:#FFF; border:0; border-radius:3px; box-shadow:0 0 1px 0 rgba(0,0,0,0.5),0 1px 10px 0 rgba(0,0,0,0.15); margin: 1px; max-width:540px; min-width:326px; padding:0; width:99.375%; width:-webkit-calc(100% - 2px); width:calc(100% - 2px);\"\/>\n<p>Le 20 ao\u00fbt c\u00e9l\u00e8bre aussi le retour d\u2019<a href=\"https:\/\/www.fnac.com\/Amelie-Nothomb\/ia112191\" target=\"_blank\" rel=\"noreferrer noopener\">Am\u00e9lie Nothomb<\/a> avec Tant mieux (Albin Michel), un r\u00e9cit o\u00f9 l\u2019enfance est trait\u00e9e comme une zone de r\u00e9sistance. Adrienne a cinq ans en 1942. Ses parents sont inquiets, ses fr\u00e8res la brutalisent et le monde lui semble plein de pi\u00e8ges. Alors elle d\u00e9cide que tout ce qui arrive est \u00ab\u00a0tant mieux\u00a0\u00bb et construit ainsi sa propre m\u00e9thode de survie. Nothomb livre un portrait \u00e0 double fond : celui d\u2019une enfant \u00e0 la lucidit\u00e9 d\u00e9concertante et d\u2019un langage comme rempart contre la violence.<\/p>\n<p>Territoires politiques et violences diffuses<\/p>\n<p>Chez Gallimard, Nathacha Appanah raconte l\u2019arriv\u00e9e en France d\u2019un jeune gar\u00e7on fuyant un conflit dans La nuit au coeur. Recueilli par une famille, il reste mutique, incompris. Appanah suit son parcours en d\u00e9crivant l\u2019invisibilisation progressive de son histoire, le silence face \u00e0 la douleur et les cons\u00e9quences de ce qui n\u2019a pas \u00e9t\u00e9 dit. <\/p>\n<blockquote class=\"instagram-media\" data-instgrm-captioned=\"\" data-instgrm-permalink=\"https:\/\/www.instagram.com\/p\/C-sUlsNS0P3\/?utm_source=ig_embed&amp;utm_campaign=loading\" data-instgrm-version=\"14\" style=\" background:#FFF; border:0; border-radius:3px; box-shadow:0 0 1px 0 rgba(0,0,0,0.5),0 1px 10px 0 rgba(0,0,0,0.15); margin: 1px; max-width:540px; min-width:326px; padding:0; width:99.375%; width:-webkit-calc(100% - 2px); width:calc(100% - 2px);\"\/>\n<p>Enfin, Kairos de Jenny Erpenbeck, laur\u00e9ate du Booker Prize International 2024, plonge dans l\u2019Allemagne de l\u2019Est finissante. Une \u00e9tudiante et un homme plus \u00e2g\u00e9 s\u2019aiment dans un climat politique \u00e9touffant. Leur passion, intense et d\u00e9s\u00e9quilibr\u00e9e, se transforme peu \u00e0 peu en forme de domination. Ce roman, o\u00f9 la sph\u00e8re intime refl\u00e8te les m\u00e9canismes du pouvoir, interroge les limites du consentement, l\u2019effritement des id\u00e9ologies et la m\u00e9moire des corps. <\/p>\n<p>        <script async src=\"\/\/www.instagram.com\/embed.js\"><\/script><\/p>\n","protected":false},"excerpt":{"rendered":"Plusieurs autrices devraient marquer la rentr\u00e9e litt\u00e9raire d\u2019ao\u00fbt et de septembre 2025. \u00c0 cette occasion, L\u2019\u00c9claireur vous d\u00e9voile&hellip;\n","protected":false},"author":2,"featured_media":234717,"comment_status":"","ping_status":"","sticky":false,"template":"","format":"standard","meta":{"footnotes":""},"categories":[1357],"tags":[37335,1379,58,59,1011,27,37336,1380,7193,37337,28313,37338,3686],"class_list":{"0":"post-234716","1":"post","2":"type-post","3":"status-publish","4":"format-standard","5":"has-post-thumbnail","7":"category-livres","8":"tag-auteurrice","9":"tag-books","10":"tag-divertissement","11":"tag-entertainment","12":"tag-fr","13":"tag-france","14":"tag-jeune-autrice","15":"tag-livres","16":"tag-nouveaute","17":"tag-prix-du-roman-fnac","18":"tag-rentree","19":"tag-rentree-litteraire","20":"tag-sortie"},"share_on_mastodon":{"url":"https:\/\/pubeurope.com\/@fr\/114816772043642278","error":""},"_links":{"self":[{"href":"https:\/\/www.europesays.com\/fr\/wp-json\/wp\/v2\/posts\/234716","targetHints":{"allow":["GET"]}}],"collection":[{"href":"https:\/\/www.europesays.com\/fr\/wp-json\/wp\/v2\/posts"}],"about":[{"href":"https:\/\/www.europesays.com\/fr\/wp-json\/wp\/v2\/types\/post"}],"author":[{"embeddable":true,"href":"https:\/\/www.europesays.com\/fr\/wp-json\/wp\/v2\/users\/2"}],"replies":[{"embeddable":true,"href":"https:\/\/www.europesays.com\/fr\/wp-json\/wp\/v2\/comments?post=234716"}],"version-history":[{"count":0,"href":"https:\/\/www.europesays.com\/fr\/wp-json\/wp\/v2\/posts\/234716\/revisions"}],"wp:featuredmedia":[{"embeddable":true,"href":"https:\/\/www.europesays.com\/fr\/wp-json\/wp\/v2\/media\/234717"}],"wp:attachment":[{"href":"https:\/\/www.europesays.com\/fr\/wp-json\/wp\/v2\/media?parent=234716"}],"wp:term":[{"taxonomy":"category","embeddable":true,"href":"https:\/\/www.europesays.com\/fr\/wp-json\/wp\/v2\/categories?post=234716"},{"taxonomy":"post_tag","embeddable":true,"href":"https:\/\/www.europesays.com\/fr\/wp-json\/wp\/v2\/tags?post=234716"}],"curies":[{"name":"wp","href":"https:\/\/api.w.org\/{rel}","templated":true}]}}