{"id":234724,"date":"2025-07-08T08:57:13","date_gmt":"2025-07-08T08:57:13","guid":{"rendered":"https:\/\/www.europesays.com\/fr\/234724\/"},"modified":"2025-07-08T08:57:13","modified_gmt":"2025-07-08T08:57:13","slug":"cancer-du-pancreas-ces-2-symptomes-auraient-du-mettre-la-puce-a-loreille-de-mon-papa-qui-a-ete-emporte-en-12-semaines-seulement-pleine-vie","status":"publish","type":"post","link":"https:\/\/www.europesays.com\/fr\/234724\/","title":{"rendered":"Cancer du pancr\u00e9as : ces 2 sympt\u00f4mes auraient d\u00fb mettre la puce \u00e0 l&#039;oreille de mon papa, qui a \u00e9t\u00e9 emport\u00e9 en 12 semaines seulement &#8211; Pleine vie"},"content":{"rendered":"<ol>\n<li><a href=\"https:\/\/news.google.com\/rss\/articles\/CBMi_wFBVV95cUxQMFpXeTBtM0RmVzhuT2RkYXpoNjFLb1YtN2lqODBIYlJUcTdjM21aMzhFZVphQWdHV2dTMW03RU5tV1dzVF9YalJYUjdCb0lCckNRbG9LemVKU3lteHpkRDdHWi0wV0h4cXNXNjRxZDdSZWJrTk9hVWJydHNUTzgxTzdQZjQ2aTV0alg4djV3LWZpSnBTX0ZHdy1hQUxCTm1pdTBUczMwWGhRSnFWem1oaEZJNUF0UXNWTm1jV0dtSGRKWWVNdloxcGRPTEdTZVBPbnd3NVRLRHFZa3NvZlpSWVBROXc5X2I0eG5ITDJYa1QxRW1mN0pRNGFqWFJEZFE?oc=5\" target=\"_blank\" rel=\"nofollow noopener\">Cancer du pancr\u00e9as : ces 2 sympt\u00f4mes auraient d\u00fb mettre la puce \u00e0 l&rsquo;oreille de mon papa, qui a \u00e9t\u00e9 emport\u00e9 en 12 semaines seulement<\/a>&nbsp;&nbsp;Pleine vie<\/li>\n<li><a href=\"https:\/\/news.google.com\/rss\/articles\/CBMijwFBVV95cUxNdHc0SDFDclBfdURmQzdhc29RaWJPb3FwVmZQTWxGUXhIenNDa0ZSenBvbkpxYUVXbXdReVBpeE43TGtlekF2T2thTUJoVGZTUjMwajBib3hhcVpKaTRXeW8zRXVTdi1ubXZQeGd3NHJDMXRuZE5UZ1MyaGhsYlZaYmhqUW9LelNzRElDd2RWOA?oc=5\" target=\"_blank\" rel=\"nofollow noopener\">\u00ab\u00a0Je pensais que c&rsquo;\u00e9tait un point de c\u00f4t\u00e9, en fait, il s&rsquo;agissait d&rsquo;un cancer du pancr\u00e9as\u00a0\u00bb<\/a>&nbsp;&nbsp;Yahoo<\/li>\n<li><a href=\"https:\/\/news.google.com\/rss\/articles\/CBMi3gFBVV95cUxQai1jOW1MaDdaTVV1aDNxM1BjZWU1SXBfR0JsbUxiLUI1V1g0LW1UNU9KNjRYWnhHbVFzekpOdmZZOHVjM2VydnhFRzJhcEE1NjRHbF93U25vRGFnVEt0SVdSUS1MclgwMVBmQ1pQaFp5QnJYSEpHQ2piY05Fc1lsckhseDA4VlIxeWsyd3ZBVXNkeU01cjF0UzNnZ0Q3OUZhNm5wSHh0SWlBcXNRRDNxTjktYzhZcGFTeGtxMzlSdXZoc2Q1c2lDY3ZnaVF6bndxaXdpQUx4dW5tRnRxcHc?oc=5\" target=\"_blank\" rel=\"nofollow noopener\">Ces 3 signes \u00e9vocateurs d\u2019un cancer du pancr\u00e9as ne doivent pas \u00eatre ignor\u00e9s, selon ce m\u00e9decin<\/a>&nbsp;&nbsp;Femme Actuelle<\/li>\n<li><a href=\"https:\/\/news.google.com\/rss\/articles\/CBMihAJBVV95cUxOSU9UWjJYZDFFeUliTVFPVndkVFpFZGtXZHAzTkJFbTRZWnk4c0RUS1B4NkVQaHJHc2s4UURtNTRPeTE2OXdmNGxKOWI2NnA0Y3JSUXBUbkJROWlRay1JVGlXSWdUODAtYW5sNWl5R3VDNDhKZ1Z3MUp4RVJWQjNhSkI0U1BZQV9lTUV2TUx3OTVla0pIV0RvaXphQTdGS2lObnRXNVFNNm5UcTY1WFpobzVmMk9QMVFWWE5fNzlEWWdDOG94V18yMkVaS1RDajdPY3JOdEdvejd0WUpqZDFsTU9kem9SendfR0JYeUhVWWZuS0NzRndCdTZrc2hDUjBEU1FsLQ?oc=5\" target=\"_blank\" rel=\"nofollow noopener\">Cancer du pancr\u00e9as : voici le type de profil le plus expos\u00e9 selon l\u2019Institut national du cancer<\/a>&nbsp;&nbsp;Modes et travaux<\/li>\n<li><a href=\"https:\/\/news.google.com\/rss\/articles\/CBMi2wFBVV95cUxPT3RYZ2p3S3BPeUE5UW5FWHZQUVFGN25NUzREYXp2Yi0zRi1wQ1M1b3ZqUkFtenJyS3Y4N0d0eU1EQUpHWW9iRTBJX1Fodm1FZ2w5bkljeDBsYVJWNTZpdlQ3WVRNcGlBY1ZLYkZPajBZTGtJYWRvQk9pa20wdU1YNGg2S2d3Qk5DWmpoWnFNXy1CdDZTdVFvc3BSbHZzeXhhU29vaXdlSlZLSkJ4SWNXVEJKS2QxNnF4SkRST0tZY0d4LWZUY0tjUmJQYjA3RURqeENIRF83Q3FzbUk?oc=5\" target=\"_blank\" rel=\"nofollow noopener\">Cancer du pancr\u00e9as : le taux de survie a-t-il progress\u00e9 en 2025 ?<\/a>&nbsp;&nbsp;Modes et travaux<\/li>\n<\/ol>\n","protected":false},"excerpt":{"rendered":"Cancer du pancr\u00e9as : ces 2 sympt\u00f4mes auraient d\u00fb mettre la puce \u00e0 l&rsquo;oreille de mon papa, qui&hellip;\n","protected":false},"author":2,"featured_media":1445,"comment_status":"","ping_status":"","sticky":false,"template":"","format":"standard","meta":{"footnotes":""},"categories":[10],"tags":[1011,27,72,71],"class_list":{"0":"post-234724","1":"post","2":"type-post","3":"status-publish","4":"format-standard","5":"has-post-thumbnail","7":"category-sante","8":"tag-fr","9":"tag-france","10":"tag-health","11":"tag-sante"},"share_on_mastodon":{"url":"https:\/\/pubeurope.com\/@fr\/114816787633308767","error":""},"_links":{"self":[{"href":"https:\/\/www.europesays.com\/fr\/wp-json\/wp\/v2\/posts\/234724","targetHints":{"allow":["GET"]}}],"collection":[{"href":"https:\/\/www.europesays.com\/fr\/wp-json\/wp\/v2\/posts"}],"about":[{"href":"https:\/\/www.europesays.com\/fr\/wp-json\/wp\/v2\/types\/post"}],"author":[{"embeddable":true,"href":"https:\/\/www.europesays.com\/fr\/wp-json\/wp\/v2\/users\/2"}],"replies":[{"embeddable":true,"href":"https:\/\/www.europesays.com\/fr\/wp-json\/wp\/v2\/comments?post=234724"}],"version-history":[{"count":0,"href":"https:\/\/www.europesays.com\/fr\/wp-json\/wp\/v2\/posts\/234724\/revisions"}],"wp:featuredmedia":[{"embeddable":true,"href":"https:\/\/www.europesays.com\/fr\/wp-json\/wp\/v2\/media\/1445"}],"wp:attachment":[{"href":"https:\/\/www.europesays.com\/fr\/wp-json\/wp\/v2\/media?parent=234724"}],"wp:term":[{"taxonomy":"category","embeddable":true,"href":"https:\/\/www.europesays.com\/fr\/wp-json\/wp\/v2\/categories?post=234724"},{"taxonomy":"post_tag","embeddable":true,"href":"https:\/\/www.europesays.com\/fr\/wp-json\/wp\/v2\/tags?post=234724"}],"curies":[{"name":"wp","href":"https:\/\/api.w.org\/{rel}","templated":true}]}}