{"id":234725,"date":"2025-07-08T08:58:09","date_gmt":"2025-07-08T08:58:09","guid":{"rendered":"https:\/\/www.europesays.com\/fr\/234725\/"},"modified":"2025-07-08T08:58:09","modified_gmt":"2025-07-08T08:58:09","slug":"coup-dur-pour-le-psg-en-cas-de-finale-de-coupe-du-monde-des-clubs-mondial-des-clubs-demies-psg-real-madrid","status":"publish","type":"post","link":"https:\/\/www.europesays.com\/fr\/234725\/","title":{"rendered":"Coup dur pour le PSG en cas de finale de Coupe du monde des clubs &#8211; Mondial des clubs &#8211; Demies &#8211; PSG-Real Madrid"},"content":{"rendered":"<p>Au moins, leur saison \u00e0 rallonge est termin\u00e9e.<\/p>\n<p>Ce lundi soir, Willian Pacho et Lucas Hernandez <strong>ont \u00e9t\u00e9 suspendus deux matchs par la commission de discipline de la FIFA<\/strong> \u00ab\u202fpour faute grave\u202f\u00bb \u00e0 la suite de leurs cartons rouges re\u00e7us <a target=\"_blank\" href=\"https:\/\/www.sofoot.com\/articles\/coupe-du-monde-des-clubs-le-paris-saint-germain-sanctionne-le-bayern-munich-et-file-en-demi-finales\" rel=\"nofollow noopener\">contre le Bayern Munich ce samedi.<\/a><\/p>\n<p>Si le PSG se qualifie en finale de la Coupe du monde des clubs face au Real Madrid ce mercredi, les deux d\u00e9fenseurs <strong>ne pourront donc pas aider leurs coll\u00e8gues \u00e0 glaner un cinqui\u00e8me troph\u00e9e cette saison.<\/strong><\/p>\n<p>Changement de plan pour Luis Enrique<\/p>\n<p>Contre les Bavarois, Pacho avait \u00e9t\u00e9 coupable <strong>d\u2019une sale semelle<\/strong> sur Leon Goretzka, tandis que <strong>Lucas Hernandez avait envoy\u00e9 un vilain coup de coude<\/strong> dans la face de Rapha\u00ebl\u00a0Guerreiro.<\/p>\n<p>Ces deux gestes \u00f4 combien \u00e9vitables, surtout pour Hernandez, <strong>changent les plans de Luis Enrique pour cette fin de comp\u00e9tition.<\/strong> Le technicien espagnol va devoir bricoler pour former une charni\u00e8re avec Marquinhos capable d\u2019arr\u00eater le Kyks et sa clique d\u00e8s mercredi. Avant de r\u00e9fl\u00e9chir \u00e0 une possible finale\u2026<\/p>\n<p><a target=\"_blank\" href=\"https:\/\/www.sofoot.com\/articles\/en-direct-psg-inter\" rel=\"nofollow noopener\">La derni\u00e8re s\u2019\u00e9tait plut\u00f4t bien pass\u00e9e.<\/a><\/p>\n<p>\t\t\t\t\t\t\t\t\t\t<a class=\"lien-connexe\" href=\"https:\/\/www.sofoot.com\/articles\/paris-et-mbappe-des-retrouvailles-en-cachette\" rel=\"nofollow noopener\" target=\"_blank\">Paris et Mbapp\u00e9\u202f: des retrouvailles en cachette<\/a>\t\t\t\t\t<\/p>\n","protected":false},"excerpt":{"rendered":"Au moins, leur saison \u00e0 rallonge est termin\u00e9e. Ce lundi soir, Willian Pacho et Lucas Hernandez ont \u00e9t\u00e9&hellip;\n","protected":false},"author":2,"featured_media":234726,"comment_status":"","ping_status":"","sticky":false,"template":"","format":"standard","meta":{"footnotes":""},"categories":[9],"tags":[47,61,69,65,64,63,1011,27,68,66,62,70,67,60],"class_list":{"0":"post-234725","1":"post","2":"type-post","3":"status-publish","4":"format-standard","5":"has-post-thumbnail","7":"category-sports","8":"tag-actualite","9":"tag-actus-football","10":"tag-bundesliga","11":"tag-championnats-europeens","12":"tag-equipe-de-france","13":"tag-football","14":"tag-fr","15":"tag-france","16":"tag-ligua","17":"tag-ligue-1","18":"tag-news-foot","19":"tag-premier-league","20":"tag-serie-a","21":"tag-sports"},"share_on_mastodon":{"url":"https:\/\/pubeurope.com\/@fr\/114816791722406703","error":""},"_links":{"self":[{"href":"https:\/\/www.europesays.com\/fr\/wp-json\/wp\/v2\/posts\/234725","targetHints":{"allow":["GET"]}}],"collection":[{"href":"https:\/\/www.europesays.com\/fr\/wp-json\/wp\/v2\/posts"}],"about":[{"href":"https:\/\/www.europesays.com\/fr\/wp-json\/wp\/v2\/types\/post"}],"author":[{"embeddable":true,"href":"https:\/\/www.europesays.com\/fr\/wp-json\/wp\/v2\/users\/2"}],"replies":[{"embeddable":true,"href":"https:\/\/www.europesays.com\/fr\/wp-json\/wp\/v2\/comments?post=234725"}],"version-history":[{"count":0,"href":"https:\/\/www.europesays.com\/fr\/wp-json\/wp\/v2\/posts\/234725\/revisions"}],"wp:featuredmedia":[{"embeddable":true,"href":"https:\/\/www.europesays.com\/fr\/wp-json\/wp\/v2\/media\/234726"}],"wp:attachment":[{"href":"https:\/\/www.europesays.com\/fr\/wp-json\/wp\/v2\/media?parent=234725"}],"wp:term":[{"taxonomy":"category","embeddable":true,"href":"https:\/\/www.europesays.com\/fr\/wp-json\/wp\/v2\/categories?post=234725"},{"taxonomy":"post_tag","embeddable":true,"href":"https:\/\/www.europesays.com\/fr\/wp-json\/wp\/v2\/tags?post=234725"}],"curies":[{"name":"wp","href":"https:\/\/api.w.org\/{rel}","templated":true}]}}