{"id":234727,"date":"2025-07-08T08:59:09","date_gmt":"2025-07-08T08:59:09","guid":{"rendered":"https:\/\/www.europesays.com\/fr\/234727\/"},"modified":"2025-07-08T08:59:09","modified_gmt":"2025-07-08T08:59:09","slug":"sophie-davant-et-pierre-sled-malgre-leur-divorce-un-nouveau-mariage","status":"publish","type":"post","link":"https:\/\/www.europesays.com\/fr\/234727\/","title":{"rendered":"Sophie Davant et Pierre Sled\u00a0: malgr\u00e9 leur divorce, un nouveau mariage"},"content":{"rendered":"<p>Entre eux, tout a commenc\u00e9<strong> \u00e0 la fin des ann\u00e9es 1980<\/strong>. Alors pr\u00e9sentatrice des bulletins m\u00e9t\u00e9o sur Antenne 2 et animatrice rempla\u00e7ante pour \u00ab\u00a0T\u00e9l\u00e9matin\u00a0\u00bb, <strong>Sophie Davant <\/strong>va faire la rencontre de<strong> Pierre Sled<\/strong>, \u00e9galement journaliste. C&rsquo;est le coup de foudre. Du coup, <a href=\"https:\/\/www.public.fr\/quel-emouvant-souvenir-sophie-davant-chamboulee-en-decouvrant-une-publication-de-son-ex-mari-pierre-sled\" rel=\"nofollow noopener\" target=\"_blank\">tous les deux<\/a> vont <strong>se marier en 1991<\/strong>. Puis, peu de temps apr\u00e8s, le 24\u00a0juillet 1993, les tourtereaux vont accueillir leur <strong>premier enfant<\/strong>. Un gar\u00e7on pr\u00e9nomm\u00e9 <strong>Nicolas<\/strong>. Deux ans plus tard, cette fois, c&rsquo;est <strong>une petite fille<\/strong> qui verra le jour\u00a0: <strong><a href=\"https:\/\/www.public.fr\/sophie-davant-sa-fille-valentine-obtient-un-nouveau-poste-dans-une-emission-tele\" rel=\"nofollow noopener\" target=\"_blank\">Valentine<\/a><\/strong>.<\/p>\n<p>Ainsi, dans les ann\u00e9es\u00a01990 et\u00a02000, <a href=\"https:\/\/www.public.fr\/sophie-davant-et-william-leymergie-longtemps-apres-telematin-leur-nouvelle-emission-ensemble\" rel=\"nofollow noopener\" target=\"_blank\">l&rsquo;ex pr\u00e9sentatrice d'\u00a0\u00bbAffaire conclue\u00a0\u00bb<\/a> et son ch\u00e9ri vont devenir <strong>le couple dans le vent<\/strong>, \u00e0 qui tout r\u00e9ussi\u00a0; que ce soit <strong>personnellement <\/strong>comme <strong>professionnellement<\/strong>. Malheureusement, l&rsquo;une des deux tours va commencer \u00e0 vaciller. Ainsi, en 2012, <strong>apr\u00e8s 21 ans de mariage<\/strong>, Sophie Davant et Pierre Sled <a href=\"https:\/\/www.public.fr\/sophie-davant-ce-qu-elle-a-sacrifie-pendant-son-mariage-avec-pierre-sled\" rel=\"nofollow noopener\" target=\"_blank\">vont <strong>divorcer<\/strong><\/a>. Toutefois, pour le bien-\u00eatre de leurs enfants, ces derniers vont rester en bons termes.<\/p>\n<p>Preuve en est, cet <strong>entretien de Pierre Sled <\/strong>accord\u00e9 \u00e0 nos confr\u00e8res de <a href=\"https:\/\/www.gala.fr\/l_actu\/news_de_stars\/exclu-sophie-davant-son-ex-mari-pierre-sled-emouvant-sur-leurs-enfants-je-suis-fier-d-eux-20250707\" rel=\"nofollow noopener\" target=\"_blank\">Gala.fr<\/a> ce 7\u00a0juillet. \u00c0 cette occasion, <a href=\"https:\/\/www.public.fr\/sophie-davant-elle-explique-sa-separation-avec-pierre-sled\" rel=\"nofollow noopener\" target=\"_blank\">l&rsquo;homme de 66 ans<\/a> a \u00e9voqu\u00e9 avec tendresse le quotidien de Valentine et Nicolas, ses petits qui sont devenus grands. \u00ab\u00a0Mon fils a un super job. Il travaille dans une \u00e9norme bo\u00eete \u00e0 l\u2019international, <strong>il est tr\u00e8s \u00e9panoui et il vient de se marier\u00a0\u00bb<\/strong>, a-t-il r\u00e9v\u00e9l\u00e9. Quant \u00e0 <a href=\"https:\/\/www.public.fr\/sophie-davant-sa-fille-decide-de-reveler-son-secret-une-grande-premiere-pour-valentine\" rel=\"nofollow noopener\" target=\"_blank\">Valentine<\/a>, \u00ab\u00a0elle fait un peu le m\u00eame m\u00e9tier [&#8230;] Elle est critique gastronomique et elle fait une \u00e9mission sur France 3. <strong>Je suis vraiment tr\u00e8s fier de mes deux enfants<\/strong>\u00ab\u00a0, a assur\u00e9 <a href=\"https:\/\/www.public.fr\/sophie-davant-sans-william-lemeyrgie-elle-retrouve-son-ex-pierre-sled\" rel=\"nofollow noopener\" target=\"_blank\">le papa combl\u00e9<\/a>.<\/p>\n<p>Sophie Davant et Pierre Sled s\u00e9par\u00e9s mais \u00e9panouis<\/p>\n<p>S&rsquo;ils se sont s\u00e9par\u00e9s en bons termes pour le bien de leurs enfants, Sophie Davant a confi\u00e9 \u00e0 <a href=\"https:\/\/www.google.com\/url?sa=t&amp;source=web&amp;rct=j&amp;opi=89978449&amp;url=https:\/\/vsd.fr\/54881-sophie-davant-emue-jusquaux-larmes-par-les-propos-de-sa-fille\/&amp;ved=2ahUKEwi-ptu736yOAxXyU6QEHYlSOSYQFnoECBUQAQ&amp;usg=AOvVaw3UgtSL4QLfY8ng2ILVZG_q\" rel=\"nofollow noopener\" target=\"_blank\">sa fille<\/a> dans les colonnes de son magazine S avoir mal v\u00e9cu cet \u00e9pisode\u00a0: \u00ab\u00a0<strong>Une s\u00e9paration, c&rsquo;est compliqu\u00e9<\/strong>. Je l&rsquo;ai mal v\u00e9cue et<strong> je culpabilisais beaucoup<\/strong> de vous l&rsquo;imposer. Vous \u00e9tiez notre priorit\u00e9\u00a0\u00bb, a d\u00e9clar\u00e9 <a href=\"https:\/\/www.google.com\/url?sa=t&amp;source=web&amp;rct=j&amp;opi=89978449&amp;url=https:\/\/vsd.fr\/75156-le-truc-qui-minteresse-le-moins-sophie-davant-explique-cash-ce-qui-ne-lui-plait-pas-dans-danse-avec-les-stars\/&amp;ved=2ahUKEwjO7Lqe36yOAxXjRKQEHWtFDwEQFnoECBoQAQ&amp;usg=AOvVaw2ywSNyZSNxXdZwlVc1KNyf\" rel=\"nofollow noopener\" target=\"_blank\">l&rsquo;ex candidate de \u00ab\u00a0Danse avec les stars\u00a0\u00bb<\/a>. Depuis, la pilule est pass\u00e9e et c&rsquo;est dans les bras de <a href=\"https:\/\/www.google.com\/url?sa=t&amp;source=web&amp;rct=j&amp;opi=89978449&amp;url=https:\/\/vsd.fr\/57512-sophie-davant-en-couple-avec-william-leymergie-lanimatrice-joue-la-carte-du-mystere\/&amp;ved=2ahUKEwi5isTT36yOAxUJK_sDHdSiFDYQFnoECBYQAQ&amp;usg=AOvVaw2-ct7sd380L05sBAtkype4\" rel=\"nofollow noopener\" target=\"_blank\">son confr\u00e8re William Leymergie<\/a> qu&rsquo;elle a retrouv\u00e9 l&rsquo;amour. Une relation d&rsquo;abord cach\u00e9e avant qu&rsquo;ils ne d\u00e9cident de vivre leur idylle au grand jour.<\/p>\n<p>Quant \u00e0 <a href=\"https:\/\/www.google.com\/url?sa=t&amp;source=web&amp;rct=j&amp;opi=89978449&amp;url=https:\/\/vsd.fr\/45694-sophie-davant-adresse-un-joli-message-a-son-ex-compagnon-pierre-sled\/&amp;ved=2ahUKEwiwv-7r36yOAxXJK_sDHffVLhYQFnoECBgQAQ&amp;usg=AOvVaw23rH_t-fush_iBl5TuIZbk\" rel=\"nofollow noopener\" target=\"_blank\">Pierre Sled<\/a>, lui aussi a retrouv\u00e9 chaussure \u00e0 son pied. En effet, le sexag\u00e9naire a dit Ti Amo<strong> <\/strong>\u00e0  <strong>Barbara Ricevuto<\/strong>, une directrice artistique d&rsquo;origine italienne. <strong>\u00c2g\u00e9e de 58 ans<\/strong>, c&rsquo;est dans son pays natal que cette derni\u00e8re a fait la rencontre de celui qui deviendra son mari. Tous les deux ont fini par <strong>officialiser leur histoire en 2017<\/strong> en s&rsquo;affichant dans les gradins du tournoi de Roland-Garros. Finalement, ils ont fini par <strong>se dire \u00ab\u00a0oui\u00a0\u00bb<\/strong>, \u00e0 Rome, le 11\u00a0juin 2018.<\/p>\n<p>      Mentionn\u00e9s dans cet article<\/p>\n<p>\u00c0 lire aussi<\/p>\n","protected":false},"excerpt":{"rendered":"Entre eux, tout a commenc\u00e9 \u00e0 la fin des ann\u00e9es 1980. Alors pr\u00e9sentatrice des bulletins m\u00e9t\u00e9o sur Antenne&hellip;\n","protected":false},"author":2,"featured_media":234728,"comment_status":"","ping_status":"","sticky":false,"template":"","format":"standard","meta":{"footnotes":""},"categories":[8],"tags":[1193,2392,58,7681,847,59,195,1742,1011,27,7629,1930,5875,37266,32401,32400],"class_list":{"0":"post-234727","1":"post","2":"type-post","3":"status-publish","4":"format-standard","5":"has-post-thumbnail","7":"category-divertissement","8":"tag-couple","9":"tag-couple-de-stars","10":"tag-divertissement","11":"tag-divorce","12":"tag-enfant","13":"tag-entertainment","14":"tag-fille","15":"tag-fils","16":"tag-fr","17":"tag-france","18":"tag-maman","19":"tag-mariage","20":"tag-mere","21":"tag-pierre-sled","22":"tag-sophie-davant","23":"tag-william-leymergie"},"share_on_mastodon":{"url":"https:\/\/pubeurope.com\/@fr\/114816795863741602","error":""},"_links":{"self":[{"href":"https:\/\/www.europesays.com\/fr\/wp-json\/wp\/v2\/posts\/234727","targetHints":{"allow":["GET"]}}],"collection":[{"href":"https:\/\/www.europesays.com\/fr\/wp-json\/wp\/v2\/posts"}],"about":[{"href":"https:\/\/www.europesays.com\/fr\/wp-json\/wp\/v2\/types\/post"}],"author":[{"embeddable":true,"href":"https:\/\/www.europesays.com\/fr\/wp-json\/wp\/v2\/users\/2"}],"replies":[{"embeddable":true,"href":"https:\/\/www.europesays.com\/fr\/wp-json\/wp\/v2\/comments?post=234727"}],"version-history":[{"count":0,"href":"https:\/\/www.europesays.com\/fr\/wp-json\/wp\/v2\/posts\/234727\/revisions"}],"wp:featuredmedia":[{"embeddable":true,"href":"https:\/\/www.europesays.com\/fr\/wp-json\/wp\/v2\/media\/234728"}],"wp:attachment":[{"href":"https:\/\/www.europesays.com\/fr\/wp-json\/wp\/v2\/media?parent=234727"}],"wp:term":[{"taxonomy":"category","embeddable":true,"href":"https:\/\/www.europesays.com\/fr\/wp-json\/wp\/v2\/categories?post=234727"},{"taxonomy":"post_tag","embeddable":true,"href":"https:\/\/www.europesays.com\/fr\/wp-json\/wp\/v2\/tags?post=234727"}],"curies":[{"name":"wp","href":"https:\/\/api.w.org\/{rel}","templated":true}]}}