{"id":234729,"date":"2025-07-08T09:00:12","date_gmt":"2025-07-08T09:00:12","guid":{"rendered":"https:\/\/www.europesays.com\/fr\/234729\/"},"modified":"2025-07-08T09:00:12","modified_gmt":"2025-07-08T09:00:12","slug":"ces-jets-sont-des-missiles-cosmiques-un-astrophysicien-revele-le-mecanisme-fascinant-des-trous-noirs-qui-expulsent-la-matiere","status":"publish","type":"post","link":"https:\/\/www.europesays.com\/fr\/234729\/","title":{"rendered":"\u00ab Ces jets sont des missiles cosmiques \u00bb : un astrophysicien r\u00e9v\u00e8le le m\u00e9canisme fascinant des trous noirs qui expulsent la mati\u00e8re"},"content":{"rendered":"<tr>\n<td><strong>EN BREF<\/strong><\/td>\n<\/tr>\n<tr>\n<td>\n<ul>\n<li>\u2728 Les <strong>trous noirs stellaires<\/strong> jouent un r\u00f4le cl\u00e9 dans la dynamique des galaxies gr\u00e2ce \u00e0 leurs jets de plasma.<\/li>\n<li>\ud83d\udd2c Une \u00e9tude japonaise a r\u00e9v\u00e9l\u00e9 que ces jets apparaissent lorsque le disque d\u2019accr\u00e9tion atteint l\u2019orbite stable circulaire la plus proche, l\u2019<strong>ISCO<\/strong>.<\/li>\n<li>\ud83d\ude80 Les <strong>jets de plasma<\/strong> influencent la formation stellaire et redistribuent \u00e9nergie et mati\u00e8re \u00e0 travers l\u2019Univers.<\/li>\n<li>\ud83d\udcca Les d\u00e9couvertes pourraient s\u2019appliquer aux <strong>trous noirs supermassifs<\/strong>, offrant de nouvelles perspectives sur l\u2019\u00e9volution des galaxies.<\/li>\n<\/ul>\n<\/td>\n<\/tr>\n<p>Les trous noirs, ces gigantesques myst\u00e8res de l\u2019Univers, captivent depuis longtemps l\u2019imagination des chercheurs et du grand public. Gr\u00e2ce \u00e0 une r\u00e9cente \u00e9tude japonaise, de nouvelles lumi\u00e8res sont d\u00e9sormais jet\u00e9es sur le fonctionnement complexe de ces objets cosmiques fascinants. Cette recherche a permis de mieux comprendre comment les trous noirs \u00e9jectent des jets de mati\u00e8re, un ph\u00e9nom\u00e8ne qui influence largement la dynamique des galaxies. En se concentrant sur un trou noir stellaire et son disque d\u2019accr\u00e9tion, l\u2019\u00e9quipe de scientifiques a r\u00e9v\u00e9l\u00e9 des m\u00e9canismes \u00e0 la fois surprenants et d\u00e9terminants pour l\u2019\u00e9volution cosmique.<\/p>\n<p>La dynamique complexe des disques d\u2019accr\u00e9tion<\/p>\n<p>Un <strong>disque d\u2019accr\u00e9tion<\/strong> constitue un \u00e9l\u00e9ment cl\u00e9 dans le processus d\u2019alimentation d\u2019un trou noir. Ce disque est compos\u00e9 de gaz et de poussi\u00e8res qui tournent en spirale autour du trou noir, attir\u00e9s par sa gravit\u00e9. La friction intense au sein du disque g\u00e9n\u00e8re une chaleur consid\u00e9rable, \u00e9mettant des rayons X d\u00e9tectables depuis la Terre. Cette dynamique complexe est cruciale pour comprendre le comportement des trous noirs, notamment la mani\u00e8re dont ils \u00e9jectent des jets de mati\u00e8re.<\/p>\n<p>Les chercheurs ont d\u00e9couvert que le bord interne du disque se rapproche de l\u2019orbite stable circulaire la plus proche (ISCO), d\u00e9clenchant ainsi l\u2019\u00e9ruption de jets de plasma. <strong>Ce mouvement est loin d\u2019\u00eatre statique<\/strong>, contrairement \u00e0 ce que supposaient certains mod\u00e8les th\u00e9oriques. L\u2019\u00e9tude des disques d\u2019accr\u00e9tion n\u2019est pas seulement essentielle pour comprendre les trous noirs, elle offre \u00e9galement une occasion unique de tester les th\u00e9ories de la relativit\u00e9 g\u00e9n\u00e9rale d\u2019Einstein dans des environnements de gravit\u00e9 extr\u00eame.<\/p>\n<blockquote class=\"wp-embedded-content\" data-secret=\"2FMxkdDBiE\">\n<p><a href=\"https:\/\/www.innovant.fr\/2025\/06\/23\/cest-un-mur-cosmique-long-de-10-milliards-dannees-lumiere-cette-structure-defie-toutes-les-lois-connues-de-lastronomie\/\" rel=\"nofollow noopener\" target=\"_blank\">\u00ab C\u2019est un mur cosmique long de 10 milliards d\u2019ann\u00e9es-lumi\u00e8re \u00bb : cette structure d\u00e9fie toutes les lois connues de l\u2019astronomie<\/a><\/p>\n<\/blockquote>\n<p>L\u2019importance cosmique des jets de plasma<\/p>\n<p>Les <strong>jets de plasma<\/strong> \u00e9ject\u00e9s par les trous noirs sont parmi les ph\u00e9nom\u00e8nes les plus spectaculaires et \u00e9nerg\u00e9tiques de l\u2019Univers. Ces jets peuvent s\u2019\u00e9tendre sur des milliers d\u2019ann\u00e9es-lumi\u00e8re et influencent la formation stellaire dans les galaxies. Transportant mati\u00e8re et \u00e9nergie \u00e0 des vitesses proches de celle de la lumi\u00e8re, ils redistribuent ces \u00e9l\u00e9ments essentiels \u00e0 travers l\u2019Univers, jouant ainsi un r\u00f4le crucial dans l\u2019\u00e9volution des galaxies.<\/p>\n<p>En outre, les jets de plasma permettent aux astronomes de localiser des trous noirs distants et d\u2019\u00e9tudier leurs propri\u00e9t\u00e9s, telles que leur masse et leur spin. Ces jets constituent \u00e9galement des laboratoires naturels pour observer les processus physiques extr\u00eames qui se produisent pr\u00e8s des trous noirs. Ainsi, leur \u00e9tude enrichit notre compr\u00e9hension des lois de la physique lorsque celles-ci sont pouss\u00e9es \u00e0 leurs limites.<\/p>\n<blockquote class=\"wp-embedded-content\" data-secret=\"BlbPOCrCvy\">\n<p><a href=\"https:\/\/www.innovant.fr\/2025\/07\/03\/phenomene-rare-en-approche-une-eclipse-solaire-totale-va-traverser-la-france-a-cette-date-desormais-confirmee\/\" rel=\"nofollow noopener\" target=\"_blank\">Ph\u00e9nom\u00e8ne rare en approche : une \u00e9clipse solaire totale va traverser la France \u00e0 cette date d\u00e9sormais confirm\u00e9e<\/a><\/p>\n<\/blockquote>\n<p>Les avanc\u00e9es de l\u2019\u00e9tude japonaise<\/p>\n<p>L\u2019\u00e9tude dirig\u00e9e par le professeur Kazutaka Yamaoka a permis de percer certains myst\u00e8res entourant les jets de plasma. En analysant des donn\u00e9es en rayons X et radio d\u2019un syst\u00e8me binaire compos\u00e9 d\u2019un trou noir et d\u2019une \u00e9toile semblable au Soleil, les chercheurs ont confirm\u00e9 que les jets apparaissent lorsque le rayon interne du disque atteint l\u2019ISCO.<\/p>\n<p><strong>Cette d\u00e9couverte remet en question les mod\u00e8les th\u00e9oriques ant\u00e9rieurs<\/strong> qui supposaient des conditions statiques pour l\u2019apparition des jets. En comprenant mieux les conditions dynamiques n\u00e9cessaires \u00e0 la formation des jets, les scientifiques peuvent d\u00e9sormais pr\u00e9dire avec plus de pr\u00e9cision quand ces ph\u00e9nom\u00e8nes se produiront. Ces avanc\u00e9es ouvrent de nouvelles perspectives pour l\u2019\u00e9tude des trous noirs, qu\u2019ils soient stellaires ou supermassifs.<\/p>\n<p><img decoding=\"async\" src=\"https:\/\/www.europesays.com\/fr\/wp-content\/uploads\/2025\/07\/mysterieuse-puissance-cosmique-ces-trous-noirs-titanesques-projettent-des-jets-de-matiere-a-des-vite.jpeg\" alt=\"\"\/><\/p>\n<blockquote class=\"wp-embedded-content\" data-secret=\"8Swuz7ju4f\">\n<p><a href=\"https:\/\/www.innovant.fr\/2025\/03\/13\/10-000-influenceurs-boostent-leur-notoriete-avec-cette-methode-acheter-des-fans-com-simpose-pour-exploser-sur-les-reseaux-sociaux\/\" rel=\"nofollow noopener\" target=\"_blank\">\u00ab\u00a010 000 influenceurs boostent leur notori\u00e9t\u00e9 avec cette m\u00e9thode\u00a0\u00bb : Acheter-des-Fans.com s\u2019impose pour exploser sur les r\u00e9seaux sociaux<\/a><\/p>\n<\/blockquote>\n<p>Implications pour l\u2019\u00e9tude des trous noirs supermassifs<\/p>\n<p>Les r\u00e9sultats de cette recherche pourraient \u00e9galement s\u2019appliquer aux <strong>trous noirs supermassifs<\/strong>, bien que leur \u00e9tude pr\u00e9sente des d\u00e9fis suppl\u00e9mentaires. Ces g\u00e9ants cosmiques \u00e9voluent plus lentement, rendant la mesure de leurs structures internes plus complexe. Cependant, comprendre les m\u00e9canismes \u00e0 l\u2019\u0153uvre dans les trous noirs stellaires offre un cadre de r\u00e9f\u00e9rence pr\u00e9cieux pour explorer ces entit\u00e9s encore plus massives.<\/p>\n<p>Le professeur Yamaoka et son \u00e9quipe envisagent d\u2019\u00e9tendre leurs recherches aux trous noirs supermassifs, esp\u00e9rant ainsi approfondir notre compr\u00e9hension de l\u2019Univers. Cette d\u00e9marche pourrait r\u00e9v\u00e9ler des informations essentielles sur la formation et l\u2019\u00e9volution des galaxies, ainsi que sur la physique des trous noirs dans son ensemble.<\/p>\n<p>La recherche sur les trous noirs avance \u00e0 grands pas, r\u00e9v\u00e9lant des m\u00e9canismes fascinants et des implications vastes pour notre compr\u00e9hension de l\u2019Univers. Avec les nouvelles connaissances acquises sur les jets de plasma, la question demeure : quelles autres d\u00e9couvertes cl\u00e9s nous r\u00e9servent ces myst\u00e9rieux g\u00e9ants cosmiques \u00e0 l\u2019avenir ?<\/p>\n<p>L\u2019auteur s\u2019est appuy\u00e9 sur l\u2019intelligence artificielle pour enrichir cet article.<\/p>\n<p id=\"rating\">\u00c7a vous a plu ?\u00a04.3\/5 (30)<\/p>\n","protected":false},"excerpt":{"rendered":"EN BREF \u2728 Les trous noirs stellaires jouent un r\u00f4le cl\u00e9 dans la dynamique des galaxies gr\u00e2ce \u00e0&hellip;\n","protected":false},"author":2,"featured_media":234730,"comment_status":"","ping_status":"","sticky":false,"template":"","format":"standard","meta":{"footnotes":""},"categories":[7],"tags":[1011,27,43,40,41,39,42,44],"class_list":{"0":"post-234729","1":"post","2":"type-post","3":"status-publish","4":"format-standard","5":"has-post-thumbnail","7":"category-sciences-et-technologies","8":"tag-fr","9":"tag-france","10":"tag-science","11":"tag-science-and-technology","12":"tag-sciences","13":"tag-sciences-et-technologies","14":"tag-technologies","15":"tag-technology"},"share_on_mastodon":{"url":"https:\/\/pubeurope.com\/@fr\/114816799560348062","error":""},"_links":{"self":[{"href":"https:\/\/www.europesays.com\/fr\/wp-json\/wp\/v2\/posts\/234729","targetHints":{"allow":["GET"]}}],"collection":[{"href":"https:\/\/www.europesays.com\/fr\/wp-json\/wp\/v2\/posts"}],"about":[{"href":"https:\/\/www.europesays.com\/fr\/wp-json\/wp\/v2\/types\/post"}],"author":[{"embeddable":true,"href":"https:\/\/www.europesays.com\/fr\/wp-json\/wp\/v2\/users\/2"}],"replies":[{"embeddable":true,"href":"https:\/\/www.europesays.com\/fr\/wp-json\/wp\/v2\/comments?post=234729"}],"version-history":[{"count":0,"href":"https:\/\/www.europesays.com\/fr\/wp-json\/wp\/v2\/posts\/234729\/revisions"}],"wp:featuredmedia":[{"embeddable":true,"href":"https:\/\/www.europesays.com\/fr\/wp-json\/wp\/v2\/media\/234730"}],"wp:attachment":[{"href":"https:\/\/www.europesays.com\/fr\/wp-json\/wp\/v2\/media?parent=234729"}],"wp:term":[{"taxonomy":"category","embeddable":true,"href":"https:\/\/www.europesays.com\/fr\/wp-json\/wp\/v2\/categories?post=234729"},{"taxonomy":"post_tag","embeddable":true,"href":"https:\/\/www.europesays.com\/fr\/wp-json\/wp\/v2\/tags?post=234729"}],"curies":[{"name":"wp","href":"https:\/\/api.w.org\/{rel}","templated":true}]}}