{"id":234731,"date":"2025-07-08T09:01:10","date_gmt":"2025-07-08T09:01:10","guid":{"rendered":"https:\/\/www.europesays.com\/fr\/234731\/"},"modified":"2025-07-08T09:01:10","modified_gmt":"2025-07-08T09:01:10","slug":"elon-musk-vient-enfin-de-realiser-quil-a-tue-tesla-en-soutenant-donald-trump","status":"publish","type":"post","link":"https:\/\/www.europesays.com\/fr\/234731\/","title":{"rendered":"Elon Musk vient enfin de r\u00e9aliser qu&rsquo;il a tu\u00e9 Tesla en soutenant Donald Trump"},"content":{"rendered":"<p>\u00ab\u00a0Elon s\u2019est enfin r\u00e9veill\u00e9\u00a0\u00bb, c\u2019est ainsi qu\u2019a r\u00e9agi un ancien dirigeant <a href=\"https:\/\/www.presse-citron.net\/bourse\/acheter-actions\/tesla\/\" target=\"_blank\" rel=\"false noopener nofollow\">de Tesla<\/a> au r\u00e9cent <a href=\"https:\/\/www.presse-citron.net\/cest-une-grosse-epave-donald-trump-assassine-methodiquement-elon-musk-dans-ce-message-ravageur\/\" target=\"_blank\" rel=\"false noopener nofollow\">affrontement<\/a> qui oppose l\u2019homme le plus riche du monde au pr\u00e9sident am\u00e9ricain. Alors qu\u2019il a financ\u00e9 la campagne \u00e9lectorale de Donald Trump \u00e0 hauteur de 250 millions de dollars, le milliardaire voit en effet l\u2019avenir de Tesla s\u2019assombrir profond\u00e9ment suite \u00e0 l\u2019adoption du dernier projet de loi budg\u00e9taire.<\/p>\n<p> Un danger mortel pour Tesla <\/p>\n<p>Si l\u2019on en croit les informations du <a href=\"https:\/\/www.ft.com\/content\/aaf1a903-1936-4807-9fa0-6fbbe2485edb\" target=\"_blank\" rel=\"false noopener nofollow\">Financial Times<\/a>, <a href=\"https:\/\/www.presse-citron.net\/elon-musk-president-le-milliardaire-lance-son-parti-politique-pour-vous-rendre-votre-liberte\/\" target=\"_blank\" rel=\"false noopener nofollow\">l\u2019opposition frontale d\u2019Elon Musk<\/a> \u00e0 ce texte viendrait en grande partie de ce risque. Et pour cause, le \u00ab\u00a0Big Beautiful Bill\u00a0\u00bb cible plusieurs m\u00e9canismes qui rapportent des milliards de dollars au constructeur chaque ann\u00e9e.<\/p>\n<p>Il en a va ainsi des normes f\u00e9d\u00e9rales de \u00ab\u00a0consommation moyenne de carburant des entreprises\u00a0\u00bb (Cafe), un programme qui p\u00e9nalise les entreprises automobiles dont les v\u00e9hicules ne respectent pas les objectifs de consommation de carburant et r\u00e9compense ceux qui ne produisent aucune \u00e9mission en leur accordant des cr\u00e9dits pour la qualit\u00e9 de l\u2019air. Ces derniers sont ensuite vendus \u00e0 des concurrents qui commercialisent des v\u00e9hicules essence.<\/p>\n<p>Cela rapporte beaucoup d\u2019argent \u00e0 Tesla. La firme aurait ainsi enregistr\u00e9 une perte au cours du premier trimestre sans la vente de ces cr\u00e9dits, qui ont augment\u00e9 de 35\u00a0% pour atteindre 595 millions de dollars en seulement trois mois, d\u00e9taille le journal \u00e9conomique.<\/p>\n<p>Or, comme l\u2019explique Dan Becker, directeur de la Campagne pour un transport climatique s\u00fbr au Centre pour la diversit\u00e9 biologique, \u00e0 nos confr\u00e8res\u00a0: \u00ab\u00a0S\u2019il n\u2019y a pas de sanction en cas de tricherie, il n\u2019y a aucune raison d\u2019acheter des cr\u00e9dits de conformit\u00e9\u00a0\u00bb.<\/p>\n<p> Elon Musk pouss\u00e9 vers la sortie\u00a0? <\/p>\n<p>Pire, en plus de Tesla, Elon Musk pourrait avoir d\u2019autres fronts \u00e0 g\u00e9rer. Donald Trump a ainsi sous-entendu que son D\u00e9partement de l\u2019Efficacit\u00e9 Gouvernementale (Doge) devrait annuler les contrats f\u00e9d\u00e9raux de <a href=\"https:\/\/www.presse-citron.net\/starship-spacex-elon-musk-tourmente\/\" target=\"_blank\" rel=\"false noopener nofollow\">SpaceX<\/a>.<\/p>\n<p>En attendant, et comme le rappelle <a href=\"https:\/\/www.theverge.com\/tesla\/699431\/tesla-musk-trump-ev-regulatory-credit-loss\" target=\"_blank\" rel=\"false noopener nofollow\">The Verge<\/a>, le conseil d\u2019administration de Tesla reste silencieux. Le site d\u2019information am\u00e9ricain conclut cependant\u00a0: \u00ab\u00a0Si l\u2019entreprise commence \u00e0 enregistrer des pertes trimestrielles, il faut s\u2019attendre \u00e0 ce que ces rumeurs (de d\u00e9part d\u2019Elon Musk Ndlr) refassent surface\u00a0\u00bb. Pour approfondir le sujet, n\u2019h\u00e9sitez pas <a href=\"https:\/\/www.presse-citron.net\/elon-devrait-rentrer-dans-son-pays-donald-trump-assassine-elon-musk-avec-cette-verite-qui-derange\/\" target=\"_blank\" rel=\"false noopener nofollow\">\u00e0 relire notre pr\u00e9c\u00e9dent article ici<\/a>.<\/p>\n<p>Ce qu\u2019il faut retenir\u00a0:<\/p>\n<ul class=\"tldr\">\n<li>La nouvelle loi budg\u00e9taire de Donald Trump met en grand danger Tesla<\/li>\n<li>L\u2019opposition frontale d\u2019Elon Musk viendrait en partie de ce motif<\/li>\n<li>Donald Trump a aussi menac\u00e9 les subventions accord\u00e9es \u00e0 SpaceX. Pour l\u2019heure, Elon Musk garde le soutien du conseil d\u2019administration de Tesla<\/li>\n<\/ul>\n<blockquote>\n<p class=\"text-base text-neutral-700 dark:text-neutral-300\">\ud83d\udccd Pour ne manquer aucune actualit\u00e9 de Presse-citron, suivez-nous sur <a href=\"https:\/\/news.google.com\/publications\/CAAqBggKMIPiNTC70wU?hl=fr&amp;gl=FR&amp;ceid=FR%3Afr\" target=\"_blank\" rel=\"nofollow noopener\">Google Actualit\u00e9s<\/a> et <a href=\"https:\/\/whatsapp.com\/channel\/0029VaCkGuz4NViitBXbEr0b\" target=\"_blank\" rel=\"nofollow noopener\">WhatsApp<\/a>.<\/p>\n<\/blockquote>\n","protected":false},"excerpt":{"rendered":"\u00ab\u00a0Elon s\u2019est enfin r\u00e9veill\u00e9\u00a0\u00bb, c\u2019est ainsi qu\u2019a r\u00e9agi un ancien dirigeant de Tesla au r\u00e9cent affrontement qui oppose&hellip;\n","protected":false},"author":2,"featured_media":234732,"comment_status":"","ping_status":"","sticky":false,"template":"","format":"standard","meta":{"footnotes":""},"categories":[6],"tags":[35,75,33,34,46,1011,27,320],"class_list":{"0":"post-234731","1":"post","2":"type-post","3":"status-publish","4":"format-standard","5":"has-post-thumbnail","7":"category-economie","8":"tag-business","9":"tag-donald-trump","10":"tag-economie","11":"tag-economy","12":"tag-elon-musk","13":"tag-fr","14":"tag-france","15":"tag-tesla"},"share_on_mastodon":{"url":"https:\/\/pubeurope.com\/@fr\/114816803459501227","error":""},"_links":{"self":[{"href":"https:\/\/www.europesays.com\/fr\/wp-json\/wp\/v2\/posts\/234731","targetHints":{"allow":["GET"]}}],"collection":[{"href":"https:\/\/www.europesays.com\/fr\/wp-json\/wp\/v2\/posts"}],"about":[{"href":"https:\/\/www.europesays.com\/fr\/wp-json\/wp\/v2\/types\/post"}],"author":[{"embeddable":true,"href":"https:\/\/www.europesays.com\/fr\/wp-json\/wp\/v2\/users\/2"}],"replies":[{"embeddable":true,"href":"https:\/\/www.europesays.com\/fr\/wp-json\/wp\/v2\/comments?post=234731"}],"version-history":[{"count":0,"href":"https:\/\/www.europesays.com\/fr\/wp-json\/wp\/v2\/posts\/234731\/revisions"}],"wp:featuredmedia":[{"embeddable":true,"href":"https:\/\/www.europesays.com\/fr\/wp-json\/wp\/v2\/media\/234732"}],"wp:attachment":[{"href":"https:\/\/www.europesays.com\/fr\/wp-json\/wp\/v2\/media?parent=234731"}],"wp:term":[{"taxonomy":"category","embeddable":true,"href":"https:\/\/www.europesays.com\/fr\/wp-json\/wp\/v2\/categories?post=234731"},{"taxonomy":"post_tag","embeddable":true,"href":"https:\/\/www.europesays.com\/fr\/wp-json\/wp\/v2\/tags?post=234731"}],"curies":[{"name":"wp","href":"https:\/\/api.w.org\/{rel}","templated":true}]}}