{"id":234735,"date":"2025-07-08T09:03:09","date_gmt":"2025-07-08T09:03:09","guid":{"rendered":"https:\/\/www.europesays.com\/fr\/234735\/"},"modified":"2025-07-08T09:03:09","modified_gmt":"2025-07-08T09:03:09","slug":"une-femme-tuee-par-arme-a-feu-alors-quelle-tournait-des-videos-avec-son-compagnon","status":"publish","type":"post","link":"https:\/\/www.europesays.com\/fr\/234735\/","title":{"rendered":"une femme tu\u00e9e par arme \u00e0 feu alors qu&rsquo;elle tournait des vid\u00e9os avec son compagnon"},"content":{"rendered":"<p>Le couple s\u2019est rendu vers 2h30 du matin en voiture \u00e0 l\u2019h\u00f4pital o\u00f9 il a \u00e9t\u00e9 pris en charge. La femme, n\u00e9e en 1994 et touch\u00e9e au thorax, a succomb\u00e9 \u00e0 ses blessures.<\/p>\n<p class=\"fig-paragraph\">Une femme a \u00e9t\u00e9 tu\u00e9e par arme \u00e0 feu dans la nuit de lundi 7 juillet \u00e0 mardi 8 juillet \u00e0\u00a0<a href=\"http:\/\/www.lefigaro.fr\/faits-divers\/metz-un-forcene-grievement-blesse-un-policier-touche-a-la-main-apres-des-coups-de-feu-20250616\" target=\"_blank\" data-fig-type=\"NewsFlash\" rel=\"noopener\" data-gtm-custom-categorie=\"navigation\" data-gtm-custom-action=\"crossclick\" data-gtm-custom-label=\"Contextuel\" data-gtm-event=\"customEventSPE\" data-fig-domain=\"LEFIGARO\">Metz<\/a>\u00a0alors qu&rsquo;elle tournait des vid\u00e9os pour les r\u00e9seaux sociaux avec son compagnon, a appris l\u2019AFP de source polici\u00e8re.<\/p>\n<p class=\"fig-paragraph\">Trois \u00e0 quatre personnes leur auraient tir\u00e9 dessus dans le quartier prioritaire des Hauts-de-Valli\u00e8res, selon cette source.<\/p>\n<p>                                    <a class=\"fig-a11y-skip a11y-hidden\" href=\"#fig-a11y-skip-main-inarticle\"><br \/>\n        Passer la publicit\u00e9<br \/>\n    <\/a><\/p>\n<p class=\"fig-paragraph\">Le couple s&rsquo;est rendu vers 2h30 du matin en voiture \u00e0 l&rsquo;h\u00f4pital o\u00f9 il a \u00e9t\u00e9 pris en charge. La femme, n\u00e9e en 1994 et touch\u00e9e au thorax, a succomb\u00e9 \u00e0 ses blessures. Le pronostic vital de l\u2019homme, bless\u00e9 \u00e0 une cuisse, n\u2019est pas engag\u00e9. La troisi\u00e8me personne qui les accompagnait est indemne.<\/p>\n<p class=\"fig-paragraph\">Sollicit\u00e9, le parquet de Metz a indiqu\u00e9 qu&rsquo;il communiquerait en fin d&rsquo;apr\u00e8s-midi au sujet de ces faits.<\/p>\n","protected":false},"excerpt":{"rendered":"Le couple s\u2019est rendu vers 2h30 du matin en voiture \u00e0 l\u2019h\u00f4pital o\u00f9 il a \u00e9t\u00e9 pris en&hellip;\n","protected":false},"author":2,"featured_media":234736,"comment_status":"","ping_status":"","sticky":false,"template":"","format":"standard","meta":{"footnotes":""},"categories":[4],"tags":[11,5141,1011,27,6212,12,25],"class_list":{"0":"post-234735","1":"post","2":"type-post","3":"status-publish","4":"format-standard","5":"has-post-thumbnail","7":"category-france","8":"tag-actualites","9":"tag-arme-a-feu","10":"tag-fr","11":"tag-france","12":"tag-metz","13":"tag-news","14":"tag-republique-francaise"},"share_on_mastodon":{"url":"https:\/\/pubeurope.com\/@fr\/114816811282056154","error":""},"_links":{"self":[{"href":"https:\/\/www.europesays.com\/fr\/wp-json\/wp\/v2\/posts\/234735","targetHints":{"allow":["GET"]}}],"collection":[{"href":"https:\/\/www.europesays.com\/fr\/wp-json\/wp\/v2\/posts"}],"about":[{"href":"https:\/\/www.europesays.com\/fr\/wp-json\/wp\/v2\/types\/post"}],"author":[{"embeddable":true,"href":"https:\/\/www.europesays.com\/fr\/wp-json\/wp\/v2\/users\/2"}],"replies":[{"embeddable":true,"href":"https:\/\/www.europesays.com\/fr\/wp-json\/wp\/v2\/comments?post=234735"}],"version-history":[{"count":0,"href":"https:\/\/www.europesays.com\/fr\/wp-json\/wp\/v2\/posts\/234735\/revisions"}],"wp:featuredmedia":[{"embeddable":true,"href":"https:\/\/www.europesays.com\/fr\/wp-json\/wp\/v2\/media\/234736"}],"wp:attachment":[{"href":"https:\/\/www.europesays.com\/fr\/wp-json\/wp\/v2\/media?parent=234735"}],"wp:term":[{"taxonomy":"category","embeddable":true,"href":"https:\/\/www.europesays.com\/fr\/wp-json\/wp\/v2\/categories?post=234735"},{"taxonomy":"post_tag","embeddable":true,"href":"https:\/\/www.europesays.com\/fr\/wp-json\/wp\/v2\/tags?post=234735"}],"curies":[{"name":"wp","href":"https:\/\/api.w.org\/{rel}","templated":true}]}}