{"id":234737,"date":"2025-07-08T09:04:12","date_gmt":"2025-07-08T09:04:12","guid":{"rendered":"https:\/\/www.europesays.com\/fr\/234737\/"},"modified":"2025-07-08T09:04:12","modified_gmt":"2025-07-08T09:04:12","slug":"moselle-une-femme-de-30-ans-tuee-dans-une-fusillade-cette-nuit-a-metz","status":"publish","type":"post","link":"https:\/\/www.europesays.com\/fr\/234737\/","title":{"rendered":"Moselle. Une femme de 30 ans tu\u00e9e dans une fusillade cette nuit \u00e0 Metz"},"content":{"rendered":"<p>Une femme de 30 ans a \u00e9t\u00e9 tu\u00e9e <a href=\"https:\/\/republicain-lorrain.fr\/edition-metz-et-agglomeration\" target=\"_blank\" rel=\"noopener\">\u00e0 Metz<\/a> apr\u00e8s avoir re\u00e7u une balle en plein thorax.<\/p>\n<p>Vers 2h30 du matin, elle se trouvait dans un square situ\u00e9 rue des pins sur les hauts de Valli\u00e8res en compagnie de son compagnon, du m\u00eame \u00e2ge, et d&rsquo;un ami lorsque des coups de feu ont \u00e9t\u00e9 tir\u00e9s en leurs direction. Selon nos informations, les coups auraient \u00e9t\u00e9 tir\u00e9s depuis une voiture.<\/p>\n<p>Le compagnon de la femme touch\u00e9e au thorax a pris son v\u00e9hicule pour la conduire aux urgences de l&rsquo;hopital de Mercy. Il \u00e9tait lui-m\u00eame touch\u00e9 \u00e0 la cuisse. La trentenaire a succomb\u00e9 \u00e0 ses blessures.<\/p>\n<p>Une enqu\u00eate a \u00e9t\u00e9 confi\u00e9e \u00e0 la DCOS (ancienne PJ) de Metz.<\/p>\n","protected":false},"excerpt":{"rendered":"Une femme de 30 ans a \u00e9t\u00e9 tu\u00e9e \u00e0 Metz apr\u00e8s avoir re\u00e7u une balle en plein thorax.&hellip;\n","protected":false},"author":2,"featured_media":234738,"comment_status":"","ping_status":"","sticky":false,"template":"","format":"standard","meta":{"footnotes":""},"categories":[2],"tags":[11,5598,274,1011,27,6212,5599,12,3456],"class_list":{"0":"post-234737","1":"post","2":"type-post","3":"status-publish","4":"format-standard","5":"has-post-thumbnail","7":"category-actualites","8":"tag-actualites","9":"tag-edition-metz-et-agglomeration","10":"tag-faits-divers-justice","11":"tag-fr","12":"tag-france","13":"tag-metz","14":"tag-moselle","15":"tag-news","16":"tag-region-lorraine"},"share_on_mastodon":{"url":"https:\/\/pubeurope.com\/@fr\/114816815179495971","error":""},"_links":{"self":[{"href":"https:\/\/www.europesays.com\/fr\/wp-json\/wp\/v2\/posts\/234737","targetHints":{"allow":["GET"]}}],"collection":[{"href":"https:\/\/www.europesays.com\/fr\/wp-json\/wp\/v2\/posts"}],"about":[{"href":"https:\/\/www.europesays.com\/fr\/wp-json\/wp\/v2\/types\/post"}],"author":[{"embeddable":true,"href":"https:\/\/www.europesays.com\/fr\/wp-json\/wp\/v2\/users\/2"}],"replies":[{"embeddable":true,"href":"https:\/\/www.europesays.com\/fr\/wp-json\/wp\/v2\/comments?post=234737"}],"version-history":[{"count":0,"href":"https:\/\/www.europesays.com\/fr\/wp-json\/wp\/v2\/posts\/234737\/revisions"}],"wp:featuredmedia":[{"embeddable":true,"href":"https:\/\/www.europesays.com\/fr\/wp-json\/wp\/v2\/media\/234738"}],"wp:attachment":[{"href":"https:\/\/www.europesays.com\/fr\/wp-json\/wp\/v2\/media?parent=234737"}],"wp:term":[{"taxonomy":"category","embeddable":true,"href":"https:\/\/www.europesays.com\/fr\/wp-json\/wp\/v2\/categories?post=234737"},{"taxonomy":"post_tag","embeddable":true,"href":"https:\/\/www.europesays.com\/fr\/wp-json\/wp\/v2\/tags?post=234737"}],"curies":[{"name":"wp","href":"https:\/\/api.w.org\/{rel}","templated":true}]}}