{"id":234739,"date":"2025-07-08T09:05:10","date_gmt":"2025-07-08T09:05:10","guid":{"rendered":"https:\/\/www.europesays.com\/fr\/234739\/"},"modified":"2025-07-08T09:05:10","modified_gmt":"2025-07-08T09:05:10","slug":"a-quoi-sattendre-a-saint-etienne-et-dans-la-loire","status":"publish","type":"post","link":"https:\/\/www.europesays.com\/fr\/234739\/","title":{"rendered":"\u00e0 quoi s&rsquo;attendre \u00e0 Saint-Etienne et dans la Loire\u00a0?"},"content":{"rendered":"<p>            Par<br \/>\n        <strong><br \/>\n            <a href=\"https:\/\/actu.fr\/auteur\/mathias-souteyrat\" title=\"Consulter tous les articles de Mathias Souteyrat\" rel=\"nofollow noopener\" target=\"_blank\">Mathias Souteyrat<\/a><br \/>\n        <\/strong><\/p>\n<p>        Publi\u00e9 le<\/p>\n<p>            8 juil. 2025 \u00e0 10h43        <\/p>\n<p>Apr\u00e8s quelques jours de r\u00e9pit, la chaleur va faire son retour dans la <a href=\"https:\/\/actu.fr\/auvergne-rhone-alpes\/loire_42\" rel=\"nofollow noopener\" target=\"_blank\">Loire<\/a> et \u00e0 <a href=\"https:\/\/actu.fr\/saint-etienne\/\" rel=\"nofollow noopener\" target=\"_blank\">Saint-Etienne<\/a>. Voici les pr\u00e9visions pour cette semaine.<\/p>\n<p class=\" wall-content\">Selon M\u00e9t\u00e9o France, mercredi, un temps plus stable et plus sec revient, avec une fra\u00eecheur nocturne prononc\u00e9e.\u00a0Dans des conditions anticycloniques, le soleil devient dominant sur les trois quarts du pays.<\/p>\n<p class=\" wall-content\">La fa\u00e7ade ouest conna\u00eetra une nette hausse des temp\u00e9ratures mercredi apr\u00e8s-midi. Au petit matin en revanche, les temp\u00e9ratures minimales sont parfois notablement basses, localement sous les 5\u00a0\u00b0C sur la moiti\u00e9 nord. L\u2019ambiance sera plus nuageuse sur un petit quart Nord-Est avec une fra\u00eecheur qui reste d\u2019actualit\u00e9 en journ\u00e9e.<\/p>\n<p>Hausse des temp\u00e9ratures \u00e0 partir de mercredi<\/p>\n<blockquote class=\"ac-article-quote wall-content\">\n<p>Jeudi et vendredi, des conditions estivales s\u2019installent sur le pays. Les temp\u00e9ratures repartent \u00e0 la hausse malgr\u00e9 des matin\u00e9es encore relativement fra\u00eeches. Jeudi, on attend 28 \u00b0C \u00e0 Brest et 29 \u00b0C \u00e0 Rennes, 24 \u00b0C \u00e0 Nancy, 26 \u00b0C \u00e0 Strasbourg. Vendredi, la chaleur montera encore d\u2019un cran avant un week-end du 14 juillet tr\u00e8s estival. <\/p>\n<p>Ce week-end, le soleil devrait l\u2019emporter souvent largement. Une d\u00e9gradation orageuse pourrait intervenir pr\u00e8s des Pyr\u00e9n\u00e9es samedi.<br \/>\nUne chaleur estivale gagnera tout le pays ce week-end, avec les temp\u00e9ratures \u00e9lev\u00e9es en journ\u00e9e, mais restant relativement fra\u00eeches la nuit. Le seuil des tr\u00e8s fortes chaleurs (&gt; 35 \u00b0C), massivement atteint ces derni\u00e8res semaines, ne devrait qu\u2019\u00eatre localement d\u00e9pass\u00e9.<\/p>\n<p>    <strong>M\u00e9t\u00e9o France<\/strong>\n            <\/p><\/blockquote>\n<p class=\" wall-content\">\u00c0 partir de mercredi, les hautes pressions regonfleront par le Sud-ouest de la France. Le temps va s\u2019ass\u00e9cher avec le retour du Soleil et la masse d\u2019air en altitude se r\u00e9chauffera. Le Soleil brillera tout le reste de la semaine dans un ciel vierge de tous nuages. Il faudra toutefois composer avec un vent de Nord soufflant mod\u00e9r\u00e9ment localement.<\/p>\n<p>30\u00a0\u00b0C lundi \u00e0 Saint-Etienne<\/p>\n<p class=\" wall-content\">Voici les temp\u00e9ratures maximales \u00e0 Saint-Etienne d\u2019apr\u00e8s M\u00e9t\u00e9o France\u2009:<\/p>\n<ul class=\" wall-content\">\n<li>Mercredi\u2009: 24\u00a0\u00b0C (soleil)<\/li>\n<li>Jeudi\u2009: 26\u00a0\u00b0C (soleil)<\/li>\n<li>Vendredi\u2009: 27\u00a0\u00b0C (soleil)<\/li>\n<li>Samedi\u2009: 28\u00a0\u00b0C (soleil)<\/li>\n<li>Dimanche\u2009: 29\u00b0C (pluie \u00e9parse)<\/li>\n<li>Lundi\u2009: 30\u00a0\u00b0C (soleil)<\/li>\n<\/ul>\n<p>Ce week-end retour de la chaleur<\/p>\n<blockquote class=\"ac-article-quote wall-content\">\n<p>Le thermom\u00e8tre en profitera pour augmenter de jour en jour. Le week-end prochain verra le retour de la chaleur (mod\u00e9r\u00e9e), sans conna\u00eetre les temp\u00e9ratures de ces derniers jours. On pourrait alors approcher les 30 \u00e0 34\u00b0. Cette chaleur pourrait nous accompagner jusqu&rsquo;en d\u00e9but de semaine prochaine.<\/p>\n<p>    <strong>M\u00e9t\u00e9o Loire<\/strong>\n            <\/p><\/blockquote>\n<p class=\" wall-content\">Une chaleur estivale gagnera tout le pays ce week-end, avec les temp\u00e9ratures \u00e9lev\u00e9es en journ\u00e9e, mais restant relativement fra\u00eeches la nuit.<\/p>\n<p class=\" wall-content\">\u00ab\u2009Le seuil des tr\u00e8s fortes chaleurs (&gt; 35\u00a0\u00b0C), massivement atteint ces derni\u00e8res semaines, ne devrait qu\u2019\u00eatre localement d\u00e9pass\u00e9\u2009\u00bb, temp\u00e8re M\u00e9t\u00e9o France.<\/p>\n<p class=\" wall-content\">Suivez toute l\u2019actualit\u00e9 de vos villes et m\u00e9dias favoris en vous inscrivant \u00e0 <a href=\"https:\/\/moncompte.actu.fr\" title=\"D\u00e9couvez Mon Actu\" rel=\"nofollow noopener\" data-trk=\"{&quot;cta&quot;:{&quot;action&quot;:&quot;https:\\\/\\\/moncompte.actu.fr&quot;,&quot;category&quot;:&quot;mon compte&quot;,&quot;from&quot;:&quot;article footer&quot;,&quot;name&quot;:&quot;Mon actu&quot;,&quot;type&quot;:&quot;cta&quot;}}\" target=\"_blank\">Mon Actu<\/a>.<\/p>\n","protected":false},"excerpt":{"rendered":"Par Mathias Souteyrat Publi\u00e9 le 8 juil. 2025 \u00e0 10h43 Apr\u00e8s quelques jours de r\u00e9pit, la chaleur va&hellip;\n","protected":false},"author":2,"featured_media":234740,"comment_status":"","ping_status":"","sticky":false,"template":"","format":"standard","meta":{"footnotes":""},"categories":[9653],"tags":[1111,11,2430,6698,1777,674,1011,27,2487,2357,12,25,4001],"class_list":{"0":"post-234739","1":"post","2":"type-post","3":"status-publish","4":"format-standard","5":"has-post-thumbnail","7":"category-saint-etienne","8":"tag-actu","9":"tag-actualites","10":"tag-auvergne-rhone-alpes","11":"tag-canicule","12":"tag-eu","13":"tag-europe","14":"tag-fr","15":"tag-france","16":"tag-meteo","17":"tag-meteo-france","18":"tag-news","19":"tag-republique-francaise","20":"tag-saint-etienne"},"share_on_mastodon":{"url":"https:\/\/pubeurope.com\/@fr\/114816819157668344","error":""},"_links":{"self":[{"href":"https:\/\/www.europesays.com\/fr\/wp-json\/wp\/v2\/posts\/234739","targetHints":{"allow":["GET"]}}],"collection":[{"href":"https:\/\/www.europesays.com\/fr\/wp-json\/wp\/v2\/posts"}],"about":[{"href":"https:\/\/www.europesays.com\/fr\/wp-json\/wp\/v2\/types\/post"}],"author":[{"embeddable":true,"href":"https:\/\/www.europesays.com\/fr\/wp-json\/wp\/v2\/users\/2"}],"replies":[{"embeddable":true,"href":"https:\/\/www.europesays.com\/fr\/wp-json\/wp\/v2\/comments?post=234739"}],"version-history":[{"count":0,"href":"https:\/\/www.europesays.com\/fr\/wp-json\/wp\/v2\/posts\/234739\/revisions"}],"wp:featuredmedia":[{"embeddable":true,"href":"https:\/\/www.europesays.com\/fr\/wp-json\/wp\/v2\/media\/234740"}],"wp:attachment":[{"href":"https:\/\/www.europesays.com\/fr\/wp-json\/wp\/v2\/media?parent=234739"}],"wp:term":[{"taxonomy":"category","embeddable":true,"href":"https:\/\/www.europesays.com\/fr\/wp-json\/wp\/v2\/categories?post=234739"},{"taxonomy":"post_tag","embeddable":true,"href":"https:\/\/www.europesays.com\/fr\/wp-json\/wp\/v2\/tags?post=234739"}],"curies":[{"name":"wp","href":"https:\/\/api.w.org\/{rel}","templated":true}]}}