{"id":234743,"date":"2025-07-08T09:07:44","date_gmt":"2025-07-08T09:07:44","guid":{"rendered":"https:\/\/www.europesays.com\/fr\/234743\/"},"modified":"2025-07-08T09:07:44","modified_gmt":"2025-07-08T09:07:44","slug":"pompey-lycee-bertrand-schwartz-bac-2025-mention-tres-bien-kelly-nagel-18-ans-bac-professionnel","status":"publish","type":"post","link":"https:\/\/www.europesays.com\/fr\/234743\/","title":{"rendered":"Pompey, lyc\u00e9e Bertrand-Schwartz | Bac 2025 Mention Tr\u00e8s Bien. Kelly Nagel, 18 ans, bac professionnel"},"content":{"rendered":"<p>Kelly Nagel, 18 ans, demeurant \u00e0 Bouxi\u00e8res-aux-dames, a d\u00e9croch\u00e9 son bac professionnel M\u00e9tier du commerce et de la vente, option animation et gestion de l&rsquo;espace commercial avec mention tr\u00e8s bien. Passionn\u00e9e par la lecture, elle a obtenu une moyenne de 16,34, avec une note impressionnante de 19,50 en math\u00e9matiques. Sa mati\u00e8re pr\u00e9f\u00e9r\u00e9e est la pratique professionnelle. Kelly Nagel a \u00e9t\u00e9 surprise et \u00e9mue en apprenant sa mention tr\u00e8s bien. Elle s&rsquo;appr\u00eate \u00e0 poursuivre ses \u00e9tudes avec un BTS MCO en alternance au lyc\u00e9e Bertrand-Schwartz, visant \u00e0 devenir manager dans une entreprise. Cet \u00e9t\u00e9, elle travaille dans l&rsquo;entreprise o\u00f9 elle effectuera son alternance \u00e0 la rentr\u00e9e.<\/p>\n<p>\u270e R\u00e9dig\u00e9 avec l&rsquo;aide d&rsquo;outils IA et v\u00e9rifi\u00e9 par un journaliste \ud83d\udec8 En savoir plus avec la charte IA d&rsquo;Ebra.<\/p>\n","protected":false},"excerpt":{"rendered":"Kelly Nagel, 18 ans, demeurant \u00e0 Bouxi\u00e8res-aux-dames, a d\u00e9croch\u00e9 son bac professionnel M\u00e9tier du commerce et de la&hellip;\n","protected":false},"author":2,"featured_media":234744,"comment_status":"","ping_status":"","sticky":false,"template":"","format":"standard","meta":{"footnotes":""},"categories":[9635],"tags":[1111,11,36609,9661,1704,1057,1777,674,10961,1011,27,775,1702,12,11073,25],"class_list":{"0":"post-234743","1":"post","2":"type-post","3":"status-publish","4":"format-standard","5":"has-post-thumbnail","7":"category-nancy","8":"tag-actu","9":"tag-actualites","10":"tag-baccalaureat-mention-tres-bien","11":"tag-cc-du-bassin-de-pompey-54b1","12":"tag-edition-nancy-et-agglomeration","13":"tag-education","14":"tag-eu","15":"tag-europe","16":"tag-examen-diplome","17":"tag-fr","18":"tag-france","19":"tag-grand-est","20":"tag-nancy","21":"tag-news","22":"tag-pompey","23":"tag-republique-francaise"},"share_on_mastodon":{"url":"https:\/\/pubeurope.com\/@fr\/114816827251819551","error":""},"_links":{"self":[{"href":"https:\/\/www.europesays.com\/fr\/wp-json\/wp\/v2\/posts\/234743","targetHints":{"allow":["GET"]}}],"collection":[{"href":"https:\/\/www.europesays.com\/fr\/wp-json\/wp\/v2\/posts"}],"about":[{"href":"https:\/\/www.europesays.com\/fr\/wp-json\/wp\/v2\/types\/post"}],"author":[{"embeddable":true,"href":"https:\/\/www.europesays.com\/fr\/wp-json\/wp\/v2\/users\/2"}],"replies":[{"embeddable":true,"href":"https:\/\/www.europesays.com\/fr\/wp-json\/wp\/v2\/comments?post=234743"}],"version-history":[{"count":0,"href":"https:\/\/www.europesays.com\/fr\/wp-json\/wp\/v2\/posts\/234743\/revisions"}],"wp:featuredmedia":[{"embeddable":true,"href":"https:\/\/www.europesays.com\/fr\/wp-json\/wp\/v2\/media\/234744"}],"wp:attachment":[{"href":"https:\/\/www.europesays.com\/fr\/wp-json\/wp\/v2\/media?parent=234743"}],"wp:term":[{"taxonomy":"category","embeddable":true,"href":"https:\/\/www.europesays.com\/fr\/wp-json\/wp\/v2\/categories?post=234743"},{"taxonomy":"post_tag","embeddable":true,"href":"https:\/\/www.europesays.com\/fr\/wp-json\/wp\/v2\/tags?post=234743"}],"curies":[{"name":"wp","href":"https:\/\/api.w.org\/{rel}","templated":true}]}}