{"id":234756,"date":"2025-07-08T09:16:12","date_gmt":"2025-07-08T09:16:12","guid":{"rendered":"https:\/\/www.europesays.com\/fr\/234756\/"},"modified":"2025-07-08T09:16:12","modified_gmt":"2025-07-08T09:16:12","slug":"une-demoustication-programmee-dans-la-nuit-du-8-au-9-juillet","status":"publish","type":"post","link":"https:\/\/www.europesays.com\/fr\/234756\/","title":{"rendered":"une d\u00e9moustication programm\u00e9e dans la nuit du 8 au 9\u00a0juillet"},"content":{"rendered":"<p>Apr\u00e8s un premier cas &#8211; puis deux autres &#8211; confirm\u00e9s fin juin et <a href=\"https:\/\/www.ledauphine.com\/environnement\/2025\/07\/07\/apres-celui-de-montoison-un-nouveau-cas-de-chikungunya-detecte-a-romans-sur-isere\" target=\"_blank\" rel=\"noopener\">d\u00e9but juillet dans la Dr\u00f4me<\/a>, le chikungunya fait peut-\u00eatre son apparition en Is\u00e8re. L\u2019Agence r\u00e9gionale de sant\u00e9 (ARS) vient en effet d\u2019annoncer avoir re\u00e7u, le 4\u00a0juillet, \u00ab\u00a0le signalement pour la suspicion d\u2019un cas\u00a0\u00bb sur la commune de Claix. Il s\u2019agirait d\u2019un cas autochtone &#8211;\u00a0ce qui signifie que \u00ab\u00a0la personne qui a contract\u00e9 la maladie n\u2019avait pas voyag\u00e9 en zone contamin\u00e9e dans les 15 jours pr\u00e9c\u00e9dant l\u2019apparition des sympt\u00f4mes\u00a0\u00bb, explique l\u2019ARS. La contamination serait donc due \u00e0 une transmission, de personne \u00e0 personne, par l\u2019interm\u00e9diaire de la piq\u00fbre d\u2019un moustique tigre infect\u00e9 par le virus.<\/p>\n<p>Pour ce deuxi\u00e8me \u00e9pisode de transmission autochtone dans la r\u00e9gion, l\u2019ARS met en place son protocole de suivi sanitaire\u00a0: les actions sont pr\u00e9vues \u00ab\u00a0sur une zone restreinte, fr\u00e9quent\u00e9e par le cas autochtone, r\u00e9sidant \u00e0 Claix\u00a0\u00bb. Il s\u2019agit d\u2019une op\u00e9ration de d\u00e9moustication, qui est programm\u00e9e dans la nuit de ce mardi\u00a08 au mercredi 9\u00a0juillet. L\u2019Eirad (Entente inter-d\u00e9partementale Rh\u00f4ne-Alpes de d\u00e9moustication) \u00e9liminera g\u00eetes larvaires et moustiques adultes (vecteurs du virus). Les habitants dont l\u2019adresse est concern\u00e9e par cette op\u00e9ration ont \u00e9t\u00e9 inform\u00e9s via un flyer dans leur bo\u00eete aux lettres.<\/p>\n<p>Ce contenu est bloqu\u00e9 car vous n&rsquo;avez pas accept\u00e9 les cookies et autres traceurs.<\/p>\n<p>En cliquant sur \u00ab J\u2019accepte \u00bb, les cookies et autres traceurs seront d\u00e9pos\u00e9s et vous pourrez visualiser les contenus  (<a href=\"\" class=\"consentModule_policy\" target=\"_blank\" title=\"Consulter la politique de protection des donn\u00e9es du fournisseur\">plus d&rsquo;informations<\/a>).<\/p>\n<p>En cliquant sur \u00ab J\u2019accepte tous les cookies \u00bb, vous autorisez des d\u00e9p\u00f4ts de cookies et autres traceurs pour le stockage de vos donn\u00e9es sur nos sites et applications \u00e0 des fins de personnalisation et de ciblage publicitaire.<\/p>\n<p class=\"consentModule_secondaryText\">Vous gardez la possibilit\u00e9 de retirer votre consentement \u00e0 tout moment en consultant notre <a href=\"https:\/\/www.ledauphine.com\/protection-des-donnees\" target=\"_blank\" title=\"Consulter notre politique de protection des donn\u00e9es\" rel=\"noopener\">politique de protection des donn\u00e9es<\/a>. <br \/>&#13;<br \/>\n            <a href=\"https:\/\/www.ledauphine.com\/sante\/2025\/07\/08\/javascript:Didomi.notice.show()\" class=\"consentModule_cmp\" target=\"_blank\" rel=\"noopener\">G\u00e9rer mes choix<\/a>&#13;\n        <\/p>\n<p>&#13;<br \/>\n                        J&rsquo;accepte&#13;<br \/>\n            J&rsquo;accepte tous les cookies&#13;\n        <\/p>\n<p>  7 \u00e9pisodes de transmission autochtone identifi\u00e9s cette ann\u00e9e en France<\/p>\n<p>Cette d\u00e9moustication sera suivie d\u2019une enqu\u00eate \u00e9pid\u00e9miologique, effectu\u00e9e en porte-\u00e0-porte par des agents de l\u2019ARS et de Sant\u00e9 publique France, l\u00e0 aussi dans le quartier concern\u00e9. Elle vise \u00e0 d\u00e9terminer si des personnes du secteur auraient \u00e9t\u00e9 contamin\u00e9es par une piq\u00fbre de moustique tigre. Les agents les sensibiliseront sur les sympt\u00f4mes du chikungunya, et leur expliqueront la conduite \u00e0 suivre en cas de doute.<\/p>\n<p>Au total en France, quelque 7 \u00e9pisodes de transmission autochtone ont \u00e9t\u00e9 identifi\u00e9s cette ann\u00e9e. Six d\u2019entre-eux l\u2019ont \u00e9t\u00e9 dans des r\u00e9gions qui avaient d\u00e9j\u00e0 \u00e9t\u00e9 affect\u00e9es les ann\u00e9es pr\u00e9c\u00e9dentes\u00a0: Paca, Corse, Occitanie, et Auvergne-Rh\u00f4ne-Alpes. Pour la premi\u00e8re fois cette ann\u00e9e, un cas a \u00e9t\u00e9 identifi\u00e9 dans la r\u00e9gion Grand-Est. Ce qui confirme, selon Sant\u00e9 publique France, \u00ab\u00a0le risque important de transmission autochtone sur le territoire, y compris dans les r\u00e9gions indemnes jusqu\u2019\u00e0 pr\u00e9sent\u00a0\u00bb.<\/p>\n","protected":false},"excerpt":{"rendered":"Apr\u00e8s un premier cas &#8211; puis deux autres &#8211; confirm\u00e9s fin juin et d\u00e9but juillet dans la Dr\u00f4me,&hellip;\n","protected":false},"author":2,"featured_media":234757,"comment_status":"","ping_status":"","sticky":false,"template":"","format":"standard","meta":{"footnotes":""},"categories":[9566],"tags":[1111,11,2430,9600,112,113,1777,674,107,1011,27,2731,108,7000,12,25,71],"class_list":{"0":"post-234756","1":"post","2":"type-post","3":"status-publish","4":"format-standard","5":"has-post-thumbnail","7":"category-grenoble","8":"tag-actu","9":"tag-actualites","10":"tag-auvergne-rhone-alpes","11":"tag-claix","12":"tag-edition-grenoble-agglomeration","13":"tag-edition-gresivaudan-oisans","14":"tag-eu","15":"tag-europe","16":"tag-fil-info","17":"tag-fr","18":"tag-france","19":"tag-grenoble","20":"tag-isere","21":"tag-lagglomeration","22":"tag-news","23":"tag-republique-francaise","24":"tag-sante"},"share_on_mastodon":{"url":"https:\/\/pubeurope.com\/@fr\/114816862458110846","error":""},"_links":{"self":[{"href":"https:\/\/www.europesays.com\/fr\/wp-json\/wp\/v2\/posts\/234756","targetHints":{"allow":["GET"]}}],"collection":[{"href":"https:\/\/www.europesays.com\/fr\/wp-json\/wp\/v2\/posts"}],"about":[{"href":"https:\/\/www.europesays.com\/fr\/wp-json\/wp\/v2\/types\/post"}],"author":[{"embeddable":true,"href":"https:\/\/www.europesays.com\/fr\/wp-json\/wp\/v2\/users\/2"}],"replies":[{"embeddable":true,"href":"https:\/\/www.europesays.com\/fr\/wp-json\/wp\/v2\/comments?post=234756"}],"version-history":[{"count":0,"href":"https:\/\/www.europesays.com\/fr\/wp-json\/wp\/v2\/posts\/234756\/revisions"}],"wp:featuredmedia":[{"embeddable":true,"href":"https:\/\/www.europesays.com\/fr\/wp-json\/wp\/v2\/media\/234757"}],"wp:attachment":[{"href":"https:\/\/www.europesays.com\/fr\/wp-json\/wp\/v2\/media?parent=234756"}],"wp:term":[{"taxonomy":"category","embeddable":true,"href":"https:\/\/www.europesays.com\/fr\/wp-json\/wp\/v2\/categories?post=234756"},{"taxonomy":"post_tag","embeddable":true,"href":"https:\/\/www.europesays.com\/fr\/wp-json\/wp\/v2\/tags?post=234756"}],"curies":[{"name":"wp","href":"https:\/\/api.w.org\/{rel}","templated":true}]}}