{"id":234764,"date":"2025-07-08T09:20:12","date_gmt":"2025-07-08T09:20:12","guid":{"rendered":"https:\/\/www.europesays.com\/fr\/234764\/"},"modified":"2025-07-08T09:20:12","modified_gmt":"2025-07-08T09:20:12","slug":"strasbourg-restauration-ecologique-des-berges-du-rhin-un-appel-aux-dons","status":"publish","type":"post","link":"https:\/\/www.europesays.com\/fr\/234764\/","title":{"rendered":"Strasbourg. Restauration \u00e9cologique des berges du Rhin\u00a0: un appel aux dons"},"content":{"rendered":"<p>Le cadre verdoyant et le coassement des grenouilles sont trompeurs. Non, la berge de l\u2019\u00eele de Gerstheim n\u2019est pas en bon \u00e9tat \u00e9cologique. \u00ab\u00a0\u00c7a a l\u2019air tr\u00e8s bucolique, mais la biodiversit\u00e9 n\u2019est pas en bon \u00e9tat ici, analyse Vincent Humbert, charg\u00e9 de missions internationales chez Voies navigables de France (VNF), gestionnaire du domaine public fluvial. Dans l\u2019eau, les algues ont pris le dessus en raison du manque d\u2019oxyg\u00e8ne et du manque de mouvement. Sur terre, les plantes invasives ont colonis\u00e9 la berge. C\u2019est un espace tr\u00e8s d\u00e9grad\u00e9.\u00a0\u00bb<\/p>\n<p>Cette pauvret\u00e9 \u00e9cologique est une cons\u00e9quence indirecte des travaux de canalisation du Rhin aux XIXe et XXe \u00a0si\u00e8cles, qui ont fortement affect\u00e9 les&#8230;<\/p>\n","protected":false},"excerpt":{"rendered":"Le cadre verdoyant et le coassement des grenouilles sont trompeurs. Non, la berge de l\u2019\u00eele de Gerstheim n\u2019est&hellip;\n","protected":false},"author":2,"featured_media":234765,"comment_status":"","ping_status":"","sticky":false,"template":"","format":"standard","meta":{"footnotes":""},"categories":[2820],"tags":[1111,11,672,3143,436,1777,674,107,1011,27,37341,775,6225,12,25,19152,640],"class_list":{"0":"post-234764","1":"post","2":"type-post","3":"status-publish","4":"format-standard","5":"has-post-thumbnail","7":"category-strasbourg","8":"tag-actu","9":"tag-actualites","10":"tag-allemagne","11":"tag-edition-selestat-erstein","12":"tag-environnement","13":"tag-eu","14":"tag-europe","15":"tag-fil-info","16":"tag-fr","17":"tag-france","18":"tag-gerstheim","19":"tag-grand-est","20":"tag-la-matinale","21":"tag-news","22":"tag-republique-francaise","23":"tag-secteur-derstein","24":"tag-strasbourg"},"share_on_mastodon":{"url":"https:\/\/pubeurope.com\/@fr\/114816878202554222","error":""},"_links":{"self":[{"href":"https:\/\/www.europesays.com\/fr\/wp-json\/wp\/v2\/posts\/234764","targetHints":{"allow":["GET"]}}],"collection":[{"href":"https:\/\/www.europesays.com\/fr\/wp-json\/wp\/v2\/posts"}],"about":[{"href":"https:\/\/www.europesays.com\/fr\/wp-json\/wp\/v2\/types\/post"}],"author":[{"embeddable":true,"href":"https:\/\/www.europesays.com\/fr\/wp-json\/wp\/v2\/users\/2"}],"replies":[{"embeddable":true,"href":"https:\/\/www.europesays.com\/fr\/wp-json\/wp\/v2\/comments?post=234764"}],"version-history":[{"count":0,"href":"https:\/\/www.europesays.com\/fr\/wp-json\/wp\/v2\/posts\/234764\/revisions"}],"wp:featuredmedia":[{"embeddable":true,"href":"https:\/\/www.europesays.com\/fr\/wp-json\/wp\/v2\/media\/234765"}],"wp:attachment":[{"href":"https:\/\/www.europesays.com\/fr\/wp-json\/wp\/v2\/media?parent=234764"}],"wp:term":[{"taxonomy":"category","embeddable":true,"href":"https:\/\/www.europesays.com\/fr\/wp-json\/wp\/v2\/categories?post=234764"},{"taxonomy":"post_tag","embeddable":true,"href":"https:\/\/www.europesays.com\/fr\/wp-json\/wp\/v2\/tags?post=234764"}],"curies":[{"name":"wp","href":"https:\/\/api.w.org\/{rel}","templated":true}]}}