{"id":234766,"date":"2025-07-08T09:21:14","date_gmt":"2025-07-08T09:21:14","guid":{"rendered":"https:\/\/www.europesays.com\/fr\/234766\/"},"modified":"2025-07-08T09:21:14","modified_gmt":"2025-07-08T09:21:14","slug":"courtise-par-lac-milan-le-racing-inflexible-sur-guela-doue-alsasports","status":"publish","type":"post","link":"https:\/\/www.europesays.com\/fr\/234766\/","title":{"rendered":"Courtis\u00e9 par l&rsquo;AC Milan, le Racing inflexible sur Gu\u00e9la Dou\u00e9 \u2014 Alsa&rsquo;Sports"},"content":{"rendered":"<p><strong>Sollicit\u00e9 par l\u2019AC Milan qui aurait vu sa premi\u00e8re offre refus\u00e9e pour Gu\u00e9la Dou\u00e9, le Racing Club de Strasbourg se montrera inflexible sur son lat\u00e9ral qu\u2019il estime et qu\u2019il compte garder une saison suppl\u00e9mentaire. <\/strong><\/p>\n<p>La premi\u00e8re rumeur a \u00e9t\u00e9 l\u2019oeuvre de la presse italienne il y a pr\u00e8s d\u2019un mois, en l\u2019occurence de La Gazzetta dello Sport\u00a0qui d\u00e9voilait un attrait de l\u2019AC Milan pour le lat\u00e9ral strasbourgeois Gu\u00e9la Dou\u00e9. Sollicit\u00e9, le Racing Club de Strasbourg aurait refus\u00e9 selon l\u2019\u00c9quipe une premi\u00e8re offre de 15 millions d\u2019euros de l\u2019AC Milan, le club \u00e9valuant son lat\u00e9ral droit \u00e0 bien plus. Mais au-del\u00e0 des chiffres et comme nous le r\u00e9v\u00e9lions le 13 juin, Strasbourg n\u2019a pas l\u2019intention de vendre Gu\u00e9la Dou\u00e9, qui fait partie des cadres avec lequel le club souhaite construire en 2025\/2026. Au m\u00eame titre qu\u2019Emanuel Emegha ou S\u00e9bastian Nanasi. <\/p>\n<p>Aucun club n\u2019est \u00e0 l\u2019abri de recevoir une offre cons\u00e9quente impossible \u00e0 refuser, en l\u2019occurence une offre sup\u00e9rieure \u00e0 30 millions d\u2019euros pour Gu\u00e9la Dou\u00e9, mais la priorit\u00e9 du Racing est bien de garder Gu\u00e9la Dou\u00e9 dans ses rangs \u00e0 minima pour une saison suppl\u00e9mentaire. Recrut\u00e9 pour 6 millions d\u2019euros l\u2019\u00e9t\u00e9 dernier \u00e0 Rennes, Gu\u00e9la Dou\u00e9 est sous contrat avec Strasbourg jusqu\u2019en juin 2029. Il a disput\u00e9 la saison derni\u00e8re 32 rencontres de Ligue 1, pour un but et deux passes d\u00e9cisives.<\/p>\n","protected":false},"excerpt":{"rendered":"Sollicit\u00e9 par l\u2019AC Milan qui aurait vu sa premi\u00e8re offre refus\u00e9e pour Gu\u00e9la Dou\u00e9, le Racing Club de&hellip;\n","protected":false},"author":2,"featured_media":234767,"comment_status":"","ping_status":"","sticky":false,"template":"","format":"standard","meta":{"footnotes":""},"categories":[2820],"tags":[1111,11,1777,674,63,1011,27,775,31014,66,12,4448,25,640],"class_list":{"0":"post-234766","1":"post","2":"type-post","3":"status-publish","4":"format-standard","5":"has-post-thumbnail","7":"category-strasbourg","8":"tag-actu","9":"tag-actualites","10":"tag-eu","11":"tag-europe","12":"tag-football","13":"tag-fr","14":"tag-france","15":"tag-grand-est","16":"tag-guela-doue","17":"tag-ligue-1","18":"tag-news","19":"tag-rc-strasbourg","20":"tag-republique-francaise","21":"tag-strasbourg"},"share_on_mastodon":{"url":"https:\/\/pubeurope.com\/@fr\/114816882087832667","error":""},"_links":{"self":[{"href":"https:\/\/www.europesays.com\/fr\/wp-json\/wp\/v2\/posts\/234766","targetHints":{"allow":["GET"]}}],"collection":[{"href":"https:\/\/www.europesays.com\/fr\/wp-json\/wp\/v2\/posts"}],"about":[{"href":"https:\/\/www.europesays.com\/fr\/wp-json\/wp\/v2\/types\/post"}],"author":[{"embeddable":true,"href":"https:\/\/www.europesays.com\/fr\/wp-json\/wp\/v2\/users\/2"}],"replies":[{"embeddable":true,"href":"https:\/\/www.europesays.com\/fr\/wp-json\/wp\/v2\/comments?post=234766"}],"version-history":[{"count":0,"href":"https:\/\/www.europesays.com\/fr\/wp-json\/wp\/v2\/posts\/234766\/revisions"}],"wp:featuredmedia":[{"embeddable":true,"href":"https:\/\/www.europesays.com\/fr\/wp-json\/wp\/v2\/media\/234767"}],"wp:attachment":[{"href":"https:\/\/www.europesays.com\/fr\/wp-json\/wp\/v2\/media?parent=234766"}],"wp:term":[{"taxonomy":"category","embeddable":true,"href":"https:\/\/www.europesays.com\/fr\/wp-json\/wp\/v2\/categories?post=234766"},{"taxonomy":"post_tag","embeddable":true,"href":"https:\/\/www.europesays.com\/fr\/wp-json\/wp\/v2\/tags?post=234766"}],"curies":[{"name":"wp","href":"https:\/\/api.w.org\/{rel}","templated":true}]}}