{"id":234780,"date":"2025-07-08T09:28:10","date_gmt":"2025-07-08T09:28:10","guid":{"rendered":"https:\/\/www.europesays.com\/fr\/234780\/"},"modified":"2025-07-08T09:28:10","modified_gmt":"2025-07-08T09:28:10","slug":"plusieurs-blesses-une-victime-desincarceree","status":"publish","type":"post","link":"https:\/\/www.europesays.com\/fr\/234780\/","title":{"rendered":"plusieurs bless\u00e9s, une victime d\u00e9sincarc\u00e9r\u00e9e"},"content":{"rendered":"<p>            Par<br \/>\n        <strong><br \/>\n            <a href=\"https:\/\/actu.fr\/auteur\/lucie-2\" title=\"Consulter tous les articles de Lucie Fraisse\" rel=\"nofollow noopener\" target=\"_blank\">Lucie Fraisse<\/a><br \/>\n        <\/strong><\/p>\n<p>        Publi\u00e9 le<\/p>\n<p>            8 juil. 2025 \u00e0 11h04        <\/p>\n<p>Un grave accident de la circulation s\u2019est produit ce mardi 8 juillet 2025, \u00e0 <a href=\"https:\/\/actu.fr\/toulouse\/\" rel=\"nofollow noopener\" target=\"_blank\">Toulouse<\/a>, en d\u00e9but de matin\u00e9e.<\/p>\n<p>Au niveau du p\u00e9age de l\u2019A68<\/p>\n<p class=\" wall-content\">Un accident qui implique quatre voitures et qui s\u2019est produit sur<strong> l\u2019autoroute A68 au niveau du p\u00e9age Toulouse-Est<\/strong>, aux alentours de 9 heures.<\/p>\n<p>    <a href=\"https:\/\/www.google.com\/maps\/embed?pb=!1m18!1m12!1m3!1d4777.897887474697!2d1.5051292773052185!3d43.64737315280603!2m3!1f0!2f0!3f0!3m2!1i1024!2i768!4f13.1!3m3!1m2!1s0x12aea32baf1067c7%3A0xe13f12f6468c9ebf!2sP%C3%A9age%20de%20Toulouse-Est!5e1!3m2!1sfr!2sfr!4v1751964023245!5m2!1sfr!2sfr\" title=\"Ouvrie le lien\" rel=\"nofollow noopener\" target=\"_blank\">Cliquez ici pour visualiser le contenu<\/a><\/p>\n<p>Une victime d\u00e9sincarc\u00e9r\u00e9e<br \/>\n    <img   decoding=\"async\" loading=\"lazy\" src=\"https:\/\/www.europesays.com\/fr\/wp-content\/uploads\/2025\/07\/whatsapp-image-2025-07-08-a-105342-7dbe15ab-960x640.jpg\" alt=\"Une victime a \u00e9t\u00e9 d\u00e9sincarc\u00e9r\u00e9e de son v\u00e9hicule.\" width=\"960\" height=\"640\"\/><br \/>\n    Une victime a \u00e9t\u00e9 d\u00e9sincarc\u00e9r\u00e9e. (\u00a9Florian Roger\/ SDIS 31)<\/p>\n<p class=\" wall-content\">L\u2019une des victimes a \u00e9t\u00e9 d\u00e9sincarc\u00e9r\u00e9e par les pompiers. Son \u00e9tat a n\u00e9cessit\u00e9 <strong>un transport en \u00ab\u00a0urgence absolue\u00a0\u00bb<\/strong> vers le centre hospitalier le plus proche.<\/p>\n<p>Vid\u00e9os : en ce moment sur Actu<\/p>\n<p class=\" wall-content\">Trois autres personnes ont \u00e9t\u00e9 plus l\u00e9g\u00e8rement bless\u00e9es.<\/p>\n<p>Des embouteillages en amont de l\u2019accident\u00a0<br \/>\n    <img   decoding=\"async\" loading=\"lazy\" src=\"https:\/\/www.europesays.com\/fr\/wp-content\/uploads\/2025\/07\/20250708-105214-960x640.jpg\" alt=\"Des embouteillages en amont de l'accident sur l'A68, dans le sens Albi-Toulouse.\" width=\"960\" height=\"640\"\/><br \/>\n    Des embouteillages en amont de l\u2019accident sur l\u2019A68, dans le sens Albi-Toulouse. (\u00a9actu.fr\/D.S.-S.)<\/p>\n<p class=\" wall-content\">\u00c0 10h45, ce matin, des <strong>bouchons \u00e9taient toujours en cours \u00e0 l\u2019arri\u00e8re de la collision sur l\u2019A68<\/strong>. Bison fut\u00e9 \u00e9voque ainsi deux kilom\u00e8tres d\u2019embouteillages dans le sens Albi-Toulouse. Des voies de circulation ont \u00e9t\u00e9 neutralis\u00e9es pour permettre l\u2019intervention des secours.\u00a0<\/p>\n<p class=\" wall-content\">Le r\u00e9seau secondaire est, lui aussi, bien charg\u00e9.<\/p>\n<p class=\" wall-content\">Suivez toute l\u2019actualit\u00e9 de vos villes et m\u00e9dias favoris en vous inscrivant \u00e0 <a href=\"https:\/\/moncompte.actu.fr\" title=\"D\u00e9couvez Mon Actu\" rel=\"nofollow noopener\" data-trk=\"{&quot;cta&quot;:{&quot;action&quot;:&quot;https:\\\/\\\/moncompte.actu.fr&quot;,&quot;category&quot;:&quot;mon compte&quot;,&quot;from&quot;:&quot;article footer&quot;,&quot;name&quot;:&quot;Mon actu&quot;,&quot;type&quot;:&quot;cta&quot;}}\" target=\"_blank\">Mon Actu<\/a>.<\/p>\n","protected":false},"excerpt":{"rendered":"Par Lucie Fraisse Publi\u00e9 le 8 juil. 2025 \u00e0 11h04 Un grave accident de la circulation s\u2019est produit&hellip;\n","protected":false},"author":2,"featured_media":234781,"comment_status":"","ping_status":"","sticky":false,"template":"","format":"standard","meta":{"footnotes":""},"categories":[2816],"tags":[119,1111,11,1777,674,118,1011,27,12,2680,25,2312],"class_list":{"0":"post-234780","1":"post","2":"type-post","3":"status-publish","4":"format-standard","5":"has-post-thumbnail","7":"category-toulouse","8":"tag-accident","9":"tag-actu","10":"tag-actualites","11":"tag-eu","12":"tag-europe","13":"tag-faits-divers","14":"tag-fr","15":"tag-france","16":"tag-news","17":"tag-occitanie","18":"tag-republique-francaise","19":"tag-toulouse"},"share_on_mastodon":{"url":"https:\/\/pubeurope.com\/@fr\/114816910077659247","error":""},"_links":{"self":[{"href":"https:\/\/www.europesays.com\/fr\/wp-json\/wp\/v2\/posts\/234780","targetHints":{"allow":["GET"]}}],"collection":[{"href":"https:\/\/www.europesays.com\/fr\/wp-json\/wp\/v2\/posts"}],"about":[{"href":"https:\/\/www.europesays.com\/fr\/wp-json\/wp\/v2\/types\/post"}],"author":[{"embeddable":true,"href":"https:\/\/www.europesays.com\/fr\/wp-json\/wp\/v2\/users\/2"}],"replies":[{"embeddable":true,"href":"https:\/\/www.europesays.com\/fr\/wp-json\/wp\/v2\/comments?post=234780"}],"version-history":[{"count":0,"href":"https:\/\/www.europesays.com\/fr\/wp-json\/wp\/v2\/posts\/234780\/revisions"}],"wp:featuredmedia":[{"embeddable":true,"href":"https:\/\/www.europesays.com\/fr\/wp-json\/wp\/v2\/media\/234781"}],"wp:attachment":[{"href":"https:\/\/www.europesays.com\/fr\/wp-json\/wp\/v2\/media?parent=234780"}],"wp:term":[{"taxonomy":"category","embeddable":true,"href":"https:\/\/www.europesays.com\/fr\/wp-json\/wp\/v2\/categories?post=234780"},{"taxonomy":"post_tag","embeddable":true,"href":"https:\/\/www.europesays.com\/fr\/wp-json\/wp\/v2\/tags?post=234780"}],"curies":[{"name":"wp","href":"https:\/\/api.w.org\/{rel}","templated":true}]}}