{"id":234789,"date":"2025-07-08T09:33:09","date_gmt":"2025-07-08T09:33:09","guid":{"rendered":"https:\/\/www.europesays.com\/fr\/234789\/"},"modified":"2025-07-08T09:33:09","modified_gmt":"2025-07-08T09:33:09","slug":"mort-dune-femme-touchee-par-des-tirs-a-travers-la-porte-de-son-appartement-a-marseille","status":"publish","type":"post","link":"https:\/\/www.europesays.com\/fr\/234789\/","title":{"rendered":"Mort d&rsquo;une femme touch\u00e9e par des tirs \u00e0 travers la porte de son appartement \u00e0 Marseille"},"content":{"rendered":"<p>Une femme est morte dans la nuit de lundi \u00e0 mardi 8 juillet \u00e0 <a href=\"https:\/\/www.laprovence.com\/bouches-du-rhone\/marseille-13055\" target=\"_blank\" rel=\"noopener\">Marseille<\/a>, <strong>touch\u00e9e par des tirs d&rsquo;arme \u00e0 feu alors qu&rsquo;elle se trouvait dans son appartement<\/strong>. Selon une information r\u00e9v\u00e9l\u00e9e par <a href=\"https:\/\/www.bfmtv.com\/marseille\/info-bfmtv-une-femme-meurt-touchee-par-des-tirs-a-travers-la-porte-de-son-appartement-a-marseille_AN-202507080318.html\" target=\"_blank\" rel=\"noopener\">BFMTV<\/a> et confirm\u00e9 par \u00ab\u00a0La Provence\u00a0\u00bb a \u00e9t\u00e9 touch\u00e9e par des balles, pass\u00e9es au travers de la porte de son logement du 5e arrondissement, aux alentours d&rsquo;une heure du matin.<\/p>\n<p>Des suspects recherch\u00e9s<\/p>\n<p>La victime, \u00e2g\u00e9e de 46 ans, a \u00e9t\u00e9 touch\u00e9e au thorax. Les policiers et les marins-pompiers ont rapidement \u00e9t\u00e9 alert\u00e9s par des t\u00e9moins et se sont rendus sur place.<\/p>\n<p>Selon nos confr\u00e8res, la femme n&rsquo;\u00e9tait pas connue des services de police. Une enqu\u00eate est ouverte par le parquet de Marseille pour \u00ab\u00a0assassinat en bande organis\u00e9e\u00a0\u00bb. Les suspects sont recherch\u00e9s par les forces de l&rsquo;ordre.<\/p>\n","protected":false},"excerpt":{"rendered":"Une femme est morte dans la nuit de lundi \u00e0 mardi 8 juillet \u00e0 Marseille, touch\u00e9e par des&hellip;\n","protected":false},"author":2,"featured_media":234790,"comment_status":"","ping_status":"","sticky":false,"template":"","format":"standard","meta":{"footnotes":""},"categories":[2814],"tags":[17,1111,11,1102,154,4440,1777,674,274,1294,1011,27,884,18,12,5912,882,25,9655,37342],"class_list":{"0":"post-234789","1":"post","2":"type-post","3":"status-publish","4":"format-standard","5":"has-post-thumbnail","7":"category-marseille","8":"tag-17","9":"tag-actu","10":"tag-actualites","11":"tag-breakingnews","12":"tag-des","13":"tag-dune","14":"tag-eu","15":"tag-europe","16":"tag-faits-divers-justice","17":"tag-femme","18":"tag-fr","19":"tag-france","20":"tag-marseille","21":"tag-mort","22":"tag-news","23":"tag-par","24":"tag-provence-alpes-cote-dazur","25":"tag-republique-francaise","26":"tag-tirs","27":"tag-touchee"},"share_on_mastodon":{"url":"https:\/\/pubeurope.com\/@fr\/114816929192903278","error":""},"_links":{"self":[{"href":"https:\/\/www.europesays.com\/fr\/wp-json\/wp\/v2\/posts\/234789","targetHints":{"allow":["GET"]}}],"collection":[{"href":"https:\/\/www.europesays.com\/fr\/wp-json\/wp\/v2\/posts"}],"about":[{"href":"https:\/\/www.europesays.com\/fr\/wp-json\/wp\/v2\/types\/post"}],"author":[{"embeddable":true,"href":"https:\/\/www.europesays.com\/fr\/wp-json\/wp\/v2\/users\/2"}],"replies":[{"embeddable":true,"href":"https:\/\/www.europesays.com\/fr\/wp-json\/wp\/v2\/comments?post=234789"}],"version-history":[{"count":0,"href":"https:\/\/www.europesays.com\/fr\/wp-json\/wp\/v2\/posts\/234789\/revisions"}],"wp:featuredmedia":[{"embeddable":true,"href":"https:\/\/www.europesays.com\/fr\/wp-json\/wp\/v2\/media\/234790"}],"wp:attachment":[{"href":"https:\/\/www.europesays.com\/fr\/wp-json\/wp\/v2\/media?parent=234789"}],"wp:term":[{"taxonomy":"category","embeddable":true,"href":"https:\/\/www.europesays.com\/fr\/wp-json\/wp\/v2\/categories?post=234789"},{"taxonomy":"post_tag","embeddable":true,"href":"https:\/\/www.europesays.com\/fr\/wp-json\/wp\/v2\/tags?post=234789"}],"curies":[{"name":"wp","href":"https:\/\/api.w.org\/{rel}","templated":true}]}}