{"id":234793,"date":"2025-07-08T09:35:11","date_gmt":"2025-07-08T09:35:11","guid":{"rendered":"https:\/\/www.europesays.com\/fr\/234793\/"},"modified":"2025-07-08T09:35:11","modified_gmt":"2025-07-08T09:35:11","slug":"metropole-de-lyon-un-nouveau-contrat-eau-et-climat-a-286-millions-deuros","status":"publish","type":"post","link":"https:\/\/www.europesays.com\/fr\/234793\/","title":{"rendered":"M\u00e9tropole de Lyon. Un nouveau contrat eau et climat \u00e0 286 millions d&rsquo;euros"},"content":{"rendered":"<p><img loading=\"lazy\" decoding=\"async\" alt=\"\u00a9 M\u00e9tropole de Lyon - Sur le pr\u00e9c\u00e9dent contrat Eau et Climat 2022-2024, des dizaines de macarons &quot;Ici commence le fleuve&quot; ont \u00e9t\u00e9 pos\u00e9s pour sensibiliser les citoyens \u00e0 l'importance de la ressource.\" data-zoom-src=\"https:\/\/www.europesays.com\/fr\/wp-content\/uploads\/2025\/07\/initial-macaron-ici-commence-le-fleuve-credit-metropole-de-lyon.jpg\" data-zoomable=\"\" height=\"702\" src=\"https:\/\/www.europesays.com\/fr\/wp-content\/uploads\/2025\/07\/initial-macaron-ici-commence-le-fleuve-credit-metropole-de-lyon.jpg\" width=\"1248\"\/>  <\/p>\n<p class=\"article-desc\">\u00a9 M\u00e9tropole de Lyon &#8211; Sur le pr\u00e9c\u00e9dent contrat Eau et Climat 2022-2024, des dizaines de macarons \u00ab\u00a0Ici commence le fleuve\u00a0\u00bb ont \u00e9t\u00e9 pos\u00e9s pour sensibiliser les citoyens \u00e0 l&rsquo;importance de la ressource. <\/p>\n<p>Face aux <strong>enjeux climatiques<\/strong> et \u00e0 la n\u00e9cessit\u00e9 d&rsquo;une <strong>gestion durable de la ressource en eau<\/strong>, le <strong>nouveau contrat eau et climat <\/strong>pour la p\u00e9riode 2025-2027 renforce le partenariat entre la<strong> M\u00e9tropole de Lyon et l&rsquo;Agence de l&rsquo;eau Rh\u00f4ne M\u00e9diterran\u00e9e Corse<\/strong>. <\/p>\n<p>Nouveau contrat eau et climat de la M\u00e9tropole de Lyon : 190 actions pour 2025-2027 <\/p>\n<p>Sur trois ans, <strong>190 actions <\/strong>seront d\u00e9ploy\u00e9es, ce qui repr\u00e9sente un <strong>effort d&rsquo;investissement de 286 millions d&rsquo;euros<\/strong>, dont 53,9 millions d&rsquo;euros financ\u00e9s par l&rsquo;agence de l&rsquo;eau. <\/p>\n<p>Le programme d&rsquo;actions vise \u00e0 r\u00e9pondre \u00e0 <strong>cinq enjeux majeurs<\/strong>\u2009: <\/p>\n<ol>\n<li>Pr\u00e9server les milieux aquatiques et humides. <\/li>\n<li>Prot\u00e9ger la ressource en eau. <\/li>\n<li>D\u00e9velopper massivement la ville perm\u00e9able. <\/li>\n<li>Moderniser les r\u00e9seaux d&rsquo;assainissement. <\/li>\n<li>R\u00e9duire les pollutions \u00e0 la source.<\/li>\n<\/ol>\n<p>Un volet sp\u00e9cifique est \u00e9galement pr\u00e9vu en direction des citoyens avec de la sensibilisation et des formations. Dans le cadre du nouveau contrat, plus de 5,8 kilom\u00e8tres de lin\u00e9aire de cours d&rsquo;eau seront restaur\u00e9s, <strong>60 hectares seront d\u00e9simperm\u00e9abilis\u00e9s<\/strong>, deux millions de m3 d&rsquo;<strong>eau potable<\/strong> en moins seront pr\u00e9lev\u00e9s par Eau du Grand Lyon\u2026<\/p>\n<p><strong>Bruno Bernard <\/strong>a estim\u00e9 que \u00ab\u00a0les chantiers programm\u00e9s \u00e9taient essentiels pour adapter durablement notre territoire aux bouleversements en cours\u00a0\u00bb.\u00a0<\/p>\n<p> Agir sur tous les enjeux du cycle de l&rsquo;eau <\/p>\n<p>\u00ab\u00a0Ce contrat est bien plus qu&rsquo;un engagement financier. Il traduit une m\u00e9thode, une vision et une ambition pour l&rsquo;avenir. Car mettre l&rsquo;eau au c\u0153ur de notre territoire, c&rsquo;est mettre la vie au c\u0153ur du projet m\u00e9tropolitain\u00a0\u00bb, a d\u00e9clar\u00e9 le pr\u00e9sident de la M\u00e9tropole de Lyon. <\/p>\n<p>Une vision partag\u00e9e par <strong>Anne Grosperrin<\/strong>, vice-pr\u00e9sidente d\u00e9l\u00e9gu\u00e9e \u00e0 l&rsquo;eau et pr\u00e9sidente d&rsquo;<strong>Eau du Grand Lyon<\/strong>, qui a affirm\u00e9 :\u00a0\u00ab\u00a0Le contrat eau et climat 2025\u20132027 nous permet d&rsquo;agir avec ambition sur tous les enjeux du cycle de l&rsquo;eau et soutient des projets embl\u00e9matiques. Il appuie aussi des d\u00e9marches plus r\u00e9centes mais indispensables, comme la lutte contre les substances toxiques ou l&rsquo;accompagnement des agriculteurs pour pr\u00e9server et reconqu\u00e9rir la qualit\u00e9 des ressources dans les aires d&rsquo;alimentation des captages\u00a0\u00bb.<\/p>\n<p> Un taux de r\u00e9alisation de 97,5 % du premier contrat eau et climat de la m\u00e9tropole lyonnaise <\/p>\n<p>Le <a href=\"https:\/\/mesinfos.fr\/auvergne-rhone-alpes\/metropole-de-lyon-un-contrat-a-100-millions-deuros-avec-lagence-de-leau-112841.html\" target=\"_blank\" rel=\"noopener\">premier contrat eau et climat 2022\u20132024<\/a> a d\u00e9j\u00e0 permis d&rsquo;effectuer une partie du chemin avec plus de <strong>194 projets r\u00e9alis\u00e9s<\/strong>. <\/p>\n<p>Ainsi, 97,3 hectares ont \u00e9t\u00e9 d\u00e9simperm\u00e9abilis\u00e9s pour<strong> favoriser l&rsquo;infiltration de l&rsquo;eau dans le sol<\/strong>, cinq kilom\u00e8tres de r\u00e9seaux d&rsquo;assainissement ont \u00e9t\u00e9 r\u00e9nov\u00e9s, 57 sites industriels prioritaires et 15 sites m\u00e9tropolitains ont \u00e9t\u00e9 diagnostiqu\u00e9s donnant lieu \u00e0 23 r\u00e9gularisations pour des mises en conformit\u00e9, 265 agents ont \u00e9t\u00e9 form\u00e9s pour mener 74 op\u00e9rations de sensibilisation, et des <strong>macarons \u00ab\u00a0Ici commence le fleuve\u00a0\u00bb <\/strong>et <strong>\u00ab\u00a0Ici l&rsquo;eau s&rsquo;infiltre\u00a0\u00bb<\/strong> ont \u00e9t\u00e9 pos\u00e9s. <\/p>\n<p>Ce pr\u00e9c\u00e9dent contrat d&rsquo;un montant de 100 millions d&rsquo;euros a b\u00e9n\u00e9fici\u00e9 de 28,1 millions d&rsquo;euros de subventions.<\/p>\n","protected":false},"excerpt":{"rendered":"\u00a9 M\u00e9tropole de Lyon &#8211; Sur le pr\u00e9c\u00e9dent contrat Eau et Climat 2022-2024, des dizaines de macarons \u00ab\u00a0Ici&hellip;\n","protected":false},"author":2,"featured_media":234794,"comment_status":"","ping_status":"","sticky":false,"template":"","format":"standard","meta":{"footnotes":""},"categories":[1889],"tags":[1111,11,37343,2430,1129,4858,1777,674,1011,27,2428,13099,12,25],"class_list":{"0":"post-234793","1":"post","2":"type-post","3":"status-publish","4":"format-standard","5":"has-post-thumbnail","7":"category-lyon","8":"tag-actu","9":"tag-actualites","10":"tag-agence-de-leau-rhu00f4ne-mu00e9diterranu00e9e-corse","11":"tag-auvergne-rhone-alpes","12":"tag-climat","13":"tag-eau","14":"tag-eu","15":"tag-europe","16":"tag-fr","17":"tag-france","18":"tag-lyon","19":"tag-mu00e9tropole-de-lyon","20":"tag-news","21":"tag-republique-francaise"},"share_on_mastodon":{"url":"https:\/\/pubeurope.com\/@fr\/114816937161561657","error":""},"_links":{"self":[{"href":"https:\/\/www.europesays.com\/fr\/wp-json\/wp\/v2\/posts\/234793","targetHints":{"allow":["GET"]}}],"collection":[{"href":"https:\/\/www.europesays.com\/fr\/wp-json\/wp\/v2\/posts"}],"about":[{"href":"https:\/\/www.europesays.com\/fr\/wp-json\/wp\/v2\/types\/post"}],"author":[{"embeddable":true,"href":"https:\/\/www.europesays.com\/fr\/wp-json\/wp\/v2\/users\/2"}],"replies":[{"embeddable":true,"href":"https:\/\/www.europesays.com\/fr\/wp-json\/wp\/v2\/comments?post=234793"}],"version-history":[{"count":0,"href":"https:\/\/www.europesays.com\/fr\/wp-json\/wp\/v2\/posts\/234793\/revisions"}],"wp:featuredmedia":[{"embeddable":true,"href":"https:\/\/www.europesays.com\/fr\/wp-json\/wp\/v2\/media\/234794"}],"wp:attachment":[{"href":"https:\/\/www.europesays.com\/fr\/wp-json\/wp\/v2\/media?parent=234793"}],"wp:term":[{"taxonomy":"category","embeddable":true,"href":"https:\/\/www.europesays.com\/fr\/wp-json\/wp\/v2\/categories?post=234793"},{"taxonomy":"post_tag","embeddable":true,"href":"https:\/\/www.europesays.com\/fr\/wp-json\/wp\/v2\/tags?post=234793"}],"curies":[{"name":"wp","href":"https:\/\/api.w.org\/{rel}","templated":true}]}}